{"id":2348,"date":"2013-11-22T15:07:08","date_gmt":"2013-11-22T17:07:08","guid":{"rendered":"http:\/\/lappis.org.br\/site\/2013\/11\/22\/x-jornadas-nacionais-de-debate-de-interdisciplinaridade-em-saude-e-populacao\/"},"modified":"2013-11-22T15:07:08","modified_gmt":"2013-11-22T17:07:08","slug":"x-jornadas-nacionais-de-debate-de-interdisciplinaridade-em-saude-e-populacao","status":"publish","type":"post","link":"https:\/\/lappis.org.br\/site\/x-jornadas-nacionais-de-debate-de-interdisciplinaridade-em-saude-e-populacao\/2348","title":{"rendered":"Interdisciplinaridade em Sa\u00fade e Popula\u00e7\u00e3o"},"content":{"rendered":"<div style=\"text-align: justify;\"> \t<img fetchpriority=\"high\" decoding=\"async\" data-attachment-id=\"2344\" data-permalink=\"https:\/\/lappis.org.br\/site\/x-jornadas-nacionais-de-debate-de-interdisciplinaridade-em-saude-e-populacao\/2348\/attachment-alt-308\" data-orig-file=\"https:\/\/lappis.org.br\/site\/wp-content\/uploads\/2013\/11\/x-jornada.jpg\" data-orig-size=\"420,226\" data-comments-opened=\"1\" data-image-meta=\"{&quot;aperture&quot;:&quot;0&quot;,&quot;credit&quot;:&quot;Lappis&quot;,&quot;camera&quot;:&quot;&quot;,&quot;caption&quot;:&quot;&quot;,&quot;created_timestamp&quot;:&quot;1385125463&quot;,&quot;copyright&quot;:&quot;&quot;,&quot;focal_length&quot;:&quot;0&quot;,&quot;iso&quot;:&quot;0&quot;,&quot;shutter_speed&quot;:&quot;0&quot;,&quot;title&quot;:&quot;&quot;,&quot;orientation&quot;:&quot;0&quot;}\" data-image-title=\"alt\" data-image-description=\"\" data-image-caption=\"\" data-medium-file=\"https:\/\/lappis.org.br\/site\/wp-content\/uploads\/2013\/11\/x-jornada-300x161.jpg\" data-large-file=\"https:\/\/lappis.org.br\/site\/wp-content\/uploads\/2013\/11\/x-jornada.jpg\" class=\" alignleft size-full wp-image-2344\" alt=\"alt\" src=\"http:\/\/lappis.org.br\/site\/wp-content\/uploads\/2013\/11\/x-jornada.jpg\" style=\"float: left; margin: 5px;\" width=\"420\" height=\"226\" srcset=\"https:\/\/lappis.org.br\/site\/wp-content\/uploads\/2013\/11\/x-jornada.jpg 420w, https:\/\/lappis.org.br\/site\/wp-content\/uploads\/2013\/11\/x-jornada-300x161.jpg 300w\" sizes=\"(max-width: 420px) 100vw, 420px\" \/>O Laborat\u00f3rio de Pesquisas sobre Pr\u00e1ticas de Integralidade em Sa\u00fade, atrav\u00e9s de Roseni Pinheiro (l\u00edder do Grupo de Pesquisa do CNPq Lappis\/IMS\/Uerj) e Julio Evo (Gestor de Projetos do Lappis\/IMS\/Uerj), est\u00e1 participando da X Jornadas Nacionais de Debate de Interdisciplinaridade em Sa\u00fade e Popula\u00e7\u00e3o.<\/div>\n<div style=\"text-align: justify;\"> \t\u00a0<\/div>\n<div style=\"text-align: justify;\"> \tO evento, organizado pelo Instituto de Investiga\u00e7\u00e3o Gino Germani, da Universidade de Buenos Aires\/Argentina, reuniu especialistas em sa\u00fade coletiva, nos dias 21 e 22 de novembro.<\/div>\n<div> \t\u00a0<\/div>\n<div style=\"text-align: justify;\"> \tNo primeiro dia da Jornada, Roseni Pinheiro participou da mesa de debate<em>Experi\u00eancias alternativas de gest\u00e3o e forma\u00e7\u00e3o no campo da sa\u00fade: caminhos percorridos e principais conflitos e desafios existentes<\/em>, que contribuiu para a constru\u00e7\u00e3o de uma agenda pol\u00edtica sanit\u00e1ria que colabore com o enfrentamento dos desafios da sa\u00fade na Argentina. A atividade teve por finalidade dialogar sobre distintas experi\u00eancias que est\u00e3o se desenvolvendo na Argentina desde a primeira d\u00e9cada do s\u00e9culo XXI, de acordo com os novos enfoques de sa\u00fade, tanto na forma\u00e7\u00e3o de quadros profissionais como na de gest\u00e3o das institui\u00e7\u00f5es. A proposta do encontro foi analisar os caminhos percorridos, as li\u00e7\u00f5es aprendidas e os conflitos entre os atores, prestando aten\u00e7\u00e3o especial nas dificuldades enfrentadas na hora de implementar as a\u00e7\u00f5es no campo da sa\u00fade.<\/div>\n<div style=\"text-align: justify;\"> \t<img decoding=\"async\" data-attachment-id=\"2345\" data-permalink=\"https:\/\/lappis.org.br\/site\/x-jornadas-nacionais-de-debate-de-interdisciplinaridade-em-saude-e-populacao\/2348\/attachment-alt-309\" data-orig-file=\"https:\/\/lappis.org.br\/site\/wp-content\/uploads\/2013\/11\/x-jornada-roseni.jpg\" data-orig-size=\"420,226\" data-comments-opened=\"1\" data-image-meta=\"{&quot;aperture&quot;:&quot;0&quot;,&quot;credit&quot;:&quot;Lappis&quot;,&quot;camera&quot;:&quot;&quot;,&quot;caption&quot;:&quot;&quot;,&quot;created_timestamp&quot;:&quot;1385125463&quot;,&quot;copyright&quot;:&quot;&quot;,&quot;focal_length&quot;:&quot;0&quot;,&quot;iso&quot;:&quot;0&quot;,&quot;shutter_speed&quot;:&quot;0&quot;,&quot;title&quot;:&quot;&quot;,&quot;orientation&quot;:&quot;0&quot;}\" data-image-title=\"alt\" data-image-description=\"\" data-image-caption=\"\" data-medium-file=\"https:\/\/lappis.org.br\/site\/wp-content\/uploads\/2013\/11\/x-jornada-roseni-300x161.jpg\" data-large-file=\"https:\/\/lappis.org.br\/site\/wp-content\/uploads\/2013\/11\/x-jornada-roseni.jpg\" class=\" alignright size-full wp-image-2345\" alt=\"alt\" src=\"http:\/\/lappis.org.br\/site\/wp-content\/uploads\/2013\/11\/x-jornada-roseni.jpg\" style=\"margin: 5px; float: right;\" width=\"420\" height=\"226\" srcset=\"https:\/\/lappis.org.br\/site\/wp-content\/uploads\/2013\/11\/x-jornada-roseni.jpg 420w, https:\/\/lappis.org.br\/site\/wp-content\/uploads\/2013\/11\/x-jornada-roseni-300x161.jpg 300w\" sizes=\"(max-width: 420px) 100vw, 420px\" \/> \t<\/p>\n<div> \t\t\u00a0<\/div>\n<p> \t\u00a0<br \/> \t&#8220;Estamos vivendo um momento importante, de experiencia\u00e7\u00e3o. Aqui temos um solo epistemol\u00f3gico de constru\u00e7\u00e3o e circula\u00e7\u00e3o de di\u00e1logos e pr\u00e1ticas onde a quest\u00e3o hist\u00f3rica est\u00e1 sendo acoplada na decis\u00e3o sobre que mundo queremos viver e com quem queremos compartilhar este mundo. \u00c9 hora de dialogar sobre qual ci\u00eancia estamos produzindo e circulando, para efetivamente colocar essas quest\u00f5es praticas&#8221;, contribuiu Roseni Pinheiro, durante o debate.\u00a0<\/div>\n<div style=\"text-align: justify;\"> \t\u00a0<\/div>\n<div style=\"text-align: justify;\"> \t<strong>Ana L\u00eda Komblit \u00e9 premiada<\/strong><br \/> \t\u00a0<\/div>\n<div style=\"text-align: justify;\"> \t<img decoding=\"async\" data-attachment-id=\"2346\" data-permalink=\"https:\/\/lappis.org.br\/site\/x-jornadas-nacionais-de-debate-de-interdisciplinaridade-em-saude-e-populacao\/2348\/attachment-alt-310\" data-orig-file=\"https:\/\/lappis.org.br\/site\/wp-content\/uploads\/2013\/11\/x-jornada-premio.jpg\" data-orig-size=\"420,226\" data-comments-opened=\"1\" data-image-meta=\"{&quot;aperture&quot;:&quot;0&quot;,&quot;credit&quot;:&quot;Lappis&quot;,&quot;camera&quot;:&quot;&quot;,&quot;caption&quot;:&quot;&quot;,&quot;created_timestamp&quot;:&quot;1385125463&quot;,&quot;copyright&quot;:&quot;&quot;,&quot;focal_length&quot;:&quot;0&quot;,&quot;iso&quot;:&quot;0&quot;,&quot;shutter_speed&quot;:&quot;0&quot;,&quot;title&quot;:&quot;&quot;,&quot;orientation&quot;:&quot;0&quot;}\" data-image-title=\"alt\" data-image-description=\"\" data-image-caption=\"\" data-medium-file=\"https:\/\/lappis.org.br\/site\/wp-content\/uploads\/2013\/11\/x-jornada-premio-300x161.jpg\" data-large-file=\"https:\/\/lappis.org.br\/site\/wp-content\/uploads\/2013\/11\/x-jornada-premio.jpg\" class=\" alignright size-full wp-image-2346\" alt=\"alt\" src=\"http:\/\/lappis.org.br\/site\/wp-content\/uploads\/2013\/11\/x-jornada-premio.jpg\" style=\"margin: 5px; float: right;\" width=\"420\" height=\"226\" srcset=\"https:\/\/lappis.org.br\/site\/wp-content\/uploads\/2013\/11\/x-jornada-premio.jpg 420w, https:\/\/lappis.org.br\/site\/wp-content\/uploads\/2013\/11\/x-jornada-premio-300x161.jpg 300w\" sizes=\"(max-width: 420px) 100vw, 420px\" \/>No dia 21 de novembro, aconteceu o Pr\u00eamio da Comiss\u00e3o de Sa\u00fade Investigativa, do Minist\u00e9rio da Sa\u00fade da Argentina. Ana L\u00eda Komblit , licenciada em sociologia e em psicologia, m\u00e9dica, doutora em antropologia, graduada na Universidade de Buenos Aires foi uma das agraciadas pela premia\u00e7\u00e3o. Pesquisadora principal do CONICET, com sede no Instituto de Investiga\u00e7\u00e3o Gino Germani da Faculdade Ci\u00eancias Sociais, no qual ela foi diretora. Docente de gradua\u00e7\u00e3o e p\u00f3s-gradua\u00e7\u00e3o de Psicologia da UBA, se desempenhou como consultora da Oficina Panamericana Sanit\u00e1ria, no Programa Lusida, no Projeto Pa\u00eds do Fundo de Luta contra o HIV, a Tuberculose e a Mal\u00e1ria, entre outros institui\u00e7\u00f5es. Recebeu a bolsa Guggenheim e o Pr\u00eamio Bernardo Houssay \u00e0 Trajet\u00f3ria. Ana L\u00eda Komblit publicou diversos livros e artigos na \u00e1rea de sociologia e sa\u00fade, como Som\u00e1tica familiar: Enfermedad org\u00e1nica y familia; Metodolog\u00edas cualitativas; Nuevos estudios en drogadicci\u00f3n; Y el sida est\u00e1 entre nosotros; Gays y lesbianas: Formaci\u00f3n de la identidad y derechos humanos; Adolescencia y salud; La salud y la enfermedad, aspectos biol\u00f3gicos y sociales.<\/div>\n<div style=\"text-align: justify;\"> \t\u00a0<\/div>\n<div style=\"text-align: justify;\"> \t<strong>Segundo dia de X Jornadas<\/strong><br \/> \t\u00a0<\/div>\n<div style=\"text-align: justify;\"> \t<img loading=\"lazy\" decoding=\"async\" data-attachment-id=\"2347\" data-permalink=\"https:\/\/lappis.org.br\/site\/x-jornadas-nacionais-de-debate-de-interdisciplinaridade-em-saude-e-populacao\/2348\/attachment-alt-311\" data-orig-file=\"https:\/\/lappis.org.br\/site\/wp-content\/uploads\/2013\/11\/x-jornada-segundodia.jpg\" data-orig-size=\"420,226\" data-comments-opened=\"1\" data-image-meta=\"{&quot;aperture&quot;:&quot;0&quot;,&quot;credit&quot;:&quot;Lappis&quot;,&quot;camera&quot;:&quot;&quot;,&quot;caption&quot;:&quot;&quot;,&quot;created_timestamp&quot;:&quot;1385125463&quot;,&quot;copyright&quot;:&quot;&quot;,&quot;focal_length&quot;:&quot;0&quot;,&quot;iso&quot;:&quot;0&quot;,&quot;shutter_speed&quot;:&quot;0&quot;,&quot;title&quot;:&quot;&quot;,&quot;orientation&quot;:&quot;0&quot;}\" data-image-title=\"alt\" data-image-description=\"\" data-image-caption=\"\" data-medium-file=\"https:\/\/lappis.org.br\/site\/wp-content\/uploads\/2013\/11\/x-jornada-segundodia-300x161.jpg\" data-large-file=\"https:\/\/lappis.org.br\/site\/wp-content\/uploads\/2013\/11\/x-jornada-segundodia.jpg\" class=\" alignleft size-full wp-image-2347\" alt=\"alt\" src=\"http:\/\/lappis.org.br\/site\/wp-content\/uploads\/2013\/11\/x-jornada-segundodia.jpg\" style=\"margin: 5px; float: left;\" width=\"420\" height=\"226\" srcset=\"https:\/\/lappis.org.br\/site\/wp-content\/uploads\/2013\/11\/x-jornada-segundodia.jpg 420w, https:\/\/lappis.org.br\/site\/wp-content\/uploads\/2013\/11\/x-jornada-segundodia-300x161.jpg 300w\" sizes=\"(max-width: 420px) 100vw, 420px\" \/>A recente incorpora\u00e7\u00e3o de tem\u00e1ticas relacionadas ao processo de sa\u00fade-enfermidade-aten\u00e7\u00e3o entre as principais preocupa\u00e7\u00f5es te\u00f3ricas e emp\u00edricas do campo das ci\u00eancias sociais tem impactado nas \u00faltimas d\u00e9cadas na cria\u00e7\u00e3o e consolida\u00e7\u00e3o de subcampos de pesquisas, como a sociologia da sa\u00fade e a antropologia m\u00e9dica. Por conta disso, a equipe do Lappis esteve participando, no dia 22 de novembro, da palestra A Sa\u00fade das Ci\u00eancias Sociais em Sa\u00fade: barreiras e potencialidades pol\u00edtico-epistemol\u00f3gicas para o trabalho interdisciplinar, que buscou refletir a interdisciplinaridade das ci\u00eancias sociais e humanas em sa\u00fade.\u00a0<\/div>\n<div style=\"text-align: justify;\"> \t\u00a0<\/div>\n<div style=\"text-align: justify;\"> \t<strong>Parceria Lappis e UBA<\/strong><br \/> \tNa parte da tarde, eles estiveram presentes na Reuni\u00e3o de Encerramento e Balan\u00e7o da X Jornada. Na ocasi\u00e3o, Roseni Pinheiro e Julio Evo ajudaram a planejar as <em>Jornadas Nacionais de Debate de Interdisciplinaridade em Sa\u00fade e Popula\u00e7\u00e3<\/em>o de 2014. No pr\u00f3ximo ano, o evento ser\u00e1 binacional, acontecendo junto com o XIV Semin\u00e1rio de Integralidade, realizado pelo Lappis, em Porto Alegre.<\/p>\n<p> \t<strong>Reuni\u00e3o Incubadora<\/strong><br \/> \tNa semana que vem, dia 26 de novembro, a equipe do Lappis participar\u00e1 da Reuni\u00e3o da Incubadora Integralidade, na Universidade de Buenos Aires.<\/div>\n<div> \t\u00a0<\/div>\n","protected":false},"excerpt":{"rendered":"<div class=\"mh-excerpt\"><div style=\"text-align: justify;\"> \t<img loading=\"lazy\" decoding=\"async\" class=\" alignleft size-full wp-image-2344\" alt=\"alt\" src=\"http:\/\/lappis.org.br\/site\/wp-content\/uploads\/2013\/11\/x-jornada.jpg\" style=\"float: left; margin: 5px;\" width=\"420\" height=\"226\" srcset=\"https:\/\/lappis.org.br\/site\/wp-content\/uploads\/2013\/11\/x-jornada.jpg 420w, https:\/\/lappis.org.br\/site\/wp-content\/uploads\/2013\/11\/x-jornada-300x161.jpg 300w\" sizes=\"(max-width: 420px) 100vw, 420px\" \/>O Laborat\u00f3rio de Pesquisas sobre Pr\u00e1ticas de Integralidade em Sa\u00fade, atrav\u00e9s de Roseni Pinheiro (l\u00edder do Grupo de Pesquisa do CNPq Lappis\/IMS\/Uerj) e Julio Evo (Gestor de Projetos do Lappis\/IMS\/Uerj), est\u00e1 participando da X Jornadas Nacionais de Debate de Interdisciplinaridade em Sa\u00fade e Popula\u00e7\u00e3o.<\/div>\n<div style=\"text-align: justify;\"> \t\u00a0<\/div>\n<p>  <a class=\"mh-excerpt-more\" href=\"https:\/\/lappis.org.br\/site\/x-jornadas-nacionais-de-debate-de-interdisciplinaridade-em-saude-e-populacao\/2348\" title=\"Interdisciplinaridade em Sa\u00fade e Popula\u00e7\u00e3o\">[&#8230;]<\/a><\/p>\n<\/div>","protected":false},"author":1,"featured_media":2343,"comment_status":"open","ping_status":"open","sticky":false,"template":"","format":"standard","meta":{"_acf_changed":false,"_exactmetrics_skip_tracking":false,"_exactmetrics_sitenote_active":false,"_exactmetrics_sitenote_note":"","_exactmetrics_sitenote_category":0,"jetpack_post_was_ever_published":false,"_jetpack_newsletter_access":"","_jetpack_dont_email_post_to_subs":false,"_jetpack_newsletter_tier_id":0,"_jetpack_memberships_contains_paywalled_content":false,"_jetpack_memberships_contains_paid_content":false,"footnotes":"","jetpack_publicize_message":"","jetpack_publicize_feature_enabled":true,"jetpack_social_post_already_shared":false,"jetpack_social_options":{"image_generator_settings":{"template":"highway","enabled":false},"version":2}},"categories":[8],"tags":[],"class_list":{"0":"post-2348","1":"post","2":"type-post","3":"status-publish","4":"format-standard","5":"has-post-thumbnail","7":"category-noticia"},"jetpack_publicize_connections":[],"acf":[],"yoast_head":"<!-- This site is optimized with the Yoast SEO plugin v25.2 - https:\/\/yoast.com\/wordpress\/plugins\/seo\/ -->\n<title>Interdisciplinaridade em Sa\u00fade e Popula\u00e7\u00e3o - Lappis 25 anos<\/title>\n<meta name=\"robots\" content=\"index, follow, max-snippet:-1, max-image-preview:large, max-video-preview:-1\" \/>\n<link rel=\"canonical\" href=\"https:\/\/lappis.org.br\/site\/x-jornadas-nacionais-de-debate-de-interdisciplinaridade-em-saude-e-populacao\/2348\" \/>\n<meta property=\"og:locale\" content=\"pt_BR\" \/>\n<meta property=\"og:type\" content=\"article\" \/>\n<meta property=\"og:title\" content=\"Interdisciplinaridade em Sa\u00fade e Popula\u00e7\u00e3o - Lappis 25 anos\" \/>\n<meta property=\"og:description\" content=\"O Laborat\u00f3rio de Pesquisas sobre Pr\u00e1ticas de Integralidade em Sa\u00fade, atrav\u00e9s de Roseni Pinheiro (l\u00edder do Grupo de Pesquisa do CNPq Lappis\/IMS\/Uerj) e Julio Evo (Gestor de Projetos do Lappis\/IMS\/Uerj), est\u00e1 participando da X Jornadas Nacionais de Debate de Interdisciplinaridade em Sa\u00fade e Popula\u00e7\u00e3o.  \u00a0 [...]\" \/>\n<meta property=\"og:url\" content=\"https:\/\/lappis.org.br\/site\/x-jornadas-nacionais-de-debate-de-interdisciplinaridade-em-saude-e-populacao\/2348\" \/>\n<meta property=\"og:site_name\" content=\"Lappis 25 anos\" \/>\n<meta property=\"article:published_time\" content=\"2013-11-22T17:07:08+00:00\" \/>\n<meta property=\"og:image\" content=\"https:\/\/lappis.org.br\/site\/wp-content\/uploads\/2013\/11\/x-jornada.jpg\" \/>\n\t<meta property=\"og:image:width\" content=\"420\" \/>\n\t<meta property=\"og:image:height\" content=\"226\" \/>\n\t<meta property=\"og:image:type\" content=\"image\/jpeg\" \/>\n<meta name=\"author\" content=\"fw2\" \/>\n<meta name=\"twitter:card\" content=\"summary_large_image\" \/>\n<meta name=\"twitter:label1\" content=\"Escrito por\" \/>\n\t<meta name=\"twitter:data1\" content=\"fw2\" \/>\n\t<meta name=\"twitter:label2\" content=\"Est. tempo de leitura\" \/>\n\t<meta name=\"twitter:data2\" content=\"4 minutos\" \/>\n<script type=\"application\/ld+json\" class=\"yoast-schema-graph\">{\"@context\":\"https:\/\/schema.org\",\"@graph\":[{\"@type\":\"Article\",\"@id\":\"https:\/\/lappis.org.br\/site\/x-jornadas-nacionais-de-debate-de-interdisciplinaridade-em-saude-e-populacao\/2348#article\",\"isPartOf\":{\"@id\":\"https:\/\/lappis.org.br\/site\/x-jornadas-nacionais-de-debate-de-interdisciplinaridade-em-saude-e-populacao\/2348\"},\"author\":{\"name\":\"fw2\",\"@id\":\"https:\/\/lappis.org.br\/site\/#\/schema\/person\/3852381d08284b5e2716b20bd89bdbcf\"},\"headline\":\"Interdisciplinaridade em Sa\u00fade e Popula\u00e7\u00e3o\",\"datePublished\":\"2013-11-22T17:07:08+00:00\",\"mainEntityOfPage\":{\"@id\":\"https:\/\/lappis.org.br\/site\/x-jornadas-nacionais-de-debate-de-interdisciplinaridade-em-saude-e-populacao\/2348\"},\"wordCount\":715,\"commentCount\":0,\"publisher\":{\"@id\":\"https:\/\/lappis.org.br\/site\/#organization\"},\"image\":{\"@id\":\"https:\/\/lappis.org.br\/site\/x-jornadas-nacionais-de-debate-de-interdisciplinaridade-em-saude-e-populacao\/2348#primaryimage\"},\"thumbnailUrl\":\"https:\/\/lappis.org.br\/site\/wp-content\/uploads\/2013\/11\/x-jornada.jpg\",\"articleSection\":[\"Not\u00edcia\"],\"inLanguage\":\"pt-BR\",\"potentialAction\":[{\"@type\":\"CommentAction\",\"name\":\"Comment\",\"target\":[\"https:\/\/lappis.org.br\/site\/x-jornadas-nacionais-de-debate-de-interdisciplinaridade-em-saude-e-populacao\/2348#respond\"]}]},{\"@type\":\"WebPage\",\"@id\":\"https:\/\/lappis.org.br\/site\/x-jornadas-nacionais-de-debate-de-interdisciplinaridade-em-saude-e-populacao\/2348\",\"url\":\"https:\/\/lappis.org.br\/site\/x-jornadas-nacionais-de-debate-de-interdisciplinaridade-em-saude-e-populacao\/2348\",\"name\":\"Interdisciplinaridade em Sa\u00fade e Popula\u00e7\u00e3o - Lappis 25 anos\",\"isPartOf\":{\"@id\":\"https:\/\/lappis.org.br\/site\/#website\"},\"primaryImageOfPage\":{\"@id\":\"https:\/\/lappis.org.br\/site\/x-jornadas-nacionais-de-debate-de-interdisciplinaridade-em-saude-e-populacao\/2348#primaryimage\"},\"image\":{\"@id\":\"https:\/\/lappis.org.br\/site\/x-jornadas-nacionais-de-debate-de-interdisciplinaridade-em-saude-e-populacao\/2348#primaryimage\"},\"thumbnailUrl\":\"https:\/\/lappis.org.br\/site\/wp-content\/uploads\/2013\/11\/x-jornada.jpg\",\"datePublished\":\"2013-11-22T17:07:08+00:00\",\"breadcrumb\":{\"@id\":\"https:\/\/lappis.org.br\/site\/x-jornadas-nacionais-de-debate-de-interdisciplinaridade-em-saude-e-populacao\/2348#breadcrumb\"},\"inLanguage\":\"pt-BR\",\"potentialAction\":[{\"@type\":\"ReadAction\",\"target\":[\"https:\/\/lappis.org.br\/site\/x-jornadas-nacionais-de-debate-de-interdisciplinaridade-em-saude-e-populacao\/2348\"]}]},{\"@type\":\"ImageObject\",\"inLanguage\":\"pt-BR\",\"@id\":\"https:\/\/lappis.org.br\/site\/x-jornadas-nacionais-de-debate-de-interdisciplinaridade-em-saude-e-populacao\/2348#primaryimage\",\"url\":\"https:\/\/lappis.org.br\/site\/wp-content\/uploads\/2013\/11\/x-jornada.jpg\",\"contentUrl\":\"https:\/\/lappis.org.br\/site\/wp-content\/uploads\/2013\/11\/x-jornada.jpg\",\"width\":420,\"height\":226,\"caption\":\"alt\"},{\"@type\":\"BreadcrumbList\",\"@id\":\"https:\/\/lappis.org.br\/site\/x-jornadas-nacionais-de-debate-de-interdisciplinaridade-em-saude-e-populacao\/2348#breadcrumb\",\"itemListElement\":[{\"@type\":\"ListItem\",\"position\":1,\"name\":\"In\u00edcio\",\"item\":\"https:\/\/lappis.org.br\/site\/\"},{\"@type\":\"ListItem\",\"position\":2,\"name\":\"Interdisciplinaridade em Sa\u00fade e Popula\u00e7\u00e3o\"}]},{\"@type\":\"WebSite\",\"@id\":\"https:\/\/lappis.org.br\/site\/#website\",\"url\":\"https:\/\/lappis.org.br\/site\/\",\"name\":\"Lappis 25 anos\",\"description\":\"Labotat\u00f3rio de Pesquisas sobre Pr\u00e1ticas de Integralidade em Sa\u00fade\",\"publisher\":{\"@id\":\"https:\/\/lappis.org.br\/site\/#organization\"},\"potentialAction\":[{\"@type\":\"SearchAction\",\"target\":{\"@type\":\"EntryPoint\",\"urlTemplate\":\"https:\/\/lappis.org.br\/site\/?s={search_term_string}\"},\"query-input\":{\"@type\":\"PropertyValueSpecification\",\"valueRequired\":true,\"valueName\":\"search_term_string\"}}],\"inLanguage\":\"pt-BR\"},{\"@type\":\"Organization\",\"@id\":\"https:\/\/lappis.org.br\/site\/#organization\",\"name\":\"Lappis 25 anos\",\"url\":\"https:\/\/lappis.org.br\/site\/\",\"logo\":{\"@type\":\"ImageObject\",\"inLanguage\":\"pt-BR\",\"@id\":\"https:\/\/lappis.org.br\/site\/#\/schema\/logo\/image\/\",\"url\":\"https:\/\/lappis.org.br\/site\/wp-content\/uploads\/2025\/03\/logo-lappis25anos.png\",\"contentUrl\":\"https:\/\/lappis.org.br\/site\/wp-content\/uploads\/2025\/03\/logo-lappis25anos.png\",\"width\":388,\"height\":146,\"caption\":\"Lappis 25 anos\"},\"image\":{\"@id\":\"https:\/\/lappis.org.br\/site\/#\/schema\/logo\/image\/\"}},{\"@type\":\"Person\",\"@id\":\"https:\/\/lappis.org.br\/site\/#\/schema\/person\/3852381d08284b5e2716b20bd89bdbcf\",\"name\":\"fw2\",\"image\":{\"@type\":\"ImageObject\",\"inLanguage\":\"pt-BR\",\"@id\":\"https:\/\/lappis.org.br\/site\/#\/schema\/person\/image\/\",\"url\":\"https:\/\/secure.gravatar.com\/avatar\/c38472c0cdbde82d9b6fcc26adb3779d?s=96&d=mm&r=g\",\"contentUrl\":\"https:\/\/secure.gravatar.com\/avatar\/c38472c0cdbde82d9b6fcc26adb3779d?s=96&d=mm&r=g\",\"caption\":\"fw2\"},\"url\":\"https:\/\/lappis.org.br\/site\/author\/fw2\"}]}<\/script>\n<!-- \/ Yoast SEO plugin. -->","yoast_head_json":{"title":"Interdisciplinaridade em Sa\u00fade e Popula\u00e7\u00e3o - Lappis 25 anos","robots":{"index":"index","follow":"follow","max-snippet":"max-snippet:-1","max-image-preview":"max-image-preview:large","max-video-preview":"max-video-preview:-1"},"canonical":"https:\/\/lappis.org.br\/site\/x-jornadas-nacionais-de-debate-de-interdisciplinaridade-em-saude-e-populacao\/2348","og_locale":"pt_BR","og_type":"article","og_title":"Interdisciplinaridade em Sa\u00fade e Popula\u00e7\u00e3o - Lappis 25 anos","og_description":"O Laborat\u00f3rio de Pesquisas sobre Pr\u00e1ticas de Integralidade em Sa\u00fade, atrav\u00e9s de Roseni Pinheiro (l\u00edder do Grupo de Pesquisa do CNPq Lappis\/IMS\/Uerj) e Julio Evo (Gestor de Projetos do Lappis\/IMS\/Uerj), est\u00e1 participando da X Jornadas Nacionais de Debate de Interdisciplinaridade em Sa\u00fade e Popula\u00e7\u00e3o.  \u00a0 [...]","og_url":"https:\/\/lappis.org.br\/site\/x-jornadas-nacionais-de-debate-de-interdisciplinaridade-em-saude-e-populacao\/2348","og_site_name":"Lappis 25 anos","article_published_time":"2013-11-22T17:07:08+00:00","og_image":[{"width":420,"height":226,"url":"https:\/\/lappis.org.br\/site\/wp-content\/uploads\/2013\/11\/x-jornada.jpg","type":"image\/jpeg"}],"author":"fw2","twitter_card":"summary_large_image","twitter_misc":{"Escrito por":"fw2","Est. tempo de leitura":"4 minutos"},"schema":{"@context":"https:\/\/schema.org","@graph":[{"@type":"Article","@id":"https:\/\/lappis.org.br\/site\/x-jornadas-nacionais-de-debate-de-interdisciplinaridade-em-saude-e-populacao\/2348#article","isPartOf":{"@id":"https:\/\/lappis.org.br\/site\/x-jornadas-nacionais-de-debate-de-interdisciplinaridade-em-saude-e-populacao\/2348"},"author":{"name":"fw2","@id":"https:\/\/lappis.org.br\/site\/#\/schema\/person\/3852381d08284b5e2716b20bd89bdbcf"},"headline":"Interdisciplinaridade em Sa\u00fade e Popula\u00e7\u00e3o","datePublished":"2013-11-22T17:07:08+00:00","mainEntityOfPage":{"@id":"https:\/\/lappis.org.br\/site\/x-jornadas-nacionais-de-debate-de-interdisciplinaridade-em-saude-e-populacao\/2348"},"wordCount":715,"commentCount":0,"publisher":{"@id":"https:\/\/lappis.org.br\/site\/#organization"},"image":{"@id":"https:\/\/lappis.org.br\/site\/x-jornadas-nacionais-de-debate-de-interdisciplinaridade-em-saude-e-populacao\/2348#primaryimage"},"thumbnailUrl":"https:\/\/lappis.org.br\/site\/wp-content\/uploads\/2013\/11\/x-jornada.jpg","articleSection":["Not\u00edcia"],"inLanguage":"pt-BR","potentialAction":[{"@type":"CommentAction","name":"Comment","target":["https:\/\/lappis.org.br\/site\/x-jornadas-nacionais-de-debate-de-interdisciplinaridade-em-saude-e-populacao\/2348#respond"]}]},{"@type":"WebPage","@id":"https:\/\/lappis.org.br\/site\/x-jornadas-nacionais-de-debate-de-interdisciplinaridade-em-saude-e-populacao\/2348","url":"https:\/\/lappis.org.br\/site\/x-jornadas-nacionais-de-debate-de-interdisciplinaridade-em-saude-e-populacao\/2348","name":"Interdisciplinaridade em Sa\u00fade e Popula\u00e7\u00e3o - Lappis 25 anos","isPartOf":{"@id":"https:\/\/lappis.org.br\/site\/#website"},"primaryImageOfPage":{"@id":"https:\/\/lappis.org.br\/site\/x-jornadas-nacionais-de-debate-de-interdisciplinaridade-em-saude-e-populacao\/2348#primaryimage"},"image":{"@id":"https:\/\/lappis.org.br\/site\/x-jornadas-nacionais-de-debate-de-interdisciplinaridade-em-saude-e-populacao\/2348#primaryimage"},"thumbnailUrl":"https:\/\/lappis.org.br\/site\/wp-content\/uploads\/2013\/11\/x-jornada.jpg","datePublished":"2013-11-22T17:07:08+00:00","breadcrumb":{"@id":"https:\/\/lappis.org.br\/site\/x-jornadas-nacionais-de-debate-de-interdisciplinaridade-em-saude-e-populacao\/2348#breadcrumb"},"inLanguage":"pt-BR","potentialAction":[{"@type":"ReadAction","target":["https:\/\/lappis.org.br\/site\/x-jornadas-nacionais-de-debate-de-interdisciplinaridade-em-saude-e-populacao\/2348"]}]},{"@type":"ImageObject","inLanguage":"pt-BR","@id":"https:\/\/lappis.org.br\/site\/x-jornadas-nacionais-de-debate-de-interdisciplinaridade-em-saude-e-populacao\/2348#primaryimage","url":"https:\/\/lappis.org.br\/site\/wp-content\/uploads\/2013\/11\/x-jornada.jpg","contentUrl":"https:\/\/lappis.org.br\/site\/wp-content\/uploads\/2013\/11\/x-jornada.jpg","width":420,"height":226,"caption":"alt"},{"@type":"BreadcrumbList","@id":"https:\/\/lappis.org.br\/site\/x-jornadas-nacionais-de-debate-de-interdisciplinaridade-em-saude-e-populacao\/2348#breadcrumb","itemListElement":[{"@type":"ListItem","position":1,"name":"In\u00edcio","item":"https:\/\/lappis.org.br\/site\/"},{"@type":"ListItem","position":2,"name":"Interdisciplinaridade em Sa\u00fade e Popula\u00e7\u00e3o"}]},{"@type":"WebSite","@id":"https:\/\/lappis.org.br\/site\/#website","url":"https:\/\/lappis.org.br\/site\/","name":"Lappis 25 anos","description":"Labotat\u00f3rio de Pesquisas sobre Pr\u00e1ticas de Integralidade em Sa\u00fade","publisher":{"@id":"https:\/\/lappis.org.br\/site\/#organization"},"potentialAction":[{"@type":"SearchAction","target":{"@type":"EntryPoint","urlTemplate":"https:\/\/lappis.org.br\/site\/?s={search_term_string}"},"query-input":{"@type":"PropertyValueSpecification","valueRequired":true,"valueName":"search_term_string"}}],"inLanguage":"pt-BR"},{"@type":"Organization","@id":"https:\/\/lappis.org.br\/site\/#organization","name":"Lappis 25 anos","url":"https:\/\/lappis.org.br\/site\/","logo":{"@type":"ImageObject","inLanguage":"pt-BR","@id":"https:\/\/lappis.org.br\/site\/#\/schema\/logo\/image\/","url":"https:\/\/lappis.org.br\/site\/wp-content\/uploads\/2025\/03\/logo-lappis25anos.png","contentUrl":"https:\/\/lappis.org.br\/site\/wp-content\/uploads\/2025\/03\/logo-lappis25anos.png","width":388,"height":146,"caption":"Lappis 25 anos"},"image":{"@id":"https:\/\/lappis.org.br\/site\/#\/schema\/logo\/image\/"}},{"@type":"Person","@id":"https:\/\/lappis.org.br\/site\/#\/schema\/person\/3852381d08284b5e2716b20bd89bdbcf","name":"fw2","image":{"@type":"ImageObject","inLanguage":"pt-BR","@id":"https:\/\/lappis.org.br\/site\/#\/schema\/person\/image\/","url":"https:\/\/secure.gravatar.com\/avatar\/c38472c0cdbde82d9b6fcc26adb3779d?s=96&d=mm&r=g","contentUrl":"https:\/\/secure.gravatar.com\/avatar\/c38472c0cdbde82d9b6fcc26adb3779d?s=96&d=mm&r=g","caption":"fw2"},"url":"https:\/\/lappis.org.br\/site\/author\/fw2"}]}},"jetpack_featured_media_url":"https:\/\/lappis.org.br\/site\/wp-content\/uploads\/2013\/11\/x-jornada.jpg","jetpack_shortlink":"https:\/\/wp.me\/p954Nh-BS","jetpack_sharing_enabled":true,"_links":{"self":[{"href":"https:\/\/lappis.org.br\/site\/wp-json\/wp\/v2\/posts\/2348"}],"collection":[{"href":"https:\/\/lappis.org.br\/site\/wp-json\/wp\/v2\/posts"}],"about":[{"href":"https:\/\/lappis.org.br\/site\/wp-json\/wp\/v2\/types\/post"}],"author":[{"embeddable":true,"href":"https:\/\/lappis.org.br\/site\/wp-json\/wp\/v2\/users\/1"}],"replies":[{"embeddable":true,"href":"https:\/\/lappis.org.br\/site\/wp-json\/wp\/v2\/comments?post=2348"}],"version-history":[{"count":0,"href":"https:\/\/lappis.org.br\/site\/wp-json\/wp\/v2\/posts\/2348\/revisions"}],"wp:featuredmedia":[{"embeddable":true,"href":"https:\/\/lappis.org.br\/site\/wp-json\/wp\/v2\/media\/2343"}],"wp:attachment":[{"href":"https:\/\/lappis.org.br\/site\/wp-json\/wp\/v2\/media?parent=2348"}],"wp:term":[{"taxonomy":"category","embeddable":true,"href":"https:\/\/lappis.org.br\/site\/wp-json\/wp\/v2\/categories?post=2348"},{"taxonomy":"post_tag","embeddable":true,"href":"https:\/\/lappis.org.br\/site\/wp-json\/wp\/v2\/tags?post=2348"}],"curies":[{"name":"wp","href":"https:\/\/api.w.org\/{rel}","templated":true}]}}