{"id":2339,"date":"2013-11-22T12:50:38","date_gmt":"2013-11-22T14:50:38","guid":{"rendered":"http:\/\/lappis.org.br\/site\/2013\/11\/22\/terceira-reuniao-de-comites-da-bvs-eps\/"},"modified":"2013-11-22T12:50:38","modified_gmt":"2013-11-22T14:50:38","slug":"terceira-reuniao-de-comites-da-bvs-eps","status":"publish","type":"post","link":"https:\/\/lappis.org.br\/site\/terceira-reuniao-de-comites-da-bvs-eps\/2339","title":{"rendered":"Terceira Reuni\u00e3o de Comit\u00eas da BVS-EPS"},"content":{"rendered":"<p style=\"text-align: justify;\"> \t<img fetchpriority=\"high\" decoding=\"async\" data-attachment-id=\"2337\" data-permalink=\"https:\/\/lappis.org.br\/site\/terceira-reuniao-de-comites-da-bvs-eps\/2339\/attachment-alt-303\" data-orig-file=\"https:\/\/lappis.org.br\/site\/wp-content\/uploads\/2013\/11\/bvs-eps.jpg\" data-orig-size=\"420,226\" data-comments-opened=\"1\" data-image-meta=\"{&quot;aperture&quot;:&quot;0&quot;,&quot;credit&quot;:&quot;Lappis&quot;,&quot;camera&quot;:&quot;&quot;,&quot;caption&quot;:&quot;&quot;,&quot;created_timestamp&quot;:&quot;1385117578&quot;,&quot;copyright&quot;:&quot;&quot;,&quot;focal_length&quot;:&quot;0&quot;,&quot;iso&quot;:&quot;0&quot;,&quot;shutter_speed&quot;:&quot;0&quot;,&quot;title&quot;:&quot;&quot;,&quot;orientation&quot;:&quot;0&quot;}\" data-image-title=\"alt\" data-image-description=\"\" data-image-caption=\"\" data-medium-file=\"https:\/\/lappis.org.br\/site\/wp-content\/uploads\/2013\/11\/bvs-eps-300x161.jpg\" data-large-file=\"https:\/\/lappis.org.br\/site\/wp-content\/uploads\/2013\/11\/bvs-eps.jpg\" class=\" alignright size-full wp-image-2337\" alt=\"alt\" src=\"http:\/\/lappis.org.br\/site\/wp-content\/uploads\/2013\/11\/bvs-eps.jpg\" style=\"float: right;\" width=\"420\" height=\"226\" srcset=\"https:\/\/lappis.org.br\/site\/wp-content\/uploads\/2013\/11\/bvs-eps.jpg 420w, https:\/\/lappis.org.br\/site\/wp-content\/uploads\/2013\/11\/bvs-eps-300x161.jpg 300w\" sizes=\"(max-width: 420px) 100vw, 420px\" \/>A BVS Integralidade em Sa\u00fade, atrav\u00e9s das bibliotec\u00e1rias Sandra Infurna (Lappis\/IMS\/Uerj) e Luciana Danielli (ICICT\/Fiocruz), esteve presente na III Reuni\u00e3o dos Comit\u00eas Consultivos e Executivos da BVS Educa\u00e7\u00e3o Profissional em Sa\u00fade, que aconteceu entre 11 e 13 de novembro, na Escola Polit\u00e9cnica de Sa\u00fade Joaquim Ven\u00e2ncio\/Fiocruz.<\/p>\n<p style=\"text-align: justify;\"> \t\u00a0<\/p>\n<p style=\"text-align: justify;\"> \tO primeiro dia de encontro foi dedicado \u00e0s delibera\u00e7\u00f5es do Comit\u00ea Consultivo, no qual a BVS Integralidade em Sa\u00fade faz parte. Na ocasi\u00e3o, foi definida a matriz de responsabilidade para o ano de 2014, como tamb\u00e9m, organizada uma reuni\u00e3o virtual com os Comit\u00eas Consultivos e Executivos para a reformula\u00e7\u00e3o das \u00e1reas tem\u00e1ticas da BVS-EPS.<\/p>\n<p> \t&ldquo;Foi deliberada a atua\u00e7\u00e3o operacional e de coordena\u00e7\u00e3o das comiss\u00f5es que comp\u00f5em os comit\u00eas, como as escolas t\u00e9cnicas na opera\u00e7\u00e3o e alimenta\u00e7\u00e3o das fontes de informa\u00e7\u00e3o, e o comit\u00ea consultivo junto a essa proposi\u00e7\u00e3o positiva da formula\u00e7\u00e3o das \u00e1reas tem\u00e1ticas&rdquo;, contou Luciana Danielli, bibliotec\u00e1ria do ICICT Fiocruz.<\/p>\n<p> \tA BVS Integralidade em Sa\u00fade faz parte do Comit\u00ea Consultivo da BVS-EPS. Para a bibliotec\u00e1ria Sandra Infurna, a troca de experi\u00eancia ajudar\u00e1 a fortalecer \u00e1reas n\u00e3o contempladas pelo Descritores em Ci\u00eancias da Sa\u00fade\/DeCS.<\/p>\n<p> \t&ldquo;Essa troca de experi\u00eancias que nos \u00e9 possibilitada pela reuni\u00e3o com outras institui\u00e7\u00f5es, \u00e9 de grande import\u00e2ncia, pois podemos discutir nossas dificuldades e trabalharmos em parceria para buscarmos solu\u00e7\u00f5es para as mesmas. Vimos como \u00e9 fundamental a discuss\u00e3o dos Descritores em Sa\u00fade da Bireme. Foi decidido, entre LAPPIS, UFF, EPSJV e ICICT, uma reuni\u00e3o no in\u00edcio do pr\u00f3ximo ano para trabalharmos esses descritores visando fortalecer essas \u00e1reas que n\u00e3o s\u00e3o contempladas pelo DeCS.&rdquo;<\/p>\n<p> \t<img decoding=\"async\" data-attachment-id=\"2338\" data-permalink=\"https:\/\/lappis.org.br\/site\/terceira-reuniao-de-comites-da-bvs-eps\/2339\/attachment-alt-304\" data-orig-file=\"https:\/\/lappis.org.br\/site\/wp-content\/uploads\/2013\/11\/bvs-eps2.jpg\" data-orig-size=\"420,226\" data-comments-opened=\"1\" data-image-meta=\"{&quot;aperture&quot;:&quot;0&quot;,&quot;credit&quot;:&quot;Lappis&quot;,&quot;camera&quot;:&quot;&quot;,&quot;caption&quot;:&quot;&quot;,&quot;created_timestamp&quot;:&quot;1385117578&quot;,&quot;copyright&quot;:&quot;&quot;,&quot;focal_length&quot;:&quot;0&quot;,&quot;iso&quot;:&quot;0&quot;,&quot;shutter_speed&quot;:&quot;0&quot;,&quot;title&quot;:&quot;&quot;,&quot;orientation&quot;:&quot;0&quot;}\" data-image-title=\"alt\" data-image-description=\"\" data-image-caption=\"\" data-medium-file=\"https:\/\/lappis.org.br\/site\/wp-content\/uploads\/2013\/11\/bvs-eps2-300x161.jpg\" data-large-file=\"https:\/\/lappis.org.br\/site\/wp-content\/uploads\/2013\/11\/bvs-eps2.jpg\" class=\" alignleft size-full wp-image-2338\" alt=\"alt\" src=\"http:\/\/lappis.org.br\/site\/wp-content\/uploads\/2013\/11\/bvs-eps2.jpg\" style=\"float: left;\" width=\"420\" height=\"226\" srcset=\"https:\/\/lappis.org.br\/site\/wp-content\/uploads\/2013\/11\/bvs-eps2.jpg 420w, https:\/\/lappis.org.br\/site\/wp-content\/uploads\/2013\/11\/bvs-eps2-300x161.jpg 300w\" sizes=\"(max-width: 420px) 100vw, 420px\" \/>Nos dias seguintes, 12 e 13 de novembro, as\/os bibliotec\u00e1rias\/os do Comit\u00ea Executivo participaram da atividade de treinamento de alimenta\u00e7\u00e3o das fontes de informa\u00e7\u00e3o do Sistema BVS &ndash; Biblioteca Virtual em Sa\u00fade, pela bibliotec\u00e1ria Creusa Stephen Figueira (BVS-EPS). Elas aprenderam sobre o Localizador de informa\u00e7\u00e3o em sa\u00fade\/LIS, o Diret\u00f3rio de Eventos da BVS\/DIREVE e LILDBI, que \u00e9 a base de dados tem\u00e1tica especializada em educa\u00e7\u00e3o em sa\u00fade da BVS.<\/p>\n<p style=\"text-align: justify;\">\n<p> \t&ldquo;O Comit\u00ea Executivo esteve presente para saber olhar documentos, inserir os documentos, saber indexar na base. Vamos ajudar a pensar nos documentos, quais tipos de vertentes podemos colocar nos documentos, que o usu\u00e1rio consiga captar esse documento. Queremos tornar essa biblioteca mais acess\u00edvel&rdquo;, explicou Cristiane Batista Andrade, coordenadora da BVS-EPS.<\/p>\n<p> \t<strong>Descritores<\/strong><\/p>\n<p> \tA bibliotec\u00e1ria Creusa Stephen Figueira focou o treinamento nos Descritores em Ci\u00eancias da Sa\u00fade\/DeCS. Ela explicou que o DeCS abordam mais as ci\u00eancias m\u00e9dicas, deixando de atender bem o campo interdisciplinar e multidisciplinar. A bibliotec\u00e1ria apresentou o estudo feito por ela, no qual ela mapeou o campo, fazendo uma an\u00e1lise documental, uma lista de vocabul\u00e1rio e uma rela\u00e7\u00e3o de conceitos para cobrir a falta de descritores no DeCS.<\/p>\n<p> \t&ldquo;A integralidade \u00e9 um conceito caro no nosso campo tamb\u00e9m, pois ela \u00e9 um dos princ\u00edpios do SUS. Ela n\u00e3o est\u00e1 nos descritores da Bireme. E ela precisa entrar, conforme outros conceitos nossos. Se n\u00e3o existe o termo, nada \u00e9 classificado nele. Ent\u00e3o, como v\u00e3o encontrar essa documenta\u00e7\u00e3o? Nada \u00e9 encontrado. Isso n\u00e3o tem um menor sentido numa biblioteca especializada. Pois se ela \u00e9 especializada naquele assunto, ela tem que ter todos os conceitos daquele assunto&rdquo;, explicou Creusa.<br \/> \t\u00a0<\/p>\n","protected":false},"excerpt":{"rendered":"<div class=\"mh-excerpt\"><p style=\"text-align: justify;\"> \t<img decoding=\"async\" class=\" alignright size-full wp-image-2337\" alt=\"alt\" src=\"http:\/\/lappis.org.br\/site\/wp-content\/uploads\/2013\/11\/bvs-eps.jpg\" style=\"float: right;\" width=\"420\" height=\"226\" srcset=\"https:\/\/lappis.org.br\/site\/wp-content\/uploads\/2013\/11\/bvs-eps.jpg 420w, https:\/\/lappis.org.br\/site\/wp-content\/uploads\/2013\/11\/bvs-eps-300x161.jpg 300w\" sizes=\"(max-width: 420px) 100vw, 420px\" \/>A BVS Integralidade em Sa\u00fade, atrav\u00e9s das bibliotec\u00e1rias Sandra Infurna (Lappis\/IMS\/Uerj) e Luciana Danielli (ICICT\/Fiocruz), esteve presente na III Reuni\u00e3o dos Comit\u00eas Consultivos e Executivos da BVS Educa\u00e7\u00e3o Profissional em Sa\u00fade, que aconteceu entre 11 e 13 de novembro, na Escola Polit\u00e9cnica de Sa\u00fade Joaquim Ven\u00e2ncio\/Fiocruz.<\/p>\n<p style=\"text-align: justify;\"> \t\u00a0<\/p>\n<p>  <a class=\"mh-excerpt-more\" href=\"https:\/\/lappis.org.br\/site\/terceira-reuniao-de-comites-da-bvs-eps\/2339\" title=\"Terceira Reuni\u00e3o de Comit\u00eas da BVS-EPS\">[&#8230;]<\/a><\/p>\n<\/div>","protected":false},"author":1,"featured_media":2336,"comment_status":"open","ping_status":"open","sticky":false,"template":"","format":"standard","meta":{"_acf_changed":false,"_exactmetrics_skip_tracking":false,"_exactmetrics_sitenote_active":false,"_exactmetrics_sitenote_note":"","_exactmetrics_sitenote_category":0,"jetpack_post_was_ever_published":false,"_jetpack_newsletter_access":"","_jetpack_dont_email_post_to_subs":false,"_jetpack_newsletter_tier_id":0,"_jetpack_memberships_contains_paywalled_content":false,"_jetpack_memberships_contains_paid_content":false,"footnotes":"","jetpack_publicize_message":"","jetpack_publicize_feature_enabled":true,"jetpack_social_post_already_shared":false,"jetpack_social_options":{"image_generator_settings":{"template":"highway","enabled":false},"version":2}},"categories":[8],"tags":[],"class_list":{"0":"post-2339","1":"post","2":"type-post","3":"status-publish","4":"format-standard","5":"has-post-thumbnail","7":"category-noticia"},"jetpack_publicize_connections":[],"acf":[],"yoast_head":"<!-- This site is optimized with the Yoast SEO plugin v25.2 - https:\/\/yoast.com\/wordpress\/plugins\/seo\/ -->\n<title>Terceira Reuni\u00e3o de Comit\u00eas da BVS-EPS - Lappis 25 anos<\/title>\n<meta name=\"robots\" content=\"index, follow, max-snippet:-1, max-image-preview:large, max-video-preview:-1\" \/>\n<link rel=\"canonical\" href=\"https:\/\/lappis.org.br\/site\/terceira-reuniao-de-comites-da-bvs-eps\/2339\" \/>\n<meta property=\"og:locale\" content=\"pt_BR\" \/>\n<meta property=\"og:type\" content=\"article\" \/>\n<meta property=\"og:title\" content=\"Terceira Reuni\u00e3o de Comit\u00eas da BVS-EPS - Lappis 25 anos\" \/>\n<meta property=\"og:description\" content=\"A BVS Integralidade em Sa\u00fade, atrav\u00e9s das bibliotec\u00e1rias Sandra Infurna (Lappis\/IMS\/Uerj) e Luciana Danielli (ICICT\/Fiocruz), esteve presente na III Reuni\u00e3o dos Comit\u00eas Consultivos e Executivos da BVS Educa\u00e7\u00e3o Profissional em Sa\u00fade, que aconteceu entre 11 e 13 de novembro, na Escola Polit\u00e9cnica de Sa\u00fade Joaquim Ven\u00e2ncio\/Fiocruz.  \u00a0 [...]\" \/>\n<meta property=\"og:url\" content=\"https:\/\/lappis.org.br\/site\/terceira-reuniao-de-comites-da-bvs-eps\/2339\" \/>\n<meta property=\"og:site_name\" content=\"Lappis 25 anos\" \/>\n<meta property=\"article:published_time\" content=\"2013-11-22T14:50:38+00:00\" \/>\n<meta property=\"og:image\" content=\"https:\/\/lappis.org.br\/site\/wp-content\/uploads\/2013\/11\/bvs-eps.jpg\" \/>\n\t<meta property=\"og:image:width\" content=\"420\" \/>\n\t<meta property=\"og:image:height\" content=\"226\" \/>\n\t<meta property=\"og:image:type\" content=\"image\/jpeg\" \/>\n<meta name=\"author\" content=\"fw2\" \/>\n<meta name=\"twitter:card\" content=\"summary_large_image\" \/>\n<meta name=\"twitter:label1\" content=\"Escrito por\" \/>\n\t<meta name=\"twitter:data1\" content=\"fw2\" \/>\n\t<meta name=\"twitter:label2\" content=\"Est. tempo de leitura\" \/>\n\t<meta name=\"twitter:data2\" content=\"3 minutos\" \/>\n<script type=\"application\/ld+json\" class=\"yoast-schema-graph\">{\"@context\":\"https:\/\/schema.org\",\"@graph\":[{\"@type\":\"Article\",\"@id\":\"https:\/\/lappis.org.br\/site\/terceira-reuniao-de-comites-da-bvs-eps\/2339#article\",\"isPartOf\":{\"@id\":\"https:\/\/lappis.org.br\/site\/terceira-reuniao-de-comites-da-bvs-eps\/2339\"},\"author\":{\"name\":\"fw2\",\"@id\":\"https:\/\/lappis.org.br\/site\/#\/schema\/person\/3852381d08284b5e2716b20bd89bdbcf\"},\"headline\":\"Terceira Reuni\u00e3o de Comit\u00eas da BVS-EPS\",\"datePublished\":\"2013-11-22T14:50:38+00:00\",\"mainEntityOfPage\":{\"@id\":\"https:\/\/lappis.org.br\/site\/terceira-reuniao-de-comites-da-bvs-eps\/2339\"},\"wordCount\":610,\"commentCount\":0,\"publisher\":{\"@id\":\"https:\/\/lappis.org.br\/site\/#organization\"},\"image\":{\"@id\":\"https:\/\/lappis.org.br\/site\/terceira-reuniao-de-comites-da-bvs-eps\/2339#primaryimage\"},\"thumbnailUrl\":\"https:\/\/lappis.org.br\/site\/wp-content\/uploads\/2013\/11\/bvs-eps.jpg\",\"articleSection\":[\"Not\u00edcia\"],\"inLanguage\":\"pt-BR\",\"potentialAction\":[{\"@type\":\"CommentAction\",\"name\":\"Comment\",\"target\":[\"https:\/\/lappis.org.br\/site\/terceira-reuniao-de-comites-da-bvs-eps\/2339#respond\"]}]},{\"@type\":\"WebPage\",\"@id\":\"https:\/\/lappis.org.br\/site\/terceira-reuniao-de-comites-da-bvs-eps\/2339\",\"url\":\"https:\/\/lappis.org.br\/site\/terceira-reuniao-de-comites-da-bvs-eps\/2339\",\"name\":\"Terceira Reuni\u00e3o de Comit\u00eas da BVS-EPS - Lappis 25 anos\",\"isPartOf\":{\"@id\":\"https:\/\/lappis.org.br\/site\/#website\"},\"primaryImageOfPage\":{\"@id\":\"https:\/\/lappis.org.br\/site\/terceira-reuniao-de-comites-da-bvs-eps\/2339#primaryimage\"},\"image\":{\"@id\":\"https:\/\/lappis.org.br\/site\/terceira-reuniao-de-comites-da-bvs-eps\/2339#primaryimage\"},\"thumbnailUrl\":\"https:\/\/lappis.org.br\/site\/wp-content\/uploads\/2013\/11\/bvs-eps.jpg\",\"datePublished\":\"2013-11-22T14:50:38+00:00\",\"breadcrumb\":{\"@id\":\"https:\/\/lappis.org.br\/site\/terceira-reuniao-de-comites-da-bvs-eps\/2339#breadcrumb\"},\"inLanguage\":\"pt-BR\",\"potentialAction\":[{\"@type\":\"ReadAction\",\"target\":[\"https:\/\/lappis.org.br\/site\/terceira-reuniao-de-comites-da-bvs-eps\/2339\"]}]},{\"@type\":\"ImageObject\",\"inLanguage\":\"pt-BR\",\"@id\":\"https:\/\/lappis.org.br\/site\/terceira-reuniao-de-comites-da-bvs-eps\/2339#primaryimage\",\"url\":\"https:\/\/lappis.org.br\/site\/wp-content\/uploads\/2013\/11\/bvs-eps.jpg\",\"contentUrl\":\"https:\/\/lappis.org.br\/site\/wp-content\/uploads\/2013\/11\/bvs-eps.jpg\",\"width\":420,\"height\":226,\"caption\":\"alt\"},{\"@type\":\"BreadcrumbList\",\"@id\":\"https:\/\/lappis.org.br\/site\/terceira-reuniao-de-comites-da-bvs-eps\/2339#breadcrumb\",\"itemListElement\":[{\"@type\":\"ListItem\",\"position\":1,\"name\":\"In\u00edcio\",\"item\":\"https:\/\/lappis.org.br\/site\/\"},{\"@type\":\"ListItem\",\"position\":2,\"name\":\"Terceira Reuni\u00e3o de Comit\u00eas da BVS-EPS\"}]},{\"@type\":\"WebSite\",\"@id\":\"https:\/\/lappis.org.br\/site\/#website\",\"url\":\"https:\/\/lappis.org.br\/site\/\",\"name\":\"Lappis 25 anos\",\"description\":\"Labotat\u00f3rio de Pesquisas sobre Pr\u00e1ticas de Integralidade em Sa\u00fade\",\"publisher\":{\"@id\":\"https:\/\/lappis.org.br\/site\/#organization\"},\"potentialAction\":[{\"@type\":\"SearchAction\",\"target\":{\"@type\":\"EntryPoint\",\"urlTemplate\":\"https:\/\/lappis.org.br\/site\/?s={search_term_string}\"},\"query-input\":{\"@type\":\"PropertyValueSpecification\",\"valueRequired\":true,\"valueName\":\"search_term_string\"}}],\"inLanguage\":\"pt-BR\"},{\"@type\":\"Organization\",\"@id\":\"https:\/\/lappis.org.br\/site\/#organization\",\"name\":\"Lappis 25 anos\",\"url\":\"https:\/\/lappis.org.br\/site\/\",\"logo\":{\"@type\":\"ImageObject\",\"inLanguage\":\"pt-BR\",\"@id\":\"https:\/\/lappis.org.br\/site\/#\/schema\/logo\/image\/\",\"url\":\"https:\/\/lappis.org.br\/site\/wp-content\/uploads\/2025\/03\/logo-lappis25anos.png\",\"contentUrl\":\"https:\/\/lappis.org.br\/site\/wp-content\/uploads\/2025\/03\/logo-lappis25anos.png\",\"width\":388,\"height\":146,\"caption\":\"Lappis 25 anos\"},\"image\":{\"@id\":\"https:\/\/lappis.org.br\/site\/#\/schema\/logo\/image\/\"}},{\"@type\":\"Person\",\"@id\":\"https:\/\/lappis.org.br\/site\/#\/schema\/person\/3852381d08284b5e2716b20bd89bdbcf\",\"name\":\"fw2\",\"image\":{\"@type\":\"ImageObject\",\"inLanguage\":\"pt-BR\",\"@id\":\"https:\/\/lappis.org.br\/site\/#\/schema\/person\/image\/\",\"url\":\"https:\/\/secure.gravatar.com\/avatar\/c38472c0cdbde82d9b6fcc26adb3779d?s=96&d=mm&r=g\",\"contentUrl\":\"https:\/\/secure.gravatar.com\/avatar\/c38472c0cdbde82d9b6fcc26adb3779d?s=96&d=mm&r=g\",\"caption\":\"fw2\"},\"url\":\"https:\/\/lappis.org.br\/site\/author\/fw2\"}]}<\/script>\n<!-- \/ Yoast SEO plugin. -->","yoast_head_json":{"title":"Terceira Reuni\u00e3o de Comit\u00eas da BVS-EPS - Lappis 25 anos","robots":{"index":"index","follow":"follow","max-snippet":"max-snippet:-1","max-image-preview":"max-image-preview:large","max-video-preview":"max-video-preview:-1"},"canonical":"https:\/\/lappis.org.br\/site\/terceira-reuniao-de-comites-da-bvs-eps\/2339","og_locale":"pt_BR","og_type":"article","og_title":"Terceira Reuni\u00e3o de Comit\u00eas da BVS-EPS - Lappis 25 anos","og_description":"A BVS Integralidade em Sa\u00fade, atrav\u00e9s das bibliotec\u00e1rias Sandra Infurna (Lappis\/IMS\/Uerj) e Luciana Danielli (ICICT\/Fiocruz), esteve presente na III Reuni\u00e3o dos Comit\u00eas Consultivos e Executivos da BVS Educa\u00e7\u00e3o Profissional em Sa\u00fade, que aconteceu entre 11 e 13 de novembro, na Escola Polit\u00e9cnica de Sa\u00fade Joaquim Ven\u00e2ncio\/Fiocruz.  \u00a0 [...]","og_url":"https:\/\/lappis.org.br\/site\/terceira-reuniao-de-comites-da-bvs-eps\/2339","og_site_name":"Lappis 25 anos","article_published_time":"2013-11-22T14:50:38+00:00","og_image":[{"width":420,"height":226,"url":"https:\/\/lappis.org.br\/site\/wp-content\/uploads\/2013\/11\/bvs-eps.jpg","type":"image\/jpeg"}],"author":"fw2","twitter_card":"summary_large_image","twitter_misc":{"Escrito por":"fw2","Est. tempo de leitura":"3 minutos"},"schema":{"@context":"https:\/\/schema.org","@graph":[{"@type":"Article","@id":"https:\/\/lappis.org.br\/site\/terceira-reuniao-de-comites-da-bvs-eps\/2339#article","isPartOf":{"@id":"https:\/\/lappis.org.br\/site\/terceira-reuniao-de-comites-da-bvs-eps\/2339"},"author":{"name":"fw2","@id":"https:\/\/lappis.org.br\/site\/#\/schema\/person\/3852381d08284b5e2716b20bd89bdbcf"},"headline":"Terceira Reuni\u00e3o de Comit\u00eas da BVS-EPS","datePublished":"2013-11-22T14:50:38+00:00","mainEntityOfPage":{"@id":"https:\/\/lappis.org.br\/site\/terceira-reuniao-de-comites-da-bvs-eps\/2339"},"wordCount":610,"commentCount":0,"publisher":{"@id":"https:\/\/lappis.org.br\/site\/#organization"},"image":{"@id":"https:\/\/lappis.org.br\/site\/terceira-reuniao-de-comites-da-bvs-eps\/2339#primaryimage"},"thumbnailUrl":"https:\/\/lappis.org.br\/site\/wp-content\/uploads\/2013\/11\/bvs-eps.jpg","articleSection":["Not\u00edcia"],"inLanguage":"pt-BR","potentialAction":[{"@type":"CommentAction","name":"Comment","target":["https:\/\/lappis.org.br\/site\/terceira-reuniao-de-comites-da-bvs-eps\/2339#respond"]}]},{"@type":"WebPage","@id":"https:\/\/lappis.org.br\/site\/terceira-reuniao-de-comites-da-bvs-eps\/2339","url":"https:\/\/lappis.org.br\/site\/terceira-reuniao-de-comites-da-bvs-eps\/2339","name":"Terceira Reuni\u00e3o de Comit\u00eas da BVS-EPS - Lappis 25 anos","isPartOf":{"@id":"https:\/\/lappis.org.br\/site\/#website"},"primaryImageOfPage":{"@id":"https:\/\/lappis.org.br\/site\/terceira-reuniao-de-comites-da-bvs-eps\/2339#primaryimage"},"image":{"@id":"https:\/\/lappis.org.br\/site\/terceira-reuniao-de-comites-da-bvs-eps\/2339#primaryimage"},"thumbnailUrl":"https:\/\/lappis.org.br\/site\/wp-content\/uploads\/2013\/11\/bvs-eps.jpg","datePublished":"2013-11-22T14:50:38+00:00","breadcrumb":{"@id":"https:\/\/lappis.org.br\/site\/terceira-reuniao-de-comites-da-bvs-eps\/2339#breadcrumb"},"inLanguage":"pt-BR","potentialAction":[{"@type":"ReadAction","target":["https:\/\/lappis.org.br\/site\/terceira-reuniao-de-comites-da-bvs-eps\/2339"]}]},{"@type":"ImageObject","inLanguage":"pt-BR","@id":"https:\/\/lappis.org.br\/site\/terceira-reuniao-de-comites-da-bvs-eps\/2339#primaryimage","url":"https:\/\/lappis.org.br\/site\/wp-content\/uploads\/2013\/11\/bvs-eps.jpg","contentUrl":"https:\/\/lappis.org.br\/site\/wp-content\/uploads\/2013\/11\/bvs-eps.jpg","width":420,"height":226,"caption":"alt"},{"@type":"BreadcrumbList","@id":"https:\/\/lappis.org.br\/site\/terceira-reuniao-de-comites-da-bvs-eps\/2339#breadcrumb","itemListElement":[{"@type":"ListItem","position":1,"name":"In\u00edcio","item":"https:\/\/lappis.org.br\/site\/"},{"@type":"ListItem","position":2,"name":"Terceira Reuni\u00e3o de Comit\u00eas da BVS-EPS"}]},{"@type":"WebSite","@id":"https:\/\/lappis.org.br\/site\/#website","url":"https:\/\/lappis.org.br\/site\/","name":"Lappis 25 anos","description":"Labotat\u00f3rio de Pesquisas sobre Pr\u00e1ticas de Integralidade em Sa\u00fade","publisher":{"@id":"https:\/\/lappis.org.br\/site\/#organization"},"potentialAction":[{"@type":"SearchAction","target":{"@type":"EntryPoint","urlTemplate":"https:\/\/lappis.org.br\/site\/?s={search_term_string}"},"query-input":{"@type":"PropertyValueSpecification","valueRequired":true,"valueName":"search_term_string"}}],"inLanguage":"pt-BR"},{"@type":"Organization","@id":"https:\/\/lappis.org.br\/site\/#organization","name":"Lappis 25 anos","url":"https:\/\/lappis.org.br\/site\/","logo":{"@type":"ImageObject","inLanguage":"pt-BR","@id":"https:\/\/lappis.org.br\/site\/#\/schema\/logo\/image\/","url":"https:\/\/lappis.org.br\/site\/wp-content\/uploads\/2025\/03\/logo-lappis25anos.png","contentUrl":"https:\/\/lappis.org.br\/site\/wp-content\/uploads\/2025\/03\/logo-lappis25anos.png","width":388,"height":146,"caption":"Lappis 25 anos"},"image":{"@id":"https:\/\/lappis.org.br\/site\/#\/schema\/logo\/image\/"}},{"@type":"Person","@id":"https:\/\/lappis.org.br\/site\/#\/schema\/person\/3852381d08284b5e2716b20bd89bdbcf","name":"fw2","image":{"@type":"ImageObject","inLanguage":"pt-BR","@id":"https:\/\/lappis.org.br\/site\/#\/schema\/person\/image\/","url":"https:\/\/secure.gravatar.com\/avatar\/c38472c0cdbde82d9b6fcc26adb3779d?s=96&d=mm&r=g","contentUrl":"https:\/\/secure.gravatar.com\/avatar\/c38472c0cdbde82d9b6fcc26adb3779d?s=96&d=mm&r=g","caption":"fw2"},"url":"https:\/\/lappis.org.br\/site\/author\/fw2"}]}},"jetpack_featured_media_url":"https:\/\/lappis.org.br\/site\/wp-content\/uploads\/2013\/11\/bvs-eps.jpg","jetpack_shortlink":"https:\/\/wp.me\/p954Nh-BJ","jetpack_sharing_enabled":true,"_links":{"self":[{"href":"https:\/\/lappis.org.br\/site\/wp-json\/wp\/v2\/posts\/2339"}],"collection":[{"href":"https:\/\/lappis.org.br\/site\/wp-json\/wp\/v2\/posts"}],"about":[{"href":"https:\/\/lappis.org.br\/site\/wp-json\/wp\/v2\/types\/post"}],"author":[{"embeddable":true,"href":"https:\/\/lappis.org.br\/site\/wp-json\/wp\/v2\/users\/1"}],"replies":[{"embeddable":true,"href":"https:\/\/lappis.org.br\/site\/wp-json\/wp\/v2\/comments?post=2339"}],"version-history":[{"count":0,"href":"https:\/\/lappis.org.br\/site\/wp-json\/wp\/v2\/posts\/2339\/revisions"}],"wp:featuredmedia":[{"embeddable":true,"href":"https:\/\/lappis.org.br\/site\/wp-json\/wp\/v2\/media\/2336"}],"wp:attachment":[{"href":"https:\/\/lappis.org.br\/site\/wp-json\/wp\/v2\/media?parent=2339"}],"wp:term":[{"taxonomy":"category","embeddable":true,"href":"https:\/\/lappis.org.br\/site\/wp-json\/wp\/v2\/categories?post=2339"},{"taxonomy":"post_tag","embeddable":true,"href":"https:\/\/lappis.org.br\/site\/wp-json\/wp\/v2\/tags?post=2339"}],"curies":[{"name":"wp","href":"https:\/\/api.w.org\/{rel}","templated":true}]}}