{"id":2335,"date":"2013-11-22T12:38:34","date_gmt":"2013-11-22T14:38:34","guid":{"rendered":"http:\/\/lappis.org.br\/site\/2013\/11\/22\/saude-urbana-do-rio-e-de-belo-horizonte-e-debatida-em-seminario-no-icict\/"},"modified":"2013-11-22T12:38:34","modified_gmt":"2013-11-22T14:38:34","slug":"saude-urbana-do-rio-e-de-belo-horizonte-e-debatida-em-seminario-no-icict","status":"publish","type":"post","link":"https:\/\/lappis.org.br\/site\/saude-urbana-do-rio-e-de-belo-horizonte-e-debatida-em-seminario-no-icict\/2335","title":{"rendered":"Sa\u00fade urbana do Rio e de Belo Horizonte em debate"},"content":{"rendered":"<div style=\"text-align: justify;\"> \t<img fetchpriority=\"high\" decoding=\"async\" data-attachment-id=\"2334\" data-permalink=\"https:\/\/lappis.org.br\/site\/saude-urbana-do-rio-e-de-belo-horizonte-e-debatida-em-seminario-no-icict\/2335\/attachment-alt-301\" data-orig-file=\"https:\/\/lappis.org.br\/site\/wp-content\/uploads\/2013\/11\/bh-rj.jpg\" data-orig-size=\"420,226\" data-comments-opened=\"1\" data-image-meta=\"{&quot;aperture&quot;:&quot;0&quot;,&quot;credit&quot;:&quot;&quot;,&quot;camera&quot;:&quot;&quot;,&quot;caption&quot;:&quot;&quot;,&quot;created_timestamp&quot;:&quot;0&quot;,&quot;copyright&quot;:&quot;&quot;,&quot;focal_length&quot;:&quot;0&quot;,&quot;iso&quot;:&quot;0&quot;,&quot;shutter_speed&quot;:&quot;0&quot;,&quot;title&quot;:&quot;&quot;,&quot;orientation&quot;:&quot;0&quot;}\" data-image-title=\"alt\" data-image-description=\"\" data-image-caption=\"\" data-medium-file=\"https:\/\/lappis.org.br\/site\/wp-content\/uploads\/2013\/11\/bh-rj-300x161.jpg\" data-large-file=\"https:\/\/lappis.org.br\/site\/wp-content\/uploads\/2013\/11\/bh-rj.jpg\" class=\" alignright size-full wp-image-2334\" alt=\"alt\" src=\"http:\/\/lappis.org.br\/site\/wp-content\/uploads\/2013\/11\/bh-rj.jpg\" style=\"float: right; margin: 5px;\" width=\"420\" height=\"226\" srcset=\"https:\/\/lappis.org.br\/site\/wp-content\/uploads\/2013\/11\/bh-rj.jpg 420w, https:\/\/lappis.org.br\/site\/wp-content\/uploads\/2013\/11\/bh-rj-300x161.jpg 300w\" sizes=\"(max-width: 420px) 100vw, 420px\" \/>Com o objetivo de discutir a quest\u00e3o da sa\u00fade urbana do Rio de Janeiro e de Belo Horizonte, especialistas das duas cidades se reuniram no audit\u00f3rio do Icict, no \u00faltimo dia 18 de novembro, para o &ldquo;Semin\u00e1rio de Integra\u00e7\u00e3o e Atualiza\u00e7\u00e3o sobre o Observat\u00f3rio de Sa\u00fade Urbana Rio-Belo Horizonte&rdquo;.<\/div>\n<div style=\"text-align: justify;\"> \tDurante o evento, os especialistas trocaram informa\u00e7\u00f5es e metodologias que est\u00e3o sendo utilizadas nos diversos estudos em desenvolvimento no Laborat\u00f3rio de Informa\u00e7\u00e3o em Sa\u00fade (Lis)\/Icict, e apresentaram resultados preliminares de alguns estudos que est\u00e3o sendo realizados em parceria com a Universidade de Heidelberg (Alemanha), a UFMG e a UERJ. Os temas abordados v\u00e3o desde doen\u00e7as transmiss\u00edveis at\u00e9 viol\u00eancia urbana.<br \/> \t\u00a0<\/div>\n<div style=\"text-align: justify;\"> \tDurante o Semin\u00e1rio, os pesquisadores apresentaram os temas: &ldquo;Tend\u00eancias da mortalidade por causas evit\u00e1veis no Rio&rdquo;, &ldquo;Distribui\u00e7\u00e3o espacial da tuberculose no Rio&rdquo;, &ldquo;Homic\u00eddos do entorno de favelas do Rio&rdquo;, &ldquo;Principais resultados do Projeto TEIAS&rdquo; e &ldquo;Experi\u00eancia Avalia\u00e7\u00e3o Urban\u00edstica do Campus Mata Atl\u00e2ntica&rdquo;.<br \/> \t\u00a0<\/div>\n<div style=\"text-align: justify;\"> \tPara ter acesso \u00e0 cobertura do Semin\u00e1rio e os resultados preliminares dos trabalhos apresentados, consulte \u00e0 p\u00e1gina <a href=\"http:\/\/www.icict.fiocruz.br\/content\/sa%C3%BAde-urbana-do-rio-e-de-belo-horizonte-%C3%A9-debatida-em-semin%C3%A1rio-no-icict\">do Icict<\/a>.<\/div>\n<div style=\"text-align: right;\"> \tFonte: Gra\u00e7a Portela\/ICICT<\/div>\n<div> \t\u00a0<\/div>\n","protected":false},"excerpt":{"rendered":"<div class=\"mh-excerpt\"><div style=\"text-align: justify;\"> \t<img decoding=\"async\" class=\" alignright size-full wp-image-2334\" alt=\"alt\" src=\"http:\/\/lappis.org.br\/site\/wp-content\/uploads\/2013\/11\/bh-rj.jpg\" style=\"float: right; margin: 5px;\" width=\"420\" height=\"226\" srcset=\"https:\/\/lappis.org.br\/site\/wp-content\/uploads\/2013\/11\/bh-rj.jpg 420w, https:\/\/lappis.org.br\/site\/wp-content\/uploads\/2013\/11\/bh-rj-300x161.jpg 300w\" sizes=\"(max-width: 420px) 100vw, 420px\" \/>Com o objetivo de discutir a quest\u00e3o da sa\u00fade urbana do Rio de Janeiro e de Belo Horizonte, especialistas das duas cidades se reuniram no audit\u00f3rio do Icict, no \u00faltimo dia 18 de novembro, para o &ldquo;Semin\u00e1rio de Integra\u00e7\u00e3o e Atualiza\u00e7\u00e3o sobre o Observat\u00f3rio de Sa\u00fade Urbana Rio-Belo Horizonte&rdquo;.<\/div>\n<p>  <a class=\"mh-excerpt-more\" href=\"https:\/\/lappis.org.br\/site\/saude-urbana-do-rio-e-de-belo-horizonte-e-debatida-em-seminario-no-icict\/2335\" title=\"Sa\u00fade urbana do Rio e de Belo Horizonte em debate\">[&#8230;]<\/a><\/p>\n<\/div>","protected":false},"author":1,"featured_media":2333,"comment_status":"open","ping_status":"open","sticky":false,"template":"","format":"standard","meta":{"_acf_changed":false,"_exactmetrics_skip_tracking":false,"_exactmetrics_sitenote_active":false,"_exactmetrics_sitenote_note":"","_exactmetrics_sitenote_category":0,"jetpack_post_was_ever_published":false,"_jetpack_newsletter_access":"","_jetpack_dont_email_post_to_subs":false,"_jetpack_newsletter_tier_id":0,"_jetpack_memberships_contains_paywalled_content":false,"_jetpack_memberships_contains_paid_content":false,"footnotes":"","jetpack_publicize_message":"","jetpack_publicize_feature_enabled":true,"jetpack_social_post_already_shared":false,"jetpack_social_options":{"image_generator_settings":{"template":"highway","enabled":false},"version":2}},"categories":[8],"tags":[],"class_list":{"0":"post-2335","1":"post","2":"type-post","3":"status-publish","4":"format-standard","5":"has-post-thumbnail","7":"category-noticia"},"jetpack_publicize_connections":[],"acf":[],"yoast_head":"<!-- This site is optimized with the Yoast SEO plugin v25.2 - https:\/\/yoast.com\/wordpress\/plugins\/seo\/ -->\n<title>Sa\u00fade urbana do Rio e de Belo Horizonte em debate - Lappis 25 anos<\/title>\n<meta name=\"robots\" content=\"index, follow, max-snippet:-1, max-image-preview:large, max-video-preview:-1\" \/>\n<link rel=\"canonical\" href=\"https:\/\/lappis.org.br\/site\/saude-urbana-do-rio-e-de-belo-horizonte-e-debatida-em-seminario-no-icict\/2335\" \/>\n<meta property=\"og:locale\" content=\"pt_BR\" \/>\n<meta property=\"og:type\" content=\"article\" \/>\n<meta property=\"og:title\" content=\"Sa\u00fade urbana do Rio e de Belo Horizonte em debate - Lappis 25 anos\" \/>\n<meta property=\"og:description\" content=\"Com o objetivo de discutir a quest\u00e3o da sa\u00fade urbana do Rio de Janeiro e de Belo Horizonte, especialistas das duas cidades se reuniram no audit\u00f3rio do Icict, no \u00faltimo dia 18 de novembro, para o &ldquo;Semin\u00e1rio de Integra\u00e7\u00e3o e Atualiza\u00e7\u00e3o sobre o Observat\u00f3rio de Sa\u00fade Urbana Rio-Belo Horizonte&rdquo;. [...]\" \/>\n<meta property=\"og:url\" content=\"https:\/\/lappis.org.br\/site\/saude-urbana-do-rio-e-de-belo-horizonte-e-debatida-em-seminario-no-icict\/2335\" \/>\n<meta property=\"og:site_name\" content=\"Lappis 25 anos\" \/>\n<meta property=\"article:published_time\" content=\"2013-11-22T14:38:34+00:00\" \/>\n<meta property=\"og:image\" content=\"https:\/\/lappis.org.br\/site\/wp-content\/uploads\/2013\/11\/bh-rj.jpg\" \/>\n\t<meta property=\"og:image:width\" content=\"420\" \/>\n\t<meta property=\"og:image:height\" content=\"226\" \/>\n\t<meta property=\"og:image:type\" content=\"image\/jpeg\" \/>\n<meta name=\"author\" content=\"fw2\" \/>\n<meta name=\"twitter:card\" content=\"summary_large_image\" \/>\n<meta name=\"twitter:label1\" content=\"Escrito por\" \/>\n\t<meta name=\"twitter:data1\" content=\"fw2\" \/>\n\t<meta name=\"twitter:label2\" content=\"Est. tempo de leitura\" \/>\n\t<meta name=\"twitter:data2\" content=\"1 minuto\" \/>\n<script type=\"application\/ld+json\" class=\"yoast-schema-graph\">{\"@context\":\"https:\/\/schema.org\",\"@graph\":[{\"@type\":\"Article\",\"@id\":\"https:\/\/lappis.org.br\/site\/saude-urbana-do-rio-e-de-belo-horizonte-e-debatida-em-seminario-no-icict\/2335#article\",\"isPartOf\":{\"@id\":\"https:\/\/lappis.org.br\/site\/saude-urbana-do-rio-e-de-belo-horizonte-e-debatida-em-seminario-no-icict\/2335\"},\"author\":{\"name\":\"fw2\",\"@id\":\"https:\/\/lappis.org.br\/site\/#\/schema\/person\/3852381d08284b5e2716b20bd89bdbcf\"},\"headline\":\"Sa\u00fade urbana do Rio e de Belo Horizonte em debate\",\"datePublished\":\"2013-11-22T14:38:34+00:00\",\"mainEntityOfPage\":{\"@id\":\"https:\/\/lappis.org.br\/site\/saude-urbana-do-rio-e-de-belo-horizonte-e-debatida-em-seminario-no-icict\/2335\"},\"wordCount\":224,\"commentCount\":0,\"publisher\":{\"@id\":\"https:\/\/lappis.org.br\/site\/#organization\"},\"image\":{\"@id\":\"https:\/\/lappis.org.br\/site\/saude-urbana-do-rio-e-de-belo-horizonte-e-debatida-em-seminario-no-icict\/2335#primaryimage\"},\"thumbnailUrl\":\"https:\/\/lappis.org.br\/site\/wp-content\/uploads\/2013\/11\/bh-rj.jpg\",\"articleSection\":[\"Not\u00edcia\"],\"inLanguage\":\"pt-BR\",\"potentialAction\":[{\"@type\":\"CommentAction\",\"name\":\"Comment\",\"target\":[\"https:\/\/lappis.org.br\/site\/saude-urbana-do-rio-e-de-belo-horizonte-e-debatida-em-seminario-no-icict\/2335#respond\"]}]},{\"@type\":\"WebPage\",\"@id\":\"https:\/\/lappis.org.br\/site\/saude-urbana-do-rio-e-de-belo-horizonte-e-debatida-em-seminario-no-icict\/2335\",\"url\":\"https:\/\/lappis.org.br\/site\/saude-urbana-do-rio-e-de-belo-horizonte-e-debatida-em-seminario-no-icict\/2335\",\"name\":\"Sa\u00fade urbana do Rio e de Belo Horizonte em debate - Lappis 25 anos\",\"isPartOf\":{\"@id\":\"https:\/\/lappis.org.br\/site\/#website\"},\"primaryImageOfPage\":{\"@id\":\"https:\/\/lappis.org.br\/site\/saude-urbana-do-rio-e-de-belo-horizonte-e-debatida-em-seminario-no-icict\/2335#primaryimage\"},\"image\":{\"@id\":\"https:\/\/lappis.org.br\/site\/saude-urbana-do-rio-e-de-belo-horizonte-e-debatida-em-seminario-no-icict\/2335#primaryimage\"},\"thumbnailUrl\":\"https:\/\/lappis.org.br\/site\/wp-content\/uploads\/2013\/11\/bh-rj.jpg\",\"datePublished\":\"2013-11-22T14:38:34+00:00\",\"breadcrumb\":{\"@id\":\"https:\/\/lappis.org.br\/site\/saude-urbana-do-rio-e-de-belo-horizonte-e-debatida-em-seminario-no-icict\/2335#breadcrumb\"},\"inLanguage\":\"pt-BR\",\"potentialAction\":[{\"@type\":\"ReadAction\",\"target\":[\"https:\/\/lappis.org.br\/site\/saude-urbana-do-rio-e-de-belo-horizonte-e-debatida-em-seminario-no-icict\/2335\"]}]},{\"@type\":\"ImageObject\",\"inLanguage\":\"pt-BR\",\"@id\":\"https:\/\/lappis.org.br\/site\/saude-urbana-do-rio-e-de-belo-horizonte-e-debatida-em-seminario-no-icict\/2335#primaryimage\",\"url\":\"https:\/\/lappis.org.br\/site\/wp-content\/uploads\/2013\/11\/bh-rj.jpg\",\"contentUrl\":\"https:\/\/lappis.org.br\/site\/wp-content\/uploads\/2013\/11\/bh-rj.jpg\",\"width\":420,\"height\":226,\"caption\":\"alt\"},{\"@type\":\"BreadcrumbList\",\"@id\":\"https:\/\/lappis.org.br\/site\/saude-urbana-do-rio-e-de-belo-horizonte-e-debatida-em-seminario-no-icict\/2335#breadcrumb\",\"itemListElement\":[{\"@type\":\"ListItem\",\"position\":1,\"name\":\"In\u00edcio\",\"item\":\"https:\/\/lappis.org.br\/site\/\"},{\"@type\":\"ListItem\",\"position\":2,\"name\":\"Sa\u00fade urbana do Rio e de Belo Horizonte em debate\"}]},{\"@type\":\"WebSite\",\"@id\":\"https:\/\/lappis.org.br\/site\/#website\",\"url\":\"https:\/\/lappis.org.br\/site\/\",\"name\":\"Lappis 25 anos\",\"description\":\"Labotat\u00f3rio de Pesquisas sobre Pr\u00e1ticas de Integralidade em Sa\u00fade\",\"publisher\":{\"@id\":\"https:\/\/lappis.org.br\/site\/#organization\"},\"potentialAction\":[{\"@type\":\"SearchAction\",\"target\":{\"@type\":\"EntryPoint\",\"urlTemplate\":\"https:\/\/lappis.org.br\/site\/?s={search_term_string}\"},\"query-input\":{\"@type\":\"PropertyValueSpecification\",\"valueRequired\":true,\"valueName\":\"search_term_string\"}}],\"inLanguage\":\"pt-BR\"},{\"@type\":\"Organization\",\"@id\":\"https:\/\/lappis.org.br\/site\/#organization\",\"name\":\"Lappis 25 anos\",\"url\":\"https:\/\/lappis.org.br\/site\/\",\"logo\":{\"@type\":\"ImageObject\",\"inLanguage\":\"pt-BR\",\"@id\":\"https:\/\/lappis.org.br\/site\/#\/schema\/logo\/image\/\",\"url\":\"https:\/\/lappis.org.br\/site\/wp-content\/uploads\/2025\/03\/logo-lappis25anos.png\",\"contentUrl\":\"https:\/\/lappis.org.br\/site\/wp-content\/uploads\/2025\/03\/logo-lappis25anos.png\",\"width\":388,\"height\":146,\"caption\":\"Lappis 25 anos\"},\"image\":{\"@id\":\"https:\/\/lappis.org.br\/site\/#\/schema\/logo\/image\/\"}},{\"@type\":\"Person\",\"@id\":\"https:\/\/lappis.org.br\/site\/#\/schema\/person\/3852381d08284b5e2716b20bd89bdbcf\",\"name\":\"fw2\",\"image\":{\"@type\":\"ImageObject\",\"inLanguage\":\"pt-BR\",\"@id\":\"https:\/\/lappis.org.br\/site\/#\/schema\/person\/image\/\",\"url\":\"https:\/\/secure.gravatar.com\/avatar\/c38472c0cdbde82d9b6fcc26adb3779d?s=96&d=mm&r=g\",\"contentUrl\":\"https:\/\/secure.gravatar.com\/avatar\/c38472c0cdbde82d9b6fcc26adb3779d?s=96&d=mm&r=g\",\"caption\":\"fw2\"},\"url\":\"https:\/\/lappis.org.br\/site\/author\/fw2\"}]}<\/script>\n<!-- \/ Yoast SEO plugin. -->","yoast_head_json":{"title":"Sa\u00fade urbana do Rio e de Belo Horizonte em debate - Lappis 25 anos","robots":{"index":"index","follow":"follow","max-snippet":"max-snippet:-1","max-image-preview":"max-image-preview:large","max-video-preview":"max-video-preview:-1"},"canonical":"https:\/\/lappis.org.br\/site\/saude-urbana-do-rio-e-de-belo-horizonte-e-debatida-em-seminario-no-icict\/2335","og_locale":"pt_BR","og_type":"article","og_title":"Sa\u00fade urbana do Rio e de Belo Horizonte em debate - Lappis 25 anos","og_description":"Com o objetivo de discutir a quest\u00e3o da sa\u00fade urbana do Rio de Janeiro e de Belo Horizonte, especialistas das duas cidades se reuniram no audit\u00f3rio do Icict, no \u00faltimo dia 18 de novembro, para o &ldquo;Semin\u00e1rio de Integra\u00e7\u00e3o e Atualiza\u00e7\u00e3o sobre o Observat\u00f3rio de Sa\u00fade Urbana Rio-Belo Horizonte&rdquo;. [...]","og_url":"https:\/\/lappis.org.br\/site\/saude-urbana-do-rio-e-de-belo-horizonte-e-debatida-em-seminario-no-icict\/2335","og_site_name":"Lappis 25 anos","article_published_time":"2013-11-22T14:38:34+00:00","og_image":[{"width":420,"height":226,"url":"https:\/\/lappis.org.br\/site\/wp-content\/uploads\/2013\/11\/bh-rj.jpg","type":"image\/jpeg"}],"author":"fw2","twitter_card":"summary_large_image","twitter_misc":{"Escrito por":"fw2","Est. tempo de leitura":"1 minuto"},"schema":{"@context":"https:\/\/schema.org","@graph":[{"@type":"Article","@id":"https:\/\/lappis.org.br\/site\/saude-urbana-do-rio-e-de-belo-horizonte-e-debatida-em-seminario-no-icict\/2335#article","isPartOf":{"@id":"https:\/\/lappis.org.br\/site\/saude-urbana-do-rio-e-de-belo-horizonte-e-debatida-em-seminario-no-icict\/2335"},"author":{"name":"fw2","@id":"https:\/\/lappis.org.br\/site\/#\/schema\/person\/3852381d08284b5e2716b20bd89bdbcf"},"headline":"Sa\u00fade urbana do Rio e de Belo Horizonte em debate","datePublished":"2013-11-22T14:38:34+00:00","mainEntityOfPage":{"@id":"https:\/\/lappis.org.br\/site\/saude-urbana-do-rio-e-de-belo-horizonte-e-debatida-em-seminario-no-icict\/2335"},"wordCount":224,"commentCount":0,"publisher":{"@id":"https:\/\/lappis.org.br\/site\/#organization"},"image":{"@id":"https:\/\/lappis.org.br\/site\/saude-urbana-do-rio-e-de-belo-horizonte-e-debatida-em-seminario-no-icict\/2335#primaryimage"},"thumbnailUrl":"https:\/\/lappis.org.br\/site\/wp-content\/uploads\/2013\/11\/bh-rj.jpg","articleSection":["Not\u00edcia"],"inLanguage":"pt-BR","potentialAction":[{"@type":"CommentAction","name":"Comment","target":["https:\/\/lappis.org.br\/site\/saude-urbana-do-rio-e-de-belo-horizonte-e-debatida-em-seminario-no-icict\/2335#respond"]}]},{"@type":"WebPage","@id":"https:\/\/lappis.org.br\/site\/saude-urbana-do-rio-e-de-belo-horizonte-e-debatida-em-seminario-no-icict\/2335","url":"https:\/\/lappis.org.br\/site\/saude-urbana-do-rio-e-de-belo-horizonte-e-debatida-em-seminario-no-icict\/2335","name":"Sa\u00fade urbana do Rio e de Belo Horizonte em debate - Lappis 25 anos","isPartOf":{"@id":"https:\/\/lappis.org.br\/site\/#website"},"primaryImageOfPage":{"@id":"https:\/\/lappis.org.br\/site\/saude-urbana-do-rio-e-de-belo-horizonte-e-debatida-em-seminario-no-icict\/2335#primaryimage"},"image":{"@id":"https:\/\/lappis.org.br\/site\/saude-urbana-do-rio-e-de-belo-horizonte-e-debatida-em-seminario-no-icict\/2335#primaryimage"},"thumbnailUrl":"https:\/\/lappis.org.br\/site\/wp-content\/uploads\/2013\/11\/bh-rj.jpg","datePublished":"2013-11-22T14:38:34+00:00","breadcrumb":{"@id":"https:\/\/lappis.org.br\/site\/saude-urbana-do-rio-e-de-belo-horizonte-e-debatida-em-seminario-no-icict\/2335#breadcrumb"},"inLanguage":"pt-BR","potentialAction":[{"@type":"ReadAction","target":["https:\/\/lappis.org.br\/site\/saude-urbana-do-rio-e-de-belo-horizonte-e-debatida-em-seminario-no-icict\/2335"]}]},{"@type":"ImageObject","inLanguage":"pt-BR","@id":"https:\/\/lappis.org.br\/site\/saude-urbana-do-rio-e-de-belo-horizonte-e-debatida-em-seminario-no-icict\/2335#primaryimage","url":"https:\/\/lappis.org.br\/site\/wp-content\/uploads\/2013\/11\/bh-rj.jpg","contentUrl":"https:\/\/lappis.org.br\/site\/wp-content\/uploads\/2013\/11\/bh-rj.jpg","width":420,"height":226,"caption":"alt"},{"@type":"BreadcrumbList","@id":"https:\/\/lappis.org.br\/site\/saude-urbana-do-rio-e-de-belo-horizonte-e-debatida-em-seminario-no-icict\/2335#breadcrumb","itemListElement":[{"@type":"ListItem","position":1,"name":"In\u00edcio","item":"https:\/\/lappis.org.br\/site\/"},{"@type":"ListItem","position":2,"name":"Sa\u00fade urbana do Rio e de Belo Horizonte em debate"}]},{"@type":"WebSite","@id":"https:\/\/lappis.org.br\/site\/#website","url":"https:\/\/lappis.org.br\/site\/","name":"Lappis 25 anos","description":"Labotat\u00f3rio de Pesquisas sobre Pr\u00e1ticas de Integralidade em Sa\u00fade","publisher":{"@id":"https:\/\/lappis.org.br\/site\/#organization"},"potentialAction":[{"@type":"SearchAction","target":{"@type":"EntryPoint","urlTemplate":"https:\/\/lappis.org.br\/site\/?s={search_term_string}"},"query-input":{"@type":"PropertyValueSpecification","valueRequired":true,"valueName":"search_term_string"}}],"inLanguage":"pt-BR"},{"@type":"Organization","@id":"https:\/\/lappis.org.br\/site\/#organization","name":"Lappis 25 anos","url":"https:\/\/lappis.org.br\/site\/","logo":{"@type":"ImageObject","inLanguage":"pt-BR","@id":"https:\/\/lappis.org.br\/site\/#\/schema\/logo\/image\/","url":"https:\/\/lappis.org.br\/site\/wp-content\/uploads\/2025\/03\/logo-lappis25anos.png","contentUrl":"https:\/\/lappis.org.br\/site\/wp-content\/uploads\/2025\/03\/logo-lappis25anos.png","width":388,"height":146,"caption":"Lappis 25 anos"},"image":{"@id":"https:\/\/lappis.org.br\/site\/#\/schema\/logo\/image\/"}},{"@type":"Person","@id":"https:\/\/lappis.org.br\/site\/#\/schema\/person\/3852381d08284b5e2716b20bd89bdbcf","name":"fw2","image":{"@type":"ImageObject","inLanguage":"pt-BR","@id":"https:\/\/lappis.org.br\/site\/#\/schema\/person\/image\/","url":"https:\/\/secure.gravatar.com\/avatar\/c38472c0cdbde82d9b6fcc26adb3779d?s=96&d=mm&r=g","contentUrl":"https:\/\/secure.gravatar.com\/avatar\/c38472c0cdbde82d9b6fcc26adb3779d?s=96&d=mm&r=g","caption":"fw2"},"url":"https:\/\/lappis.org.br\/site\/author\/fw2"}]}},"jetpack_featured_media_url":"https:\/\/lappis.org.br\/site\/wp-content\/uploads\/2013\/11\/bh-rj.jpg","jetpack_shortlink":"https:\/\/wp.me\/p954Nh-BF","jetpack_sharing_enabled":true,"_links":{"self":[{"href":"https:\/\/lappis.org.br\/site\/wp-json\/wp\/v2\/posts\/2335"}],"collection":[{"href":"https:\/\/lappis.org.br\/site\/wp-json\/wp\/v2\/posts"}],"about":[{"href":"https:\/\/lappis.org.br\/site\/wp-json\/wp\/v2\/types\/post"}],"author":[{"embeddable":true,"href":"https:\/\/lappis.org.br\/site\/wp-json\/wp\/v2\/users\/1"}],"replies":[{"embeddable":true,"href":"https:\/\/lappis.org.br\/site\/wp-json\/wp\/v2\/comments?post=2335"}],"version-history":[{"count":0,"href":"https:\/\/lappis.org.br\/site\/wp-json\/wp\/v2\/posts\/2335\/revisions"}],"wp:featuredmedia":[{"embeddable":true,"href":"https:\/\/lappis.org.br\/site\/wp-json\/wp\/v2\/media\/2333"}],"wp:attachment":[{"href":"https:\/\/lappis.org.br\/site\/wp-json\/wp\/v2\/media?parent=2335"}],"wp:term":[{"taxonomy":"category","embeddable":true,"href":"https:\/\/lappis.org.br\/site\/wp-json\/wp\/v2\/categories?post=2335"},{"taxonomy":"post_tag","embeddable":true,"href":"https:\/\/lappis.org.br\/site\/wp-json\/wp\/v2\/tags?post=2335"}],"curies":[{"name":"wp","href":"https:\/\/api.w.org\/{rel}","templated":true}]}}