{"id":2294,"date":"2013-11-16T21:34:43","date_gmt":"2013-11-16T23:34:43","guid":{"rendered":"http:\/\/lappis.org.br\/site\/2013\/11\/16\/giro-pelo-vi-cbcshs\/"},"modified":"2017-08-23T10:25:14","modified_gmt":"2017-08-23T13:25:14","slug":"giro-pelo-vi-cbcshs","status":"publish","type":"post","link":"https:\/\/lappis.org.br\/site\/giro-pelo-vi-cbcshs\/2294","title":{"rendered":"Giro pelo VI CBCSHS no dia 16\/11"},"content":{"rendered":"<p style=\"text-align: justify;\"> \t<img fetchpriority=\"high\" decoding=\"async\" data-attachment-id=\"2289\" data-permalink=\"https:\/\/lappis.org.br\/site\/giro-pelo-vi-cbcshs\/2294\/attachment-alt-264\" data-orig-file=\"https:\/\/lappis.org.br\/site\/wp-content\/uploads\/2013\/11\/z-livro.jpg\" data-orig-size=\"420,226\" data-comments-opened=\"1\" data-image-meta=\"{&quot;aperture&quot;:&quot;0&quot;,&quot;credit&quot;:&quot;Lappis&quot;,&quot;camera&quot;:&quot;&quot;,&quot;caption&quot;:&quot;&quot;,&quot;created_timestamp&quot;:&quot;1384630064&quot;,&quot;copyright&quot;:&quot;&quot;,&quot;focal_length&quot;:&quot;0&quot;,&quot;iso&quot;:&quot;0&quot;,&quot;shutter_speed&quot;:&quot;0&quot;,&quot;title&quot;:&quot;&quot;,&quot;orientation&quot;:&quot;0&quot;}\" data-image-title=\"alt\" data-image-description=\"\" data-image-caption=\"\" data-medium-file=\"https:\/\/lappis.org.br\/site\/wp-content\/uploads\/2013\/11\/z-livro-300x161.jpg\" data-large-file=\"https:\/\/lappis.org.br\/site\/wp-content\/uploads\/2013\/11\/z-livro.jpg\" class=\" alignleft size-full wp-image-2289\" alt=\"alt\" src=\"http:\/\/lappis.org.br\/site\/wp-content\/uploads\/2013\/11\/z-livro.jpg\" style=\"margin: 5px; float: left;\" width=\"420\" height=\"226\" srcset=\"https:\/\/lappis.org.br\/site\/wp-content\/uploads\/2013\/11\/z-livro.jpg 420w, https:\/\/lappis.org.br\/site\/wp-content\/uploads\/2013\/11\/z-livro-300x161.jpg 300w\" sizes=\"(max-width: 420px) 100vw, 420px\" \/>Diversas atividades aconteceram no dia 16 de novembro. Os pesquisadores do Lappis e do IMS\/Uerj participaram de diversas apresenta\u00e7\u00f5es que promoveram a circula\u00e7\u00e3o e o di\u00e1logo entre saberes e pr\u00e1ticas no campo da sa\u00fade coletiva.<\/p>\n<p style=\"text-align: justify;\"> \tConhe\u00e7a abaixo algumas das atividades em que o Lappis esteve presente.<\/p>\n<p> \t<strong>Lappis lan\u00e7a livros no VI CBCSHS<\/strong><\/p>\n<p> \tO Laborat\u00f3rio de Pesquisas sobre Pr\u00e1ticas de Integralidade em Sa\u00fade apresentou, no dia 16 de novembro, tr\u00eas novos livros, produzidos por seus pesquisadores, para a comunidade acad\u00eamico-cient\u00edfica, profissionais da sa\u00fade e estudantes presentes no VI CBCSHS. As obras lan\u00e7adas foram\u00a0<em>Direito e Sa\u00fade: Enfoques Interdisciplinares<\/em>,\u00a0<em>Apoiando a gest\u00e3o do SUS em Rio Branco &ndash; Acre: a estrat\u00e9gia da incubadora de integralidade no desenvolvimento institucional<\/em>\u00a0e\u00a0<em>Constru\u00e7\u00e3o social da demanda por cuidado: revisitando o direito \u00e0 sa\u00fade, o trabalho em equipe, os espa\u00e7os p\u00fablicos e a participa\u00e7\u00e3o<\/em>. (Para saber mais sobre os livros, clique\u00a0<a href=\"http:\/\/lappis.org.br\/site\/lancamento-de-livros-do-lappis-no-iv-congresso\/2215\">aqui<\/a>)<\/p>\n<p> \tPara Lilian Koifman, uma das autoras do artigo\u00a0<em>Dispositivos de transforma\u00e7\u00e3o da forma\u00e7\u00e3o em sa\u00fade: desafios da constru\u00e7\u00e3o cotidiana e caminhos trilhado,\u00a0<\/em>do livro\u00a0<em>Constru\u00e7\u00e3o social da demanda por cuidado,\u00a0<\/em>a academia vem trabalhando as pol\u00edticas de forma\u00e7\u00e3o em sa\u00fade e como ela impacta na vida dos profissionais de sa\u00fade.&rdquo;Poder lan\u00e7ar com um Congresso como esse \u00e9 importante porque se multiplica a circula\u00e7\u00e3o de di\u00e1logos&rdquo;.<\/p>\n<p> \t<img decoding=\"async\" data-attachment-id=\"2290\" data-permalink=\"https:\/\/lappis.org.br\/site\/giro-pelo-vi-cbcshs\/2294\/attachment-alt-265\" data-orig-file=\"https:\/\/lappis.org.br\/site\/wp-content\/uploads\/2013\/11\/projeto-memoria.jpg\" data-orig-size=\"420,226\" data-comments-opened=\"1\" data-image-meta=\"{&quot;aperture&quot;:&quot;0&quot;,&quot;credit&quot;:&quot;Lappis&quot;,&quot;camera&quot;:&quot;&quot;,&quot;caption&quot;:&quot;&quot;,&quot;created_timestamp&quot;:&quot;1384628778&quot;,&quot;copyright&quot;:&quot;&quot;,&quot;focal_length&quot;:&quot;0&quot;,&quot;iso&quot;:&quot;0&quot;,&quot;shutter_speed&quot;:&quot;0&quot;,&quot;title&quot;:&quot;&quot;,&quot;orientation&quot;:&quot;0&quot;}\" data-image-title=\"alt\" data-image-description=\"\" data-image-caption=\"\" data-medium-file=\"https:\/\/lappis.org.br\/site\/wp-content\/uploads\/2013\/11\/projeto-memoria-300x161.jpg\" data-large-file=\"https:\/\/lappis.org.br\/site\/wp-content\/uploads\/2013\/11\/projeto-memoria.jpg\" class=\" alignright size-full wp-image-2290\" alt=\"alt\" src=\"http:\/\/lappis.org.br\/site\/wp-content\/uploads\/2013\/11\/projeto-memoria.jpg\" style=\"float: right; margin: 5px;\" width=\"420\" height=\"226\" srcset=\"https:\/\/lappis.org.br\/site\/wp-content\/uploads\/2013\/11\/projeto-memoria.jpg 420w, https:\/\/lappis.org.br\/site\/wp-content\/uploads\/2013\/11\/projeto-memoria-300x161.jpg 300w\" sizes=\"(max-width: 420px) 100vw, 420px\" \/><strong>Projeto Mem\u00f3ria<\/strong><\/p>\n<p> \tA hist\u00f3ria dos 30 anos do campo das ci\u00eancias sociais e humanas em sa\u00fade est\u00e1 sendo contada durante o VI CBCSHS. O acervo, produzido pelo Projeto Mem\u00f3ria, re\u00fane imagens e entrevistas em v\u00eddeo que dialogam com as atividades do Congresso. Os participantes podem conferir a exposi\u00e7\u00e3o na Capela Ecum\u00eanica, no Teatro Odylo Costa Filho, no Refeit\u00f3rio Universit\u00e1rio e nos 3\u00ba, 5\u00ba, 7\u00ba e 8\u00ba andares do Pavilh\u00e3o Jo\u00e3o Lyra Filho da Uerj.<\/p>\n<p> \t<img decoding=\"async\" data-attachment-id=\"2291\" data-permalink=\"https:\/\/lappis.org.br\/site\/giro-pelo-vi-cbcshs\/2294\/attachment-alt-266\" data-orig-file=\"https:\/\/lappis.org.br\/site\/wp-content\/uploads\/2013\/11\/z-bvs.jpg\" data-orig-size=\"420,226\" data-comments-opened=\"1\" data-image-meta=\"{&quot;aperture&quot;:&quot;0&quot;,&quot;credit&quot;:&quot;Lappis&quot;,&quot;camera&quot;:&quot;&quot;,&quot;caption&quot;:&quot;&quot;,&quot;created_timestamp&quot;:&quot;1384628778&quot;,&quot;copyright&quot;:&quot;&quot;,&quot;focal_length&quot;:&quot;0&quot;,&quot;iso&quot;:&quot;0&quot;,&quot;shutter_speed&quot;:&quot;0&quot;,&quot;title&quot;:&quot;&quot;,&quot;orientation&quot;:&quot;0&quot;}\" data-image-title=\"alt\" data-image-description=\"\" data-image-caption=\"\" data-medium-file=\"https:\/\/lappis.org.br\/site\/wp-content\/uploads\/2013\/11\/z-bvs-300x161.jpg\" data-large-file=\"https:\/\/lappis.org.br\/site\/wp-content\/uploads\/2013\/11\/z-bvs.jpg\" class=\" alignright size-full wp-image-2291\" alt=\"alt\" src=\"http:\/\/lappis.org.br\/site\/wp-content\/uploads\/2013\/11\/z-bvs.jpg\" style=\"float: right; margin: 5px;\" width=\"420\" height=\"226\" srcset=\"https:\/\/lappis.org.br\/site\/wp-content\/uploads\/2013\/11\/z-bvs.jpg 420w, https:\/\/lappis.org.br\/site\/wp-content\/uploads\/2013\/11\/z-bvs-300x161.jpg 300w\" sizes=\"(max-width: 420px) 100vw, 420px\" \/><strong>BVS Integralidade em Sa\u00fade<\/strong><\/p>\n<p> \tCentenas de pessoas est\u00e3o passando pelo espa\u00e7o da BVS Integralidade em Sa\u00fade, no stand do IMS\/Uerj, situado no foyer do Teatro Odylo Costa Filho. No local, est\u00e1 sendo exibido o v\u00eddeo BVS Integralidade em Sa\u00fade, sendo entregues panfletos e as bibliotec\u00e1rias da BVS est\u00e3o apresentando o banco de dados sobre sa\u00fade e integralidade. Para Sandra Infurna, bibliotec\u00e1ria do IMS, a repercuss\u00e3o foi muito interessante. &ldquo;As pessoas est\u00e3o descobrindo que h\u00e1 uma outra forma de buscar informa\u00e7\u00f5es atrav\u00e9s dessa ferramenta. Foi muito importante para a gente estar aqui para divulgar a biblioteca virtual&rdquo;.<\/p>\n<p> \t<img loading=\"lazy\" decoding=\"async\" data-attachment-id=\"2292\" data-permalink=\"https:\/\/lappis.org.br\/site\/giro-pelo-vi-cbcshs\/2294\/attachment-alt-267\" data-orig-file=\"https:\/\/lappis.org.br\/site\/wp-content\/uploads\/2013\/11\/hesio.jpg\" data-orig-size=\"420,226\" data-comments-opened=\"1\" data-image-meta=\"{&quot;aperture&quot;:&quot;0&quot;,&quot;credit&quot;:&quot;Lappis&quot;,&quot;camera&quot;:&quot;&quot;,&quot;caption&quot;:&quot;&quot;,&quot;created_timestamp&quot;:&quot;1384330739&quot;,&quot;copyright&quot;:&quot;&quot;,&quot;focal_length&quot;:&quot;0&quot;,&quot;iso&quot;:&quot;0&quot;,&quot;shutter_speed&quot;:&quot;0&quot;,&quot;title&quot;:&quot;&quot;,&quot;orientation&quot;:&quot;0&quot;}\" data-image-title=\"alt\" data-image-description=\"\" data-image-caption=\"\" data-medium-file=\"https:\/\/lappis.org.br\/site\/wp-content\/uploads\/2013\/11\/hesio-300x161.jpg\" data-large-file=\"https:\/\/lappis.org.br\/site\/wp-content\/uploads\/2013\/11\/hesio.jpg\" class=\" alignleft size-full wp-image-2292\" alt=\"alt\" src=\"http:\/\/lappis.org.br\/site\/wp-content\/uploads\/2013\/11\/hesio.jpg\" style=\"margin: 5px; float: left;\" width=\"420\" height=\"226\" srcset=\"https:\/\/lappis.org.br\/site\/wp-content\/uploads\/2013\/11\/hesio.jpg 420w, https:\/\/lappis.org.br\/site\/wp-content\/uploads\/2013\/11\/hesio-300x161.jpg 300w\" sizes=\"(max-width: 420px) 100vw, 420px\" \/><strong>H\u00e9sio Cordeiro<\/strong><\/p>\n<p> \tA exposi\u00e7\u00e3o itinerante\u00a0<em>Permane\u00e7amos Lutando! 1988 &#8211; Imagens de um desagravo<\/em>, uma homenagem da Casa de Oswaldo Cruz\/COC\/FIOCRUZ ao m\u00e9dico H\u00e9sio Cordeiro, est\u00e1 no VI Congresso Brasileiro de Ci\u00eancias Sociais e Humanas em Sa\u00fade. Confira no hall do 7\u00ba andar, da Uerj, a trajet\u00f3ria de um dos principais art\u00edfices da cria\u00e7\u00e3o do Sistema \u00danico de Sa\u00fade\/SUS,\u00a0 figura decisiva para a reforma sanit\u00e1ria brasileira e para a constru\u00e7\u00e3o do campo social da sa\u00fade coletiva.<\/p>\n<p> \t<strong>GT 5 &#8211; As Diferen\u00e7as na Diversidade<\/strong><\/p>\n<p> \tRoseni Pinheiro coordenou o<em>GT 5 &#8211; As Diferen\u00e7as na Diversidade: Demandas por Pr\u00e1ticas de Integralidade<\/em>. Na ocasi\u00e3o, foram apresentados trabalhos sobre racismo institucional, sa\u00fade ind\u00edgena, inser\u00e7\u00e3o das mulheres surdas no SUS e popula\u00e7\u00e3o prisional.<\/p>\n<p> \t<strong>GT 23 &#8211; Humaniza\u00e7\u00e3o da Sa\u00fade &#8211; Desafios te\u00f3rico-metodol\u00f3gicos para a humaniza\u00e7\u00e3o da pesquisa em sa\u00fade<\/strong><\/p>\n<p> \t<img loading=\"lazy\" decoding=\"async\" data-attachment-id=\"2293\" data-permalink=\"https:\/\/lappis.org.br\/site\/giro-pelo-vi-cbcshs\/2294\/attachment-alt-268\" data-orig-file=\"https:\/\/lappis.org.br\/site\/wp-content\/uploads\/2013\/11\/jaqueline.jpg\" data-orig-size=\"420,226\" data-comments-opened=\"1\" data-image-meta=\"{&quot;aperture&quot;:&quot;0&quot;,&quot;credit&quot;:&quot;Lappis&quot;,&quot;camera&quot;:&quot;&quot;,&quot;caption&quot;:&quot;&quot;,&quot;created_timestamp&quot;:&quot;1384628778&quot;,&quot;copyright&quot;:&quot;&quot;,&quot;focal_length&quot;:&quot;0&quot;,&quot;iso&quot;:&quot;0&quot;,&quot;shutter_speed&quot;:&quot;0&quot;,&quot;title&quot;:&quot;&quot;,&quot;orientation&quot;:&quot;0&quot;}\" data-image-title=\"alt\" data-image-description=\"\" data-image-caption=\"\" data-medium-file=\"https:\/\/lappis.org.br\/site\/wp-content\/uploads\/2013\/11\/jaqueline-300x161.jpg\" data-large-file=\"https:\/\/lappis.org.br\/site\/wp-content\/uploads\/2013\/11\/jaqueline.jpg\" class=\" alignright size-full wp-image-2293\" alt=\"alt\" src=\"http:\/\/lappis.org.br\/site\/wp-content\/uploads\/2013\/11\/jaqueline.jpg\" style=\"margin: 5px; float: right;\" width=\"420\" height=\"226\" srcset=\"https:\/\/lappis.org.br\/site\/wp-content\/uploads\/2013\/11\/jaqueline.jpg 420w, https:\/\/lappis.org.br\/site\/wp-content\/uploads\/2013\/11\/jaqueline-300x161.jpg 300w\" sizes=\"(max-width: 420px) 100vw, 420px\" \/>A p\u00f3s-doutoranda do IMS\/Uerj, Jaqueline Rodrigues Robaina, apresentou o trabalho &ldquo;Perfil s\u00f3cio-democr\u00e1tico de apoiadores do SUS&rdquo; do\u00a0<em>GT 23 &#8211; Humaniza\u00e7\u00e3o da Sa\u00fade &#8211; Desafios te\u00f3rico-metodol\u00f3gicos para a humaniza\u00e7\u00e3o da pesquisa em sa\u00fade.\u00a0<\/em>Ela apresentou o resultado preliminar do mapeamento dos apoiadores no Brasil.<\/p>\n<p> \tDe acordo com Jaqueline, 324 pessoas que se identificam como apoiadores responderam o question\u00e1rio.\u00a0 Destes, 87% s\u00e3o mulheres; 45,5% deles possuem n\u00edvel superior com especializa\u00e7\u00e3o; e 15,1% deles est\u00e3o vinculados ao Minist\u00e9rio da Sa\u00fade, 29,3% s\u00e3o de Secretarias Estaduais de Sa\u00fade, 44,1% s\u00e3o de Secretarias Municipais de Sa\u00fade. Para a pesquisadora: &ldquo;Torna-se fundamental olhar as rela\u00e7\u00f5es estabelecidas no cotidiano dos espa\u00e7os institucionais, identificando os desafios e as estrat\u00e9gias inventadas na atua\u00e7\u00e3o dos apoiadores, bem como suas contribui\u00e7\u00f5es para a integralidade das a\u00e7\u00f5es desenvolvidas&rdquo;.<br \/> \t\u00a0<\/p>\n","protected":false},"excerpt":{"rendered":"<div class=\"mh-excerpt\"><p style=\"text-align: justify;\"> \t<img loading=\"lazy\" decoding=\"async\" class=\" alignleft size-full wp-image-2289\" alt=\"alt\" src=\"http:\/\/lappis.org.br\/site\/wp-content\/uploads\/2013\/11\/z-livro.jpg\" style=\"margin: 5px; float: left;\" width=\"420\" height=\"226\" srcset=\"https:\/\/lappis.org.br\/site\/wp-content\/uploads\/2013\/11\/z-livro.jpg 420w, https:\/\/lappis.org.br\/site\/wp-content\/uploads\/2013\/11\/z-livro-300x161.jpg 300w\" sizes=\"(max-width: 420px) 100vw, 420px\" \/>Diversas atividades aconteceram no dia 16 de novembro. Os pesquisadores do Lappis e do IMS\/Uerj participaram de diversas apresenta\u00e7\u00f5es que promoveram a circula\u00e7\u00e3o e o di\u00e1logo entre saberes e pr\u00e1ticas no campo da sa\u00fade coletiva.<\/p>\n<p>  <a class=\"mh-excerpt-more\" href=\"https:\/\/lappis.org.br\/site\/giro-pelo-vi-cbcshs\/2294\" title=\"Giro pelo VI CBCSHS no dia 16\/11\">[&#8230;]<\/a><\/p>\n<\/div>","protected":false},"author":1,"featured_media":2288,"comment_status":"open","ping_status":"open","sticky":false,"template":"","format":"standard","meta":{"_acf_changed":false,"_exactmetrics_skip_tracking":false,"_exactmetrics_sitenote_active":false,"_exactmetrics_sitenote_note":"","_exactmetrics_sitenote_category":0,"jetpack_post_was_ever_published":false,"_jetpack_newsletter_access":"","_jetpack_dont_email_post_to_subs":false,"_jetpack_newsletter_tier_id":0,"_jetpack_memberships_contains_paywalled_content":false,"_jetpack_memberships_contains_paid_content":false,"footnotes":"","jetpack_publicize_message":"","jetpack_publicize_feature_enabled":true,"jetpack_social_post_already_shared":false,"jetpack_social_options":{"image_generator_settings":{"template":"highway","enabled":false},"version":2}},"categories":[64],"tags":[],"class_list":{"0":"post-2294","1":"post","2":"type-post","3":"status-publish","4":"format-standard","5":"has-post-thumbnail","7":"category-vi-cbcshs-noticias"},"jetpack_publicize_connections":[],"acf":[],"yoast_head":"<!-- This site is optimized with the Yoast SEO plugin v25.2 - https:\/\/yoast.com\/wordpress\/plugins\/seo\/ -->\n<title>Giro pelo VI CBCSHS no dia 16\/11 - Lappis 25 anos<\/title>\n<meta name=\"robots\" content=\"index, follow, max-snippet:-1, max-image-preview:large, max-video-preview:-1\" \/>\n<link rel=\"canonical\" href=\"https:\/\/lappis.org.br\/site\/giro-pelo-vi-cbcshs\/2294\" \/>\n<meta property=\"og:locale\" content=\"pt_BR\" \/>\n<meta property=\"og:type\" content=\"article\" \/>\n<meta property=\"og:title\" content=\"Giro pelo VI CBCSHS no dia 16\/11 - Lappis 25 anos\" \/>\n<meta property=\"og:description\" content=\"Diversas atividades aconteceram no dia 16 de novembro. Os pesquisadores do Lappis e do IMS\/Uerj participaram de diversas apresenta\u00e7\u00f5es que promoveram a circula\u00e7\u00e3o e o di\u00e1logo entre saberes e pr\u00e1ticas no campo da sa\u00fade coletiva. [...]\" \/>\n<meta property=\"og:url\" content=\"https:\/\/lappis.org.br\/site\/giro-pelo-vi-cbcshs\/2294\" \/>\n<meta property=\"og:site_name\" content=\"Lappis 25 anos\" \/>\n<meta property=\"article:published_time\" content=\"2013-11-16T23:34:43+00:00\" \/>\n<meta property=\"article:modified_time\" content=\"2017-08-23T13:25:14+00:00\" \/>\n<meta property=\"og:image\" content=\"https:\/\/lappis.org.br\/site\/wp-content\/uploads\/2013\/11\/z-livro.jpg\" \/>\n\t<meta property=\"og:image:width\" content=\"420\" \/>\n\t<meta property=\"og:image:height\" content=\"226\" \/>\n\t<meta property=\"og:image:type\" content=\"image\/jpeg\" \/>\n<meta name=\"author\" content=\"fw2\" \/>\n<meta name=\"twitter:card\" content=\"summary_large_image\" \/>\n<meta name=\"twitter:label1\" content=\"Escrito por\" \/>\n\t<meta name=\"twitter:data1\" content=\"fw2\" \/>\n\t<meta name=\"twitter:label2\" content=\"Est. tempo de leitura\" \/>\n\t<meta name=\"twitter:data2\" content=\"4 minutos\" \/>\n<script type=\"application\/ld+json\" class=\"yoast-schema-graph\">{\"@context\":\"https:\/\/schema.org\",\"@graph\":[{\"@type\":\"Article\",\"@id\":\"https:\/\/lappis.org.br\/site\/giro-pelo-vi-cbcshs\/2294#article\",\"isPartOf\":{\"@id\":\"https:\/\/lappis.org.br\/site\/giro-pelo-vi-cbcshs\/2294\"},\"author\":{\"name\":\"fw2\",\"@id\":\"https:\/\/lappis.org.br\/site\/#\/schema\/person\/3852381d08284b5e2716b20bd89bdbcf\"},\"headline\":\"Giro pelo VI CBCSHS no dia 16\/11\",\"datePublished\":\"2013-11-16T23:34:43+00:00\",\"dateModified\":\"2017-08-23T13:25:14+00:00\",\"mainEntityOfPage\":{\"@id\":\"https:\/\/lappis.org.br\/site\/giro-pelo-vi-cbcshs\/2294\"},\"wordCount\":756,\"commentCount\":0,\"publisher\":{\"@id\":\"https:\/\/lappis.org.br\/site\/#organization\"},\"image\":{\"@id\":\"https:\/\/lappis.org.br\/site\/giro-pelo-vi-cbcshs\/2294#primaryimage\"},\"thumbnailUrl\":\"https:\/\/lappis.org.br\/site\/wp-content\/uploads\/2013\/11\/z-livro.jpg\",\"articleSection\":[\"VI CBCSHS - Not\u00edcias\"],\"inLanguage\":\"pt-BR\",\"potentialAction\":[{\"@type\":\"CommentAction\",\"name\":\"Comment\",\"target\":[\"https:\/\/lappis.org.br\/site\/giro-pelo-vi-cbcshs\/2294#respond\"]}]},{\"@type\":\"WebPage\",\"@id\":\"https:\/\/lappis.org.br\/site\/giro-pelo-vi-cbcshs\/2294\",\"url\":\"https:\/\/lappis.org.br\/site\/giro-pelo-vi-cbcshs\/2294\",\"name\":\"Giro pelo VI CBCSHS no dia 16\/11 - Lappis 25 anos\",\"isPartOf\":{\"@id\":\"https:\/\/lappis.org.br\/site\/#website\"},\"primaryImageOfPage\":{\"@id\":\"https:\/\/lappis.org.br\/site\/giro-pelo-vi-cbcshs\/2294#primaryimage\"},\"image\":{\"@id\":\"https:\/\/lappis.org.br\/site\/giro-pelo-vi-cbcshs\/2294#primaryimage\"},\"thumbnailUrl\":\"https:\/\/lappis.org.br\/site\/wp-content\/uploads\/2013\/11\/z-livro.jpg\",\"datePublished\":\"2013-11-16T23:34:43+00:00\",\"dateModified\":\"2017-08-23T13:25:14+00:00\",\"breadcrumb\":{\"@id\":\"https:\/\/lappis.org.br\/site\/giro-pelo-vi-cbcshs\/2294#breadcrumb\"},\"inLanguage\":\"pt-BR\",\"potentialAction\":[{\"@type\":\"ReadAction\",\"target\":[\"https:\/\/lappis.org.br\/site\/giro-pelo-vi-cbcshs\/2294\"]}]},{\"@type\":\"ImageObject\",\"inLanguage\":\"pt-BR\",\"@id\":\"https:\/\/lappis.org.br\/site\/giro-pelo-vi-cbcshs\/2294#primaryimage\",\"url\":\"https:\/\/lappis.org.br\/site\/wp-content\/uploads\/2013\/11\/z-livro.jpg\",\"contentUrl\":\"https:\/\/lappis.org.br\/site\/wp-content\/uploads\/2013\/11\/z-livro.jpg\",\"width\":420,\"height\":226,\"caption\":\"alt\"},{\"@type\":\"BreadcrumbList\",\"@id\":\"https:\/\/lappis.org.br\/site\/giro-pelo-vi-cbcshs\/2294#breadcrumb\",\"itemListElement\":[{\"@type\":\"ListItem\",\"position\":1,\"name\":\"In\u00edcio\",\"item\":\"https:\/\/lappis.org.br\/site\/\"},{\"@type\":\"ListItem\",\"position\":2,\"name\":\"Giro pelo VI CBCSHS no dia 16\/11\"}]},{\"@type\":\"WebSite\",\"@id\":\"https:\/\/lappis.org.br\/site\/#website\",\"url\":\"https:\/\/lappis.org.br\/site\/\",\"name\":\"Lappis 25 anos\",\"description\":\"Labotat\u00f3rio de Pesquisas sobre Pr\u00e1ticas de Integralidade em Sa\u00fade\",\"publisher\":{\"@id\":\"https:\/\/lappis.org.br\/site\/#organization\"},\"potentialAction\":[{\"@type\":\"SearchAction\",\"target\":{\"@type\":\"EntryPoint\",\"urlTemplate\":\"https:\/\/lappis.org.br\/site\/?s={search_term_string}\"},\"query-input\":{\"@type\":\"PropertyValueSpecification\",\"valueRequired\":true,\"valueName\":\"search_term_string\"}}],\"inLanguage\":\"pt-BR\"},{\"@type\":\"Organization\",\"@id\":\"https:\/\/lappis.org.br\/site\/#organization\",\"name\":\"Lappis 25 anos\",\"url\":\"https:\/\/lappis.org.br\/site\/\",\"logo\":{\"@type\":\"ImageObject\",\"inLanguage\":\"pt-BR\",\"@id\":\"https:\/\/lappis.org.br\/site\/#\/schema\/logo\/image\/\",\"url\":\"https:\/\/lappis.org.br\/site\/wp-content\/uploads\/2025\/03\/logo-lappis25anos.png\",\"contentUrl\":\"https:\/\/lappis.org.br\/site\/wp-content\/uploads\/2025\/03\/logo-lappis25anos.png\",\"width\":388,\"height\":146,\"caption\":\"Lappis 25 anos\"},\"image\":{\"@id\":\"https:\/\/lappis.org.br\/site\/#\/schema\/logo\/image\/\"}},{\"@type\":\"Person\",\"@id\":\"https:\/\/lappis.org.br\/site\/#\/schema\/person\/3852381d08284b5e2716b20bd89bdbcf\",\"name\":\"fw2\",\"image\":{\"@type\":\"ImageObject\",\"inLanguage\":\"pt-BR\",\"@id\":\"https:\/\/lappis.org.br\/site\/#\/schema\/person\/image\/\",\"url\":\"https:\/\/secure.gravatar.com\/avatar\/c38472c0cdbde82d9b6fcc26adb3779d?s=96&d=mm&r=g\",\"contentUrl\":\"https:\/\/secure.gravatar.com\/avatar\/c38472c0cdbde82d9b6fcc26adb3779d?s=96&d=mm&r=g\",\"caption\":\"fw2\"},\"url\":\"https:\/\/lappis.org.br\/site\/author\/fw2\"}]}<\/script>\n<!-- \/ Yoast SEO plugin. -->","yoast_head_json":{"title":"Giro pelo VI CBCSHS no dia 16\/11 - Lappis 25 anos","robots":{"index":"index","follow":"follow","max-snippet":"max-snippet:-1","max-image-preview":"max-image-preview:large","max-video-preview":"max-video-preview:-1"},"canonical":"https:\/\/lappis.org.br\/site\/giro-pelo-vi-cbcshs\/2294","og_locale":"pt_BR","og_type":"article","og_title":"Giro pelo VI CBCSHS no dia 16\/11 - Lappis 25 anos","og_description":"Diversas atividades aconteceram no dia 16 de novembro. Os pesquisadores do Lappis e do IMS\/Uerj participaram de diversas apresenta\u00e7\u00f5es que promoveram a circula\u00e7\u00e3o e o di\u00e1logo entre saberes e pr\u00e1ticas no campo da sa\u00fade coletiva. [...]","og_url":"https:\/\/lappis.org.br\/site\/giro-pelo-vi-cbcshs\/2294","og_site_name":"Lappis 25 anos","article_published_time":"2013-11-16T23:34:43+00:00","article_modified_time":"2017-08-23T13:25:14+00:00","og_image":[{"width":420,"height":226,"url":"https:\/\/lappis.org.br\/site\/wp-content\/uploads\/2013\/11\/z-livro.jpg","type":"image\/jpeg"}],"author":"fw2","twitter_card":"summary_large_image","twitter_misc":{"Escrito por":"fw2","Est. tempo de leitura":"4 minutos"},"schema":{"@context":"https:\/\/schema.org","@graph":[{"@type":"Article","@id":"https:\/\/lappis.org.br\/site\/giro-pelo-vi-cbcshs\/2294#article","isPartOf":{"@id":"https:\/\/lappis.org.br\/site\/giro-pelo-vi-cbcshs\/2294"},"author":{"name":"fw2","@id":"https:\/\/lappis.org.br\/site\/#\/schema\/person\/3852381d08284b5e2716b20bd89bdbcf"},"headline":"Giro pelo VI CBCSHS no dia 16\/11","datePublished":"2013-11-16T23:34:43+00:00","dateModified":"2017-08-23T13:25:14+00:00","mainEntityOfPage":{"@id":"https:\/\/lappis.org.br\/site\/giro-pelo-vi-cbcshs\/2294"},"wordCount":756,"commentCount":0,"publisher":{"@id":"https:\/\/lappis.org.br\/site\/#organization"},"image":{"@id":"https:\/\/lappis.org.br\/site\/giro-pelo-vi-cbcshs\/2294#primaryimage"},"thumbnailUrl":"https:\/\/lappis.org.br\/site\/wp-content\/uploads\/2013\/11\/z-livro.jpg","articleSection":["VI CBCSHS - Not\u00edcias"],"inLanguage":"pt-BR","potentialAction":[{"@type":"CommentAction","name":"Comment","target":["https:\/\/lappis.org.br\/site\/giro-pelo-vi-cbcshs\/2294#respond"]}]},{"@type":"WebPage","@id":"https:\/\/lappis.org.br\/site\/giro-pelo-vi-cbcshs\/2294","url":"https:\/\/lappis.org.br\/site\/giro-pelo-vi-cbcshs\/2294","name":"Giro pelo VI CBCSHS no dia 16\/11 - Lappis 25 anos","isPartOf":{"@id":"https:\/\/lappis.org.br\/site\/#website"},"primaryImageOfPage":{"@id":"https:\/\/lappis.org.br\/site\/giro-pelo-vi-cbcshs\/2294#primaryimage"},"image":{"@id":"https:\/\/lappis.org.br\/site\/giro-pelo-vi-cbcshs\/2294#primaryimage"},"thumbnailUrl":"https:\/\/lappis.org.br\/site\/wp-content\/uploads\/2013\/11\/z-livro.jpg","datePublished":"2013-11-16T23:34:43+00:00","dateModified":"2017-08-23T13:25:14+00:00","breadcrumb":{"@id":"https:\/\/lappis.org.br\/site\/giro-pelo-vi-cbcshs\/2294#breadcrumb"},"inLanguage":"pt-BR","potentialAction":[{"@type":"ReadAction","target":["https:\/\/lappis.org.br\/site\/giro-pelo-vi-cbcshs\/2294"]}]},{"@type":"ImageObject","inLanguage":"pt-BR","@id":"https:\/\/lappis.org.br\/site\/giro-pelo-vi-cbcshs\/2294#primaryimage","url":"https:\/\/lappis.org.br\/site\/wp-content\/uploads\/2013\/11\/z-livro.jpg","contentUrl":"https:\/\/lappis.org.br\/site\/wp-content\/uploads\/2013\/11\/z-livro.jpg","width":420,"height":226,"caption":"alt"},{"@type":"BreadcrumbList","@id":"https:\/\/lappis.org.br\/site\/giro-pelo-vi-cbcshs\/2294#breadcrumb","itemListElement":[{"@type":"ListItem","position":1,"name":"In\u00edcio","item":"https:\/\/lappis.org.br\/site\/"},{"@type":"ListItem","position":2,"name":"Giro pelo VI CBCSHS no dia 16\/11"}]},{"@type":"WebSite","@id":"https:\/\/lappis.org.br\/site\/#website","url":"https:\/\/lappis.org.br\/site\/","name":"Lappis 25 anos","description":"Labotat\u00f3rio de Pesquisas sobre Pr\u00e1ticas de Integralidade em Sa\u00fade","publisher":{"@id":"https:\/\/lappis.org.br\/site\/#organization"},"potentialAction":[{"@type":"SearchAction","target":{"@type":"EntryPoint","urlTemplate":"https:\/\/lappis.org.br\/site\/?s={search_term_string}"},"query-input":{"@type":"PropertyValueSpecification","valueRequired":true,"valueName":"search_term_string"}}],"inLanguage":"pt-BR"},{"@type":"Organization","@id":"https:\/\/lappis.org.br\/site\/#organization","name":"Lappis 25 anos","url":"https:\/\/lappis.org.br\/site\/","logo":{"@type":"ImageObject","inLanguage":"pt-BR","@id":"https:\/\/lappis.org.br\/site\/#\/schema\/logo\/image\/","url":"https:\/\/lappis.org.br\/site\/wp-content\/uploads\/2025\/03\/logo-lappis25anos.png","contentUrl":"https:\/\/lappis.org.br\/site\/wp-content\/uploads\/2025\/03\/logo-lappis25anos.png","width":388,"height":146,"caption":"Lappis 25 anos"},"image":{"@id":"https:\/\/lappis.org.br\/site\/#\/schema\/logo\/image\/"}},{"@type":"Person","@id":"https:\/\/lappis.org.br\/site\/#\/schema\/person\/3852381d08284b5e2716b20bd89bdbcf","name":"fw2","image":{"@type":"ImageObject","inLanguage":"pt-BR","@id":"https:\/\/lappis.org.br\/site\/#\/schema\/person\/image\/","url":"https:\/\/secure.gravatar.com\/avatar\/c38472c0cdbde82d9b6fcc26adb3779d?s=96&d=mm&r=g","contentUrl":"https:\/\/secure.gravatar.com\/avatar\/c38472c0cdbde82d9b6fcc26adb3779d?s=96&d=mm&r=g","caption":"fw2"},"url":"https:\/\/lappis.org.br\/site\/author\/fw2"}]}},"jetpack_featured_media_url":"https:\/\/lappis.org.br\/site\/wp-content\/uploads\/2013\/11\/z-livro.jpg","jetpack_shortlink":"https:\/\/wp.me\/p954Nh-B0","jetpack_sharing_enabled":true,"_links":{"self":[{"href":"https:\/\/lappis.org.br\/site\/wp-json\/wp\/v2\/posts\/2294"}],"collection":[{"href":"https:\/\/lappis.org.br\/site\/wp-json\/wp\/v2\/posts"}],"about":[{"href":"https:\/\/lappis.org.br\/site\/wp-json\/wp\/v2\/types\/post"}],"author":[{"embeddable":true,"href":"https:\/\/lappis.org.br\/site\/wp-json\/wp\/v2\/users\/1"}],"replies":[{"embeddable":true,"href":"https:\/\/lappis.org.br\/site\/wp-json\/wp\/v2\/comments?post=2294"}],"version-history":[{"count":1,"href":"https:\/\/lappis.org.br\/site\/wp-json\/wp\/v2\/posts\/2294\/revisions"}],"predecessor-version":[{"id":3708,"href":"https:\/\/lappis.org.br\/site\/wp-json\/wp\/v2\/posts\/2294\/revisions\/3708"}],"wp:featuredmedia":[{"embeddable":true,"href":"https:\/\/lappis.org.br\/site\/wp-json\/wp\/v2\/media\/2288"}],"wp:attachment":[{"href":"https:\/\/lappis.org.br\/site\/wp-json\/wp\/v2\/media?parent=2294"}],"wp:term":[{"taxonomy":"category","embeddable":true,"href":"https:\/\/lappis.org.br\/site\/wp-json\/wp\/v2\/categories?post=2294"},{"taxonomy":"post_tag","embeddable":true,"href":"https:\/\/lappis.org.br\/site\/wp-json\/wp\/v2\/tags?post=2294"}],"curies":[{"name":"wp","href":"https:\/\/api.w.org\/{rel}","templated":true}]}}