{"id":2228,"date":"2013-11-13T10:52:04","date_gmt":"2013-11-13T12:52:04","guid":{"rendered":"http:\/\/lappis.org.br\/site\/2013\/11\/13\/representante-da-opas-visita-o-lappisimsuerj-e-cepesc\/"},"modified":"2013-11-13T10:52:04","modified_gmt":"2013-11-13T12:52:04","slug":"representante-da-opas-visita-o-lappisimsuerj-e-cepesc","status":"publish","type":"post","link":"https:\/\/lappis.org.br\/site\/representante-da-opas-visita-o-lappisimsuerj-e-cepesc\/2228","title":{"rendered":"Representante da OPAS visita o Lappis\/IMS\/UERj e CEPESC"},"content":{"rendered":"<p style=\"text-align: justify;\"> \t<img fetchpriority=\"high\" decoding=\"async\" data-attachment-id=\"2227\" data-permalink=\"https:\/\/lappis.org.br\/site\/representante-da-opas-visita-o-lappisimsuerj-e-cepesc\/2228\/attachment-alt-219\" data-orig-file=\"https:\/\/lappis.org.br\/site\/wp-content\/uploads\/2013\/11\/z.jpg\" data-orig-size=\"420,226\" data-comments-opened=\"1\" data-image-meta=\"{&quot;aperture&quot;:&quot;0&quot;,&quot;credit&quot;:&quot;Lappis&quot;,&quot;camera&quot;:&quot;&quot;,&quot;caption&quot;:&quot;&quot;,&quot;created_timestamp&quot;:&quot;1384330739&quot;,&quot;copyright&quot;:&quot;&quot;,&quot;focal_length&quot;:&quot;0&quot;,&quot;iso&quot;:&quot;0&quot;,&quot;shutter_speed&quot;:&quot;0&quot;,&quot;title&quot;:&quot;&quot;,&quot;orientation&quot;:&quot;0&quot;}\" data-image-title=\"alt\" data-image-description=\"\" data-image-caption=\"\" data-medium-file=\"https:\/\/lappis.org.br\/site\/wp-content\/uploads\/2013\/11\/z-300x161.jpg\" data-large-file=\"https:\/\/lappis.org.br\/site\/wp-content\/uploads\/2013\/11\/z.jpg\" class=\" alignleft size-full wp-image-2227\" alt=\"alt\" src=\"http:\/\/lappis.org.br\/site\/wp-content\/uploads\/2013\/11\/z.jpg\" style=\"margin: 5px; float: left;\" width=\"420\" height=\"226\" srcset=\"https:\/\/lappis.org.br\/site\/wp-content\/uploads\/2013\/11\/z.jpg 420w, https:\/\/lappis.org.br\/site\/wp-content\/uploads\/2013\/11\/z-300x161.jpg 300w\" sizes=\"(max-width: 420px) 100vw, 420px\" \/>Com intuito de fortalecer a coopera\u00e7\u00e3o t\u00e9cnica com o Lappis\/IMS\/Uerj, atrav\u00e9s do Centro de Estudos e Pesquisa em Sa\u00fade Coletiva\/CEPESC , o gerente de Sa\u00fade da Fam\u00edlia e Curso de Vida da Organiza\u00e7\u00e3o Panamericana de Sa\u00fade\/OPAS, Dr. Rodolfo Gomez, esteve na Uerj, no dia 11 de novembro, para acompanhar os avan\u00e7os t\u00e9cnicos do Projeto Apoio e para entender o fluxo de desenvolvimento dos projetos de sa\u00fade desenvolvidos pelo Instituto.<\/p>\n<p style=\"text-align: justify;\"> \tPara o gerente da OPAS, o grau de expertise e desenvolvimento da gest\u00e3o de conhecimento do CEPESC pode ajudar a consolidar a coopera\u00e7\u00e3o t\u00e9cnica da Organiza\u00e7\u00e3o em outros pa\u00edses.<\/p>\n<p> \t&ldquo;O CEPESC tem uma hist\u00f3ria de produ\u00e7\u00e3o cient\u00edfica muito reconhecida no mundo e no Brasil e tem tamb\u00e9m tem um hist\u00f3rico de cartas acordos muito bem desenvolvidas. O pr\u00f3prio Minist\u00e9rio da Sa\u00fade confiou no CEPESC para desenvolver instrumentos e\u00a0\u00a0acompanhar processos chaves, sobretudo na rede de aten\u00e7\u00e3o e o Programa Nacional de Humaniza\u00e7\u00e3o. OPAS tem muit\u00edssimo interesse de acompanhar profundamente alguns elementos que poderiam ser utilizados por outros pa\u00edses da regi\u00e3o das Am\u00e9ricas&rdquo;, comenta.<\/p>\n<p> \tO Dr. Rodolfo Gomez tamb\u00e9m relembra que a parceria entre CEPESC e Lappis \u00e9 muito antiga e consolidada.<\/p>\n<p> \t&ldquo;A UERJ tem o reconhecimento cientifico indiscut\u00edvel, especialmente na sa\u00fade p\u00fablica. Essa visita tamb\u00e9m fortalece esse v\u00ednculo cient\u00edfico-t\u00e9cnico entre as duas organiza\u00e7\u00f5es. A OPAS como o \u00fanico organismo das Na\u00e7\u00f5es Unidas especializada em sa\u00fade e a Uerj que tem a sa\u00fade p\u00fablica como prioridade de desenvolvimento. Estamos estreitando os la\u00e7os de comunica\u00e7\u00e3o, pois vamos produzir muito conhecimento juntos.&rdquo;<\/p>\n<p> \tDurante o encontro, extendeu-se a parceria \u00e0 \u00e1rea da comunica\u00e7\u00e3o, com a OPAS se colocando \u00e0 disposi\u00e7\u00e3o para a divulga\u00e7\u00e3o de atividades dos projetos.<\/p>\n<p> \t&ldquo;\u00c9 muito importante a parceria da OPAS, pois eles n\u00e3o s\u00f3 financiam o projeto mas tamb\u00e9m contribuem com o expertise e o alcance mundial da Organiza\u00e7\u00e3o Mundial da Sa\u00fade. Ter o financiador acompanhando o projeto de forma neutra, auxilia para que haja transpar\u00eancia na utiliza\u00e7\u00e3o do recurso p\u00fablico e, tamb\u00e9m, no caso da OPAS, agrega-se ao projeto o curr\u00edculo de uma institui\u00e7\u00e3o que \u00e9 a grande apoiadora do desenvolvimento da sa\u00fade nas am\u00e9ricas&rdquo;, comentou o gestor de projetos do Lappis, Julio Evo.<\/p>\n<p> \tA visita da Opas na Uerj foi marcada por uma reuni\u00e3o entre o Dr. Rodolfo Gomez (OPAS), Roseni Pinheiro (Lappis\/IMS\/Uerj), Cid Manso (IMS\/Uerj), Claudia Camelo (CEPESC\/IMS\/Uerj), Ana Paula Braga (CEPESC\/IMS\/Uerj) e Julio Evo (Lappis\/IMS\/Uerj).\u00a0<\/p>\n","protected":false},"excerpt":{"rendered":"<div class=\"mh-excerpt\"><p style=\"text-align: justify;\"> \t<img decoding=\"async\" class=\" alignleft size-full wp-image-2227\" alt=\"alt\" src=\"http:\/\/lappis.org.br\/site\/wp-content\/uploads\/2013\/11\/z.jpg\" style=\"margin: 5px; float: left;\" width=\"420\" height=\"226\" srcset=\"https:\/\/lappis.org.br\/site\/wp-content\/uploads\/2013\/11\/z.jpg 420w, https:\/\/lappis.org.br\/site\/wp-content\/uploads\/2013\/11\/z-300x161.jpg 300w\" sizes=\"(max-width: 420px) 100vw, 420px\" \/>Com intuito de fortalecer a coopera\u00e7\u00e3o t\u00e9cnica com o Lappis\/IMS\/Uerj, atrav\u00e9s do Centro de Estudos e Pesquisa em Sa\u00fade Coletiva\/CEPESC , o gerente de Sa\u00fade da Fam\u00edlia e Curso de Vida da Organiza\u00e7\u00e3o Panamericana de Sa\u00fade\/OPAS, Dr. Rodolfo Gomez, esteve na Uerj, no dia 11 de novembro, para acompanhar os avan\u00e7os t\u00e9cnicos do Projeto Apoio e para entender o fluxo de desenvolvimento dos projetos de sa\u00fade desenvolvidos pelo Instituto.<\/p>\n<p>  <a class=\"mh-excerpt-more\" href=\"https:\/\/lappis.org.br\/site\/representante-da-opas-visita-o-lappisimsuerj-e-cepesc\/2228\" title=\"Representante da OPAS visita o Lappis\/IMS\/UERj e CEPESC\">[&#8230;]<\/a><\/p>\n<\/div>","protected":false},"author":1,"featured_media":2226,"comment_status":"open","ping_status":"open","sticky":false,"template":"","format":"standard","meta":{"_acf_changed":false,"_exactmetrics_skip_tracking":false,"_exactmetrics_sitenote_active":false,"_exactmetrics_sitenote_note":"","_exactmetrics_sitenote_category":0,"jetpack_post_was_ever_published":false,"_jetpack_newsletter_access":"","_jetpack_dont_email_post_to_subs":false,"_jetpack_newsletter_tier_id":0,"_jetpack_memberships_contains_paywalled_content":false,"_jetpack_memberships_contains_paid_content":false,"footnotes":"","jetpack_publicize_message":"","jetpack_publicize_feature_enabled":true,"jetpack_social_post_already_shared":false,"jetpack_social_options":{"image_generator_settings":{"template":"highway","enabled":false},"version":2}},"categories":[8],"tags":[],"class_list":{"0":"post-2228","1":"post","2":"type-post","3":"status-publish","4":"format-standard","5":"has-post-thumbnail","7":"category-noticia"},"jetpack_publicize_connections":[],"acf":[],"yoast_head":"<!-- This site is optimized with the Yoast SEO plugin v25.2 - https:\/\/yoast.com\/wordpress\/plugins\/seo\/ -->\n<title>Representante da OPAS visita o Lappis\/IMS\/UERj e CEPESC - Lappis 25 anos<\/title>\n<meta name=\"robots\" content=\"index, follow, max-snippet:-1, max-image-preview:large, max-video-preview:-1\" \/>\n<link rel=\"canonical\" href=\"https:\/\/lappis.org.br\/site\/representante-da-opas-visita-o-lappisimsuerj-e-cepesc\/2228\" \/>\n<meta property=\"og:locale\" content=\"pt_BR\" \/>\n<meta property=\"og:type\" content=\"article\" \/>\n<meta property=\"og:title\" content=\"Representante da OPAS visita o Lappis\/IMS\/UERj e CEPESC - Lappis 25 anos\" \/>\n<meta property=\"og:description\" content=\"Com intuito de fortalecer a coopera\u00e7\u00e3o t\u00e9cnica com o Lappis\/IMS\/Uerj, atrav\u00e9s do Centro de Estudos e Pesquisa em Sa\u00fade Coletiva\/CEPESC , o gerente de Sa\u00fade da Fam\u00edlia e Curso de Vida da Organiza\u00e7\u00e3o Panamericana de Sa\u00fade\/OPAS, Dr. Rodolfo Gomez, esteve na Uerj, no dia 11 de novembro, para acompanhar os avan\u00e7os t\u00e9cnicos do Projeto Apoio e para entender o fluxo de desenvolvimento dos projetos de sa\u00fade desenvolvidos pelo Instituto. [...]\" \/>\n<meta property=\"og:url\" content=\"https:\/\/lappis.org.br\/site\/representante-da-opas-visita-o-lappisimsuerj-e-cepesc\/2228\" \/>\n<meta property=\"og:site_name\" content=\"Lappis 25 anos\" \/>\n<meta property=\"article:published_time\" content=\"2013-11-13T12:52:04+00:00\" \/>\n<meta property=\"og:image\" content=\"https:\/\/lappis.org.br\/site\/wp-content\/uploads\/2013\/11\/z.jpg\" \/>\n\t<meta property=\"og:image:width\" content=\"420\" \/>\n\t<meta property=\"og:image:height\" content=\"226\" \/>\n\t<meta property=\"og:image:type\" content=\"image\/jpeg\" \/>\n<meta name=\"author\" content=\"fw2\" \/>\n<meta name=\"twitter:card\" content=\"summary_large_image\" \/>\n<meta name=\"twitter:label1\" content=\"Escrito por\" \/>\n\t<meta name=\"twitter:data1\" content=\"fw2\" \/>\n\t<meta name=\"twitter:label2\" content=\"Est. tempo de leitura\" \/>\n\t<meta name=\"twitter:data2\" content=\"2 minutos\" \/>\n<script type=\"application\/ld+json\" class=\"yoast-schema-graph\">{\"@context\":\"https:\/\/schema.org\",\"@graph\":[{\"@type\":\"Article\",\"@id\":\"https:\/\/lappis.org.br\/site\/representante-da-opas-visita-o-lappisimsuerj-e-cepesc\/2228#article\",\"isPartOf\":{\"@id\":\"https:\/\/lappis.org.br\/site\/representante-da-opas-visita-o-lappisimsuerj-e-cepesc\/2228\"},\"author\":{\"name\":\"fw2\",\"@id\":\"https:\/\/lappis.org.br\/site\/#\/schema\/person\/3852381d08284b5e2716b20bd89bdbcf\"},\"headline\":\"Representante da OPAS visita o Lappis\/IMS\/UERj e CEPESC\",\"datePublished\":\"2013-11-13T12:52:04+00:00\",\"mainEntityOfPage\":{\"@id\":\"https:\/\/lappis.org.br\/site\/representante-da-opas-visita-o-lappisimsuerj-e-cepesc\/2228\"},\"wordCount\":471,\"commentCount\":0,\"publisher\":{\"@id\":\"https:\/\/lappis.org.br\/site\/#organization\"},\"image\":{\"@id\":\"https:\/\/lappis.org.br\/site\/representante-da-opas-visita-o-lappisimsuerj-e-cepesc\/2228#primaryimage\"},\"thumbnailUrl\":\"https:\/\/lappis.org.br\/site\/wp-content\/uploads\/2013\/11\/z.jpg\",\"articleSection\":[\"Not\u00edcia\"],\"inLanguage\":\"pt-BR\",\"potentialAction\":[{\"@type\":\"CommentAction\",\"name\":\"Comment\",\"target\":[\"https:\/\/lappis.org.br\/site\/representante-da-opas-visita-o-lappisimsuerj-e-cepesc\/2228#respond\"]}]},{\"@type\":\"WebPage\",\"@id\":\"https:\/\/lappis.org.br\/site\/representante-da-opas-visita-o-lappisimsuerj-e-cepesc\/2228\",\"url\":\"https:\/\/lappis.org.br\/site\/representante-da-opas-visita-o-lappisimsuerj-e-cepesc\/2228\",\"name\":\"Representante da OPAS visita o Lappis\/IMS\/UERj e CEPESC - Lappis 25 anos\",\"isPartOf\":{\"@id\":\"https:\/\/lappis.org.br\/site\/#website\"},\"primaryImageOfPage\":{\"@id\":\"https:\/\/lappis.org.br\/site\/representante-da-opas-visita-o-lappisimsuerj-e-cepesc\/2228#primaryimage\"},\"image\":{\"@id\":\"https:\/\/lappis.org.br\/site\/representante-da-opas-visita-o-lappisimsuerj-e-cepesc\/2228#primaryimage\"},\"thumbnailUrl\":\"https:\/\/lappis.org.br\/site\/wp-content\/uploads\/2013\/11\/z.jpg\",\"datePublished\":\"2013-11-13T12:52:04+00:00\",\"breadcrumb\":{\"@id\":\"https:\/\/lappis.org.br\/site\/representante-da-opas-visita-o-lappisimsuerj-e-cepesc\/2228#breadcrumb\"},\"inLanguage\":\"pt-BR\",\"potentialAction\":[{\"@type\":\"ReadAction\",\"target\":[\"https:\/\/lappis.org.br\/site\/representante-da-opas-visita-o-lappisimsuerj-e-cepesc\/2228\"]}]},{\"@type\":\"ImageObject\",\"inLanguage\":\"pt-BR\",\"@id\":\"https:\/\/lappis.org.br\/site\/representante-da-opas-visita-o-lappisimsuerj-e-cepesc\/2228#primaryimage\",\"url\":\"https:\/\/lappis.org.br\/site\/wp-content\/uploads\/2013\/11\/z.jpg\",\"contentUrl\":\"https:\/\/lappis.org.br\/site\/wp-content\/uploads\/2013\/11\/z.jpg\",\"width\":420,\"height\":226,\"caption\":\"alt\"},{\"@type\":\"BreadcrumbList\",\"@id\":\"https:\/\/lappis.org.br\/site\/representante-da-opas-visita-o-lappisimsuerj-e-cepesc\/2228#breadcrumb\",\"itemListElement\":[{\"@type\":\"ListItem\",\"position\":1,\"name\":\"In\u00edcio\",\"item\":\"https:\/\/lappis.org.br\/site\/\"},{\"@type\":\"ListItem\",\"position\":2,\"name\":\"Representante da OPAS visita o Lappis\/IMS\/UERj e CEPESC\"}]},{\"@type\":\"WebSite\",\"@id\":\"https:\/\/lappis.org.br\/site\/#website\",\"url\":\"https:\/\/lappis.org.br\/site\/\",\"name\":\"Lappis 25 anos\",\"description\":\"Labotat\u00f3rio de Pesquisas sobre Pr\u00e1ticas de Integralidade em Sa\u00fade\",\"publisher\":{\"@id\":\"https:\/\/lappis.org.br\/site\/#organization\"},\"potentialAction\":[{\"@type\":\"SearchAction\",\"target\":{\"@type\":\"EntryPoint\",\"urlTemplate\":\"https:\/\/lappis.org.br\/site\/?s={search_term_string}\"},\"query-input\":{\"@type\":\"PropertyValueSpecification\",\"valueRequired\":true,\"valueName\":\"search_term_string\"}}],\"inLanguage\":\"pt-BR\"},{\"@type\":\"Organization\",\"@id\":\"https:\/\/lappis.org.br\/site\/#organization\",\"name\":\"Lappis 25 anos\",\"url\":\"https:\/\/lappis.org.br\/site\/\",\"logo\":{\"@type\":\"ImageObject\",\"inLanguage\":\"pt-BR\",\"@id\":\"https:\/\/lappis.org.br\/site\/#\/schema\/logo\/image\/\",\"url\":\"https:\/\/lappis.org.br\/site\/wp-content\/uploads\/2025\/03\/logo-lappis25anos.png\",\"contentUrl\":\"https:\/\/lappis.org.br\/site\/wp-content\/uploads\/2025\/03\/logo-lappis25anos.png\",\"width\":388,\"height\":146,\"caption\":\"Lappis 25 anos\"},\"image\":{\"@id\":\"https:\/\/lappis.org.br\/site\/#\/schema\/logo\/image\/\"}},{\"@type\":\"Person\",\"@id\":\"https:\/\/lappis.org.br\/site\/#\/schema\/person\/3852381d08284b5e2716b20bd89bdbcf\",\"name\":\"fw2\",\"image\":{\"@type\":\"ImageObject\",\"inLanguage\":\"pt-BR\",\"@id\":\"https:\/\/lappis.org.br\/site\/#\/schema\/person\/image\/\",\"url\":\"https:\/\/secure.gravatar.com\/avatar\/c38472c0cdbde82d9b6fcc26adb3779d?s=96&d=mm&r=g\",\"contentUrl\":\"https:\/\/secure.gravatar.com\/avatar\/c38472c0cdbde82d9b6fcc26adb3779d?s=96&d=mm&r=g\",\"caption\":\"fw2\"},\"url\":\"https:\/\/lappis.org.br\/site\/author\/fw2\"}]}<\/script>\n<!-- \/ Yoast SEO plugin. -->","yoast_head_json":{"title":"Representante da OPAS visita o Lappis\/IMS\/UERj e CEPESC - Lappis 25 anos","robots":{"index":"index","follow":"follow","max-snippet":"max-snippet:-1","max-image-preview":"max-image-preview:large","max-video-preview":"max-video-preview:-1"},"canonical":"https:\/\/lappis.org.br\/site\/representante-da-opas-visita-o-lappisimsuerj-e-cepesc\/2228","og_locale":"pt_BR","og_type":"article","og_title":"Representante da OPAS visita o Lappis\/IMS\/UERj e CEPESC - Lappis 25 anos","og_description":"Com intuito de fortalecer a coopera\u00e7\u00e3o t\u00e9cnica com o Lappis\/IMS\/Uerj, atrav\u00e9s do Centro de Estudos e Pesquisa em Sa\u00fade Coletiva\/CEPESC , o gerente de Sa\u00fade da Fam\u00edlia e Curso de Vida da Organiza\u00e7\u00e3o Panamericana de Sa\u00fade\/OPAS, Dr. Rodolfo Gomez, esteve na Uerj, no dia 11 de novembro, para acompanhar os avan\u00e7os t\u00e9cnicos do Projeto Apoio e para entender o fluxo de desenvolvimento dos projetos de sa\u00fade desenvolvidos pelo Instituto. [...]","og_url":"https:\/\/lappis.org.br\/site\/representante-da-opas-visita-o-lappisimsuerj-e-cepesc\/2228","og_site_name":"Lappis 25 anos","article_published_time":"2013-11-13T12:52:04+00:00","og_image":[{"width":420,"height":226,"url":"https:\/\/lappis.org.br\/site\/wp-content\/uploads\/2013\/11\/z.jpg","type":"image\/jpeg"}],"author":"fw2","twitter_card":"summary_large_image","twitter_misc":{"Escrito por":"fw2","Est. tempo de leitura":"2 minutos"},"schema":{"@context":"https:\/\/schema.org","@graph":[{"@type":"Article","@id":"https:\/\/lappis.org.br\/site\/representante-da-opas-visita-o-lappisimsuerj-e-cepesc\/2228#article","isPartOf":{"@id":"https:\/\/lappis.org.br\/site\/representante-da-opas-visita-o-lappisimsuerj-e-cepesc\/2228"},"author":{"name":"fw2","@id":"https:\/\/lappis.org.br\/site\/#\/schema\/person\/3852381d08284b5e2716b20bd89bdbcf"},"headline":"Representante da OPAS visita o Lappis\/IMS\/UERj e CEPESC","datePublished":"2013-11-13T12:52:04+00:00","mainEntityOfPage":{"@id":"https:\/\/lappis.org.br\/site\/representante-da-opas-visita-o-lappisimsuerj-e-cepesc\/2228"},"wordCount":471,"commentCount":0,"publisher":{"@id":"https:\/\/lappis.org.br\/site\/#organization"},"image":{"@id":"https:\/\/lappis.org.br\/site\/representante-da-opas-visita-o-lappisimsuerj-e-cepesc\/2228#primaryimage"},"thumbnailUrl":"https:\/\/lappis.org.br\/site\/wp-content\/uploads\/2013\/11\/z.jpg","articleSection":["Not\u00edcia"],"inLanguage":"pt-BR","potentialAction":[{"@type":"CommentAction","name":"Comment","target":["https:\/\/lappis.org.br\/site\/representante-da-opas-visita-o-lappisimsuerj-e-cepesc\/2228#respond"]}]},{"@type":"WebPage","@id":"https:\/\/lappis.org.br\/site\/representante-da-opas-visita-o-lappisimsuerj-e-cepesc\/2228","url":"https:\/\/lappis.org.br\/site\/representante-da-opas-visita-o-lappisimsuerj-e-cepesc\/2228","name":"Representante da OPAS visita o Lappis\/IMS\/UERj e CEPESC - Lappis 25 anos","isPartOf":{"@id":"https:\/\/lappis.org.br\/site\/#website"},"primaryImageOfPage":{"@id":"https:\/\/lappis.org.br\/site\/representante-da-opas-visita-o-lappisimsuerj-e-cepesc\/2228#primaryimage"},"image":{"@id":"https:\/\/lappis.org.br\/site\/representante-da-opas-visita-o-lappisimsuerj-e-cepesc\/2228#primaryimage"},"thumbnailUrl":"https:\/\/lappis.org.br\/site\/wp-content\/uploads\/2013\/11\/z.jpg","datePublished":"2013-11-13T12:52:04+00:00","breadcrumb":{"@id":"https:\/\/lappis.org.br\/site\/representante-da-opas-visita-o-lappisimsuerj-e-cepesc\/2228#breadcrumb"},"inLanguage":"pt-BR","potentialAction":[{"@type":"ReadAction","target":["https:\/\/lappis.org.br\/site\/representante-da-opas-visita-o-lappisimsuerj-e-cepesc\/2228"]}]},{"@type":"ImageObject","inLanguage":"pt-BR","@id":"https:\/\/lappis.org.br\/site\/representante-da-opas-visita-o-lappisimsuerj-e-cepesc\/2228#primaryimage","url":"https:\/\/lappis.org.br\/site\/wp-content\/uploads\/2013\/11\/z.jpg","contentUrl":"https:\/\/lappis.org.br\/site\/wp-content\/uploads\/2013\/11\/z.jpg","width":420,"height":226,"caption":"alt"},{"@type":"BreadcrumbList","@id":"https:\/\/lappis.org.br\/site\/representante-da-opas-visita-o-lappisimsuerj-e-cepesc\/2228#breadcrumb","itemListElement":[{"@type":"ListItem","position":1,"name":"In\u00edcio","item":"https:\/\/lappis.org.br\/site\/"},{"@type":"ListItem","position":2,"name":"Representante da OPAS visita o Lappis\/IMS\/UERj e CEPESC"}]},{"@type":"WebSite","@id":"https:\/\/lappis.org.br\/site\/#website","url":"https:\/\/lappis.org.br\/site\/","name":"Lappis 25 anos","description":"Labotat\u00f3rio de Pesquisas sobre Pr\u00e1ticas de Integralidade em Sa\u00fade","publisher":{"@id":"https:\/\/lappis.org.br\/site\/#organization"},"potentialAction":[{"@type":"SearchAction","target":{"@type":"EntryPoint","urlTemplate":"https:\/\/lappis.org.br\/site\/?s={search_term_string}"},"query-input":{"@type":"PropertyValueSpecification","valueRequired":true,"valueName":"search_term_string"}}],"inLanguage":"pt-BR"},{"@type":"Organization","@id":"https:\/\/lappis.org.br\/site\/#organization","name":"Lappis 25 anos","url":"https:\/\/lappis.org.br\/site\/","logo":{"@type":"ImageObject","inLanguage":"pt-BR","@id":"https:\/\/lappis.org.br\/site\/#\/schema\/logo\/image\/","url":"https:\/\/lappis.org.br\/site\/wp-content\/uploads\/2025\/03\/logo-lappis25anos.png","contentUrl":"https:\/\/lappis.org.br\/site\/wp-content\/uploads\/2025\/03\/logo-lappis25anos.png","width":388,"height":146,"caption":"Lappis 25 anos"},"image":{"@id":"https:\/\/lappis.org.br\/site\/#\/schema\/logo\/image\/"}},{"@type":"Person","@id":"https:\/\/lappis.org.br\/site\/#\/schema\/person\/3852381d08284b5e2716b20bd89bdbcf","name":"fw2","image":{"@type":"ImageObject","inLanguage":"pt-BR","@id":"https:\/\/lappis.org.br\/site\/#\/schema\/person\/image\/","url":"https:\/\/secure.gravatar.com\/avatar\/c38472c0cdbde82d9b6fcc26adb3779d?s=96&d=mm&r=g","contentUrl":"https:\/\/secure.gravatar.com\/avatar\/c38472c0cdbde82d9b6fcc26adb3779d?s=96&d=mm&r=g","caption":"fw2"},"url":"https:\/\/lappis.org.br\/site\/author\/fw2"}]}},"jetpack_featured_media_url":"https:\/\/lappis.org.br\/site\/wp-content\/uploads\/2013\/11\/z.jpg","jetpack_shortlink":"https:\/\/wp.me\/p954Nh-zW","jetpack_sharing_enabled":true,"_links":{"self":[{"href":"https:\/\/lappis.org.br\/site\/wp-json\/wp\/v2\/posts\/2228"}],"collection":[{"href":"https:\/\/lappis.org.br\/site\/wp-json\/wp\/v2\/posts"}],"about":[{"href":"https:\/\/lappis.org.br\/site\/wp-json\/wp\/v2\/types\/post"}],"author":[{"embeddable":true,"href":"https:\/\/lappis.org.br\/site\/wp-json\/wp\/v2\/users\/1"}],"replies":[{"embeddable":true,"href":"https:\/\/lappis.org.br\/site\/wp-json\/wp\/v2\/comments?post=2228"}],"version-history":[{"count":0,"href":"https:\/\/lappis.org.br\/site\/wp-json\/wp\/v2\/posts\/2228\/revisions"}],"wp:featuredmedia":[{"embeddable":true,"href":"https:\/\/lappis.org.br\/site\/wp-json\/wp\/v2\/media\/2226"}],"wp:attachment":[{"href":"https:\/\/lappis.org.br\/site\/wp-json\/wp\/v2\/media?parent=2228"}],"wp:term":[{"taxonomy":"category","embeddable":true,"href":"https:\/\/lappis.org.br\/site\/wp-json\/wp\/v2\/categories?post=2228"},{"taxonomy":"post_tag","embeddable":true,"href":"https:\/\/lappis.org.br\/site\/wp-json\/wp\/v2\/tags?post=2228"}],"curies":[{"name":"wp","href":"https:\/\/api.w.org\/{rel}","templated":true}]}}