{"id":2221,"date":"2013-11-13T10:27:41","date_gmt":"2013-11-13T12:27:41","guid":{"rendered":"http:\/\/lappis.org.br\/site\/2013\/11\/13\/exposicao-sobre-a-trajetoria-do-hesio-cordeiro-no-vi-cbcshs\/"},"modified":"2013-11-13T10:27:41","modified_gmt":"2013-11-13T12:27:41","slug":"exposicao-sobre-a-trajetoria-do-hesio-cordeiro-no-vi-cbcshs","status":"publish","type":"post","link":"https:\/\/lappis.org.br\/site\/exposicao-sobre-a-trajetoria-do-hesio-cordeiro-no-vi-cbcshs\/2221","title":{"rendered":"Exposi\u00e7\u00e3o sobre a trajet\u00f3ria do H\u00e9sio Cordeiro no VI CBCSHS"},"content":{"rendered":"<p style=\"text-align: justify;\"> \t<img fetchpriority=\"high\" decoding=\"async\" data-attachment-id=\"2220\" data-permalink=\"https:\/\/lappis.org.br\/site\/exposicao-sobre-a-trajetoria-do-hesio-cordeiro-no-vi-cbcshs\/2221\/attachment-alt-214\" data-orig-file=\"https:\/\/lappis.org.br\/site\/wp-content\/uploads\/2013\/11\/hesio.jpg\" data-orig-size=\"420,226\" data-comments-opened=\"1\" data-image-meta=\"{&quot;aperture&quot;:&quot;0&quot;,&quot;credit&quot;:&quot;Lappis&quot;,&quot;camera&quot;:&quot;&quot;,&quot;caption&quot;:&quot;&quot;,&quot;created_timestamp&quot;:&quot;1384330739&quot;,&quot;copyright&quot;:&quot;&quot;,&quot;focal_length&quot;:&quot;0&quot;,&quot;iso&quot;:&quot;0&quot;,&quot;shutter_speed&quot;:&quot;0&quot;,&quot;title&quot;:&quot;&quot;,&quot;orientation&quot;:&quot;0&quot;}\" data-image-title=\"alt\" data-image-description=\"\" data-image-caption=\"\" data-medium-file=\"https:\/\/lappis.org.br\/site\/wp-content\/uploads\/2013\/11\/hesio-300x161.jpg\" data-large-file=\"https:\/\/lappis.org.br\/site\/wp-content\/uploads\/2013\/11\/hesio.jpg\" class=\" alignleft size-full wp-image-2220\" alt=\"alt\" src=\"http:\/\/lappis.org.br\/site\/wp-content\/uploads\/2013\/11\/hesio.jpg\" style=\"margin: 5px; float: left;\" width=\"420\" height=\"226\" srcset=\"https:\/\/lappis.org.br\/site\/wp-content\/uploads\/2013\/11\/hesio.jpg 420w, https:\/\/lappis.org.br\/site\/wp-content\/uploads\/2013\/11\/hesio-300x161.jpg 300w\" sizes=\"(max-width: 420px) 100vw, 420px\" \/>A mostra itinerante <em>Permane\u00e7amos Lutando! 1988 &#8211; Imagens de um desagravo<\/em>, uma homenagem da Casa de Oswaldo Cruz\/COC\/FIOCRUZ ao m\u00e9dico H\u00e9sio Cordeiro, est\u00e1 no VI Congresso Brasileiro de Ci\u00eancias Sociais e Humanas em Sa\u00fade.<\/p>\n<p style=\"text-align: justify;\"> \t\u00a0Os participantes do evento que passarem pelo hall do 7\u00ba Andar, da Uerj, poder\u00e3o aprender\u00a0 sobre a trajet\u00f3ria de um dos principais art\u00edfices da cria\u00e7\u00e3o do Sistema \u00danico de Sa\u00fade\/SUS, \u00a0figura decisiva para a reforma sanit\u00e1ria brasileira e para a constru\u00e7\u00e3o do campo social da sa\u00fade coletiva.<\/p>\n<p style=\"text-align: justify;\"> \tA exposi\u00e7\u00e3o faz parte da programa\u00e7\u00e3o das comemora\u00e7\u00f5es dos 25 anos do SUS, promovida pela FIOCRUZ. De acordo com o curador da Exposi\u00e7\u00e3o H\u00e9sio Cordeiro e pesquisador da Casa de Oswaldo Cruz\/FIOCRUZ, Carlos Henrique Assun\u00e7\u00e3o Paiva, a mostra conta com nove pain\u00e9is fotogr\u00e1ficos, guiados pelo texto de Paulo Buss, escrito em 1988, por ocasi\u00e3o de concess\u00e3o a H\u00e9sio Cordeiro do t\u00edtulo de professor <em>Honoris Causa<\/em> da ENSP\/FIOCRUZ.<\/p>\n<p> \t&ldquo;Ela \u00e9 um pequeno esfor\u00e7o de mem\u00f3ria, a respeito desse ator. Dessa figura, que \u00e9 um senhor, que tem uma trajet\u00f3ria longa de vida e rica. S\u00e3o pain\u00e9is fotogr\u00e1ficos que mostra H\u00e9sio quando crian\u00e7a, sua entrada para a faculdade de medicina, suas inclina\u00e7\u00f5es pol\u00edticas, sua vinda para Uerj, seu trabalho no Instituto de Medicina Social, IMS, \u00a0e no Instituto Nacional de Atendimento M\u00e9dico da Previd\u00eancia Social, INAMPS. O texto \u00e9 alegre, mas faz men\u00e7\u00e3o a uma perspectiva de desagravo. De como os colegas de H\u00e9sio se manifestaram preocupados com o afastamento dele do INAMPS&rdquo;.<\/p>\n<p> \tO curador da exposi\u00e7\u00e3o explica que o nome da exposi\u00e7\u00e3o \u00e9 referente ao momento que H\u00e9sio entrou no INAMPS, \u00e9poca em que o m\u00e9dico enfrentou desafios para a reforma sanit\u00e1ria brasileira.<\/p>\n<p> \t&ldquo;Permanecemos lutando porque a luta do H\u00e9sio continua de p\u00e9. H\u00e9sio enfrentou muitas barreiras. Bem ou mal, o SUS foi adiante. E nesses 25 anos de atua\u00e7\u00e3o, vemos ele constantemente amea\u00e7ado. \u00a0Assim, a exposi\u00e7\u00e3o tem essa jogada de olhar para o passado, mas tamb\u00e9m olhar para o presente e para o futuro. E o mote para esse olhar, de passado, presente e futuro, \u00e9 a figura do H\u00e9sio&rdquo;.<\/p>\n<p> \tPara Carlos Henrique Assun\u00e7\u00e3o Paiva, expor a trajet\u00f3ria do H\u00e9sio Cordeiro no VI Congresso Brasileiro de Ci\u00eancias Sociais e Humanas em Sa\u00fade \u00e9 muito interessante.<\/p>\n<p> \t&ldquo;\u00c9 mais do que simb\u00f3lico essa exposi\u00e7\u00e3o estar no VI Congresso. Primeiro, por ser um Congresso da Abrasco, que \u00e9 nosso guarda-chuva da sa\u00fade coletiva. H\u00e9sio \u00e9 uma figura importante nesse campo de conhecimento, fruto de uma esp\u00e9cie de interse\u00e7\u00e3o das ci\u00eancias biom\u00e9dica com as ci\u00eancias sociais. E como se n\u00e3o bastasse isso, o evento \u00e9 na Uerj. Estar no Instituto de Medicina Social, que \u00e9 o primeiro instituto de medicina social das Am\u00e9ricas.\u00a0 Tem um conjunto de marcos simb\u00f3lico que d\u00e3o mais sentido a essa exposi\u00e7\u00e3o. Ela \u00e9 itinerante, feita para circular. Ent\u00e3o, n\u00e3o h\u00e1 melhor lugar do que ela estar no Congresso da Abrasco, na Uerj&rdquo;.<\/p>\n<p> \t<em>Permanecemos Lutando!<\/em> \u00e9 mais que uma homenagem ao H\u00e9sio. \u00c9 uma exposi\u00e7\u00e3o que faz refletir no futuro que queremos para a sa\u00fade p\u00fablica brasileira.<\/p>\n<p> \t&ldquo;Ser\u00e1 que a gente est\u00e1 de fato vigilante? Ser\u00e1 que est\u00e1 de fato na nossa pauta pol\u00edtica? Acho que \u00e9 esse tipo de desconforto que seria interessante que essa exposi\u00e7\u00e3o produzisse. Claro que o primeiro plano \u00e9 a homenagem. Mas ao julgar pelo seu t\u00edtulo, ela tem essa outra face. A luta continua. O sistema se estabeleceu, mas muitos s\u00e3o seus desafios, muitas s\u00e3o suas amea\u00e7as. A exposi\u00e7\u00e3o nos faz querer saber o que a gente quer para o futuro&rdquo;, finaliza\u00a0 Carlos Henrique Assun\u00e7\u00e3o Paiva, curador da Exposi\u00e7\u00e3o H\u00e9sio Cordeiro e pesquisador da Casa de Oswaldo Cruz\/Fiocruz.<\/p>\n","protected":false},"excerpt":{"rendered":"<div class=\"mh-excerpt\"><p style=\"text-align: justify;\"> \t<img decoding=\"async\" class=\" alignleft size-full wp-image-2220\" alt=\"alt\" src=\"http:\/\/lappis.org.br\/site\/wp-content\/uploads\/2013\/11\/hesio.jpg\" style=\"margin: 5px; float: left;\" width=\"420\" height=\"226\" srcset=\"https:\/\/lappis.org.br\/site\/wp-content\/uploads\/2013\/11\/hesio.jpg 420w, https:\/\/lappis.org.br\/site\/wp-content\/uploads\/2013\/11\/hesio-300x161.jpg 300w\" sizes=\"(max-width: 420px) 100vw, 420px\" \/>A mostra itinerante <em>Permane\u00e7amos Lutando! 1988 &#8211; Imagens de um desagravo<\/em>, uma homenagem da Casa de Oswaldo Cruz\/COC\/FIOCRUZ ao m\u00e9dico H\u00e9sio Cordeiro, est\u00e1 no VI Congresso Brasileiro de Ci\u00eancias Sociais e Humanas em Sa\u00fade.<\/p>\n<p>  <a class=\"mh-excerpt-more\" href=\"https:\/\/lappis.org.br\/site\/exposicao-sobre-a-trajetoria-do-hesio-cordeiro-no-vi-cbcshs\/2221\" title=\"Exposi\u00e7\u00e3o sobre a trajet\u00f3ria do H\u00e9sio Cordeiro no VI CBCSHS\">[&#8230;]<\/a><\/p>\n<\/div>","protected":false},"author":1,"featured_media":2219,"comment_status":"open","ping_status":"open","sticky":false,"template":"","format":"standard","meta":{"_acf_changed":false,"_exactmetrics_skip_tracking":false,"_exactmetrics_sitenote_active":false,"_exactmetrics_sitenote_note":"","_exactmetrics_sitenote_category":0,"jetpack_post_was_ever_published":false,"_jetpack_newsletter_access":"","_jetpack_dont_email_post_to_subs":false,"_jetpack_newsletter_tier_id":0,"_jetpack_memberships_contains_paywalled_content":false,"_jetpack_memberships_contains_paid_content":false,"footnotes":"","jetpack_publicize_message":"","jetpack_publicize_feature_enabled":true,"jetpack_social_post_already_shared":false,"jetpack_social_options":{"image_generator_settings":{"template":"highway","enabled":false},"version":2}},"categories":[64],"tags":[],"class_list":{"0":"post-2221","1":"post","2":"type-post","3":"status-publish","4":"format-standard","5":"has-post-thumbnail","7":"category-vi-cbcshs-noticias"},"jetpack_publicize_connections":[],"acf":[],"yoast_head":"<!-- This site is optimized with the Yoast SEO plugin v25.2 - https:\/\/yoast.com\/wordpress\/plugins\/seo\/ -->\n<title>Exposi\u00e7\u00e3o sobre a trajet\u00f3ria do H\u00e9sio Cordeiro no VI CBCSHS - Lappis 25 anos<\/title>\n<meta name=\"robots\" content=\"index, follow, max-snippet:-1, max-image-preview:large, max-video-preview:-1\" \/>\n<link rel=\"canonical\" href=\"https:\/\/lappis.org.br\/site\/exposicao-sobre-a-trajetoria-do-hesio-cordeiro-no-vi-cbcshs\/2221\" \/>\n<meta property=\"og:locale\" content=\"pt_BR\" \/>\n<meta property=\"og:type\" content=\"article\" \/>\n<meta property=\"og:title\" content=\"Exposi\u00e7\u00e3o sobre a trajet\u00f3ria do H\u00e9sio Cordeiro no VI CBCSHS - Lappis 25 anos\" \/>\n<meta property=\"og:description\" content=\"A mostra itinerante Permane\u00e7amos Lutando! 1988 - Imagens de um desagravo, uma homenagem da Casa de Oswaldo Cruz\/COC\/FIOCRUZ ao m\u00e9dico H\u00e9sio Cordeiro, est\u00e1 no VI Congresso Brasileiro de Ci\u00eancias Sociais e Humanas em Sa\u00fade. [...]\" \/>\n<meta property=\"og:url\" content=\"https:\/\/lappis.org.br\/site\/exposicao-sobre-a-trajetoria-do-hesio-cordeiro-no-vi-cbcshs\/2221\" \/>\n<meta property=\"og:site_name\" content=\"Lappis 25 anos\" \/>\n<meta property=\"article:published_time\" content=\"2013-11-13T12:27:41+00:00\" \/>\n<meta property=\"og:image\" content=\"https:\/\/lappis.org.br\/site\/wp-content\/uploads\/2013\/11\/hesio.jpg\" \/>\n\t<meta property=\"og:image:width\" content=\"420\" \/>\n\t<meta property=\"og:image:height\" content=\"226\" \/>\n\t<meta property=\"og:image:type\" content=\"image\/jpeg\" \/>\n<meta name=\"author\" content=\"fw2\" \/>\n<meta name=\"twitter:card\" content=\"summary_large_image\" \/>\n<meta name=\"twitter:label1\" content=\"Escrito por\" \/>\n\t<meta name=\"twitter:data1\" content=\"fw2\" \/>\n\t<meta name=\"twitter:label2\" content=\"Est. tempo de leitura\" \/>\n\t<meta name=\"twitter:data2\" content=\"3 minutos\" \/>\n<script type=\"application\/ld+json\" class=\"yoast-schema-graph\">{\"@context\":\"https:\/\/schema.org\",\"@graph\":[{\"@type\":\"Article\",\"@id\":\"https:\/\/lappis.org.br\/site\/exposicao-sobre-a-trajetoria-do-hesio-cordeiro-no-vi-cbcshs\/2221#article\",\"isPartOf\":{\"@id\":\"https:\/\/lappis.org.br\/site\/exposicao-sobre-a-trajetoria-do-hesio-cordeiro-no-vi-cbcshs\/2221\"},\"author\":{\"name\":\"fw2\",\"@id\":\"https:\/\/lappis.org.br\/site\/#\/schema\/person\/3852381d08284b5e2716b20bd89bdbcf\"},\"headline\":\"Exposi\u00e7\u00e3o sobre a trajet\u00f3ria do H\u00e9sio Cordeiro no VI CBCSHS\",\"datePublished\":\"2013-11-13T12:27:41+00:00\",\"mainEntityOfPage\":{\"@id\":\"https:\/\/lappis.org.br\/site\/exposicao-sobre-a-trajetoria-do-hesio-cordeiro-no-vi-cbcshs\/2221\"},\"wordCount\":687,\"commentCount\":0,\"publisher\":{\"@id\":\"https:\/\/lappis.org.br\/site\/#organization\"},\"image\":{\"@id\":\"https:\/\/lappis.org.br\/site\/exposicao-sobre-a-trajetoria-do-hesio-cordeiro-no-vi-cbcshs\/2221#primaryimage\"},\"thumbnailUrl\":\"https:\/\/lappis.org.br\/site\/wp-content\/uploads\/2013\/11\/hesio.jpg\",\"articleSection\":[\"VI CBCSHS - Not\u00edcias\"],\"inLanguage\":\"pt-BR\",\"potentialAction\":[{\"@type\":\"CommentAction\",\"name\":\"Comment\",\"target\":[\"https:\/\/lappis.org.br\/site\/exposicao-sobre-a-trajetoria-do-hesio-cordeiro-no-vi-cbcshs\/2221#respond\"]}]},{\"@type\":\"WebPage\",\"@id\":\"https:\/\/lappis.org.br\/site\/exposicao-sobre-a-trajetoria-do-hesio-cordeiro-no-vi-cbcshs\/2221\",\"url\":\"https:\/\/lappis.org.br\/site\/exposicao-sobre-a-trajetoria-do-hesio-cordeiro-no-vi-cbcshs\/2221\",\"name\":\"Exposi\u00e7\u00e3o sobre a trajet\u00f3ria do H\u00e9sio Cordeiro no VI CBCSHS - Lappis 25 anos\",\"isPartOf\":{\"@id\":\"https:\/\/lappis.org.br\/site\/#website\"},\"primaryImageOfPage\":{\"@id\":\"https:\/\/lappis.org.br\/site\/exposicao-sobre-a-trajetoria-do-hesio-cordeiro-no-vi-cbcshs\/2221#primaryimage\"},\"image\":{\"@id\":\"https:\/\/lappis.org.br\/site\/exposicao-sobre-a-trajetoria-do-hesio-cordeiro-no-vi-cbcshs\/2221#primaryimage\"},\"thumbnailUrl\":\"https:\/\/lappis.org.br\/site\/wp-content\/uploads\/2013\/11\/hesio.jpg\",\"datePublished\":\"2013-11-13T12:27:41+00:00\",\"breadcrumb\":{\"@id\":\"https:\/\/lappis.org.br\/site\/exposicao-sobre-a-trajetoria-do-hesio-cordeiro-no-vi-cbcshs\/2221#breadcrumb\"},\"inLanguage\":\"pt-BR\",\"potentialAction\":[{\"@type\":\"ReadAction\",\"target\":[\"https:\/\/lappis.org.br\/site\/exposicao-sobre-a-trajetoria-do-hesio-cordeiro-no-vi-cbcshs\/2221\"]}]},{\"@type\":\"ImageObject\",\"inLanguage\":\"pt-BR\",\"@id\":\"https:\/\/lappis.org.br\/site\/exposicao-sobre-a-trajetoria-do-hesio-cordeiro-no-vi-cbcshs\/2221#primaryimage\",\"url\":\"https:\/\/lappis.org.br\/site\/wp-content\/uploads\/2013\/11\/hesio.jpg\",\"contentUrl\":\"https:\/\/lappis.org.br\/site\/wp-content\/uploads\/2013\/11\/hesio.jpg\",\"width\":420,\"height\":226,\"caption\":\"alt\"},{\"@type\":\"BreadcrumbList\",\"@id\":\"https:\/\/lappis.org.br\/site\/exposicao-sobre-a-trajetoria-do-hesio-cordeiro-no-vi-cbcshs\/2221#breadcrumb\",\"itemListElement\":[{\"@type\":\"ListItem\",\"position\":1,\"name\":\"In\u00edcio\",\"item\":\"https:\/\/lappis.org.br\/site\/\"},{\"@type\":\"ListItem\",\"position\":2,\"name\":\"Exposi\u00e7\u00e3o sobre a trajet\u00f3ria do H\u00e9sio Cordeiro no VI CBCSHS\"}]},{\"@type\":\"WebSite\",\"@id\":\"https:\/\/lappis.org.br\/site\/#website\",\"url\":\"https:\/\/lappis.org.br\/site\/\",\"name\":\"Lappis 25 anos\",\"description\":\"Labotat\u00f3rio de Pesquisas sobre Pr\u00e1ticas de Integralidade em Sa\u00fade\",\"publisher\":{\"@id\":\"https:\/\/lappis.org.br\/site\/#organization\"},\"potentialAction\":[{\"@type\":\"SearchAction\",\"target\":{\"@type\":\"EntryPoint\",\"urlTemplate\":\"https:\/\/lappis.org.br\/site\/?s={search_term_string}\"},\"query-input\":{\"@type\":\"PropertyValueSpecification\",\"valueRequired\":true,\"valueName\":\"search_term_string\"}}],\"inLanguage\":\"pt-BR\"},{\"@type\":\"Organization\",\"@id\":\"https:\/\/lappis.org.br\/site\/#organization\",\"name\":\"Lappis 25 anos\",\"url\":\"https:\/\/lappis.org.br\/site\/\",\"logo\":{\"@type\":\"ImageObject\",\"inLanguage\":\"pt-BR\",\"@id\":\"https:\/\/lappis.org.br\/site\/#\/schema\/logo\/image\/\",\"url\":\"https:\/\/lappis.org.br\/site\/wp-content\/uploads\/2025\/03\/logo-lappis25anos.png\",\"contentUrl\":\"https:\/\/lappis.org.br\/site\/wp-content\/uploads\/2025\/03\/logo-lappis25anos.png\",\"width\":388,\"height\":146,\"caption\":\"Lappis 25 anos\"},\"image\":{\"@id\":\"https:\/\/lappis.org.br\/site\/#\/schema\/logo\/image\/\"}},{\"@type\":\"Person\",\"@id\":\"https:\/\/lappis.org.br\/site\/#\/schema\/person\/3852381d08284b5e2716b20bd89bdbcf\",\"name\":\"fw2\",\"image\":{\"@type\":\"ImageObject\",\"inLanguage\":\"pt-BR\",\"@id\":\"https:\/\/lappis.org.br\/site\/#\/schema\/person\/image\/\",\"url\":\"https:\/\/secure.gravatar.com\/avatar\/c38472c0cdbde82d9b6fcc26adb3779d?s=96&d=mm&r=g\",\"contentUrl\":\"https:\/\/secure.gravatar.com\/avatar\/c38472c0cdbde82d9b6fcc26adb3779d?s=96&d=mm&r=g\",\"caption\":\"fw2\"},\"url\":\"https:\/\/lappis.org.br\/site\/author\/fw2\"}]}<\/script>\n<!-- \/ Yoast SEO plugin. -->","yoast_head_json":{"title":"Exposi\u00e7\u00e3o sobre a trajet\u00f3ria do H\u00e9sio Cordeiro no VI CBCSHS - Lappis 25 anos","robots":{"index":"index","follow":"follow","max-snippet":"max-snippet:-1","max-image-preview":"max-image-preview:large","max-video-preview":"max-video-preview:-1"},"canonical":"https:\/\/lappis.org.br\/site\/exposicao-sobre-a-trajetoria-do-hesio-cordeiro-no-vi-cbcshs\/2221","og_locale":"pt_BR","og_type":"article","og_title":"Exposi\u00e7\u00e3o sobre a trajet\u00f3ria do H\u00e9sio Cordeiro no VI CBCSHS - Lappis 25 anos","og_description":"A mostra itinerante Permane\u00e7amos Lutando! 1988 - Imagens de um desagravo, uma homenagem da Casa de Oswaldo Cruz\/COC\/FIOCRUZ ao m\u00e9dico H\u00e9sio Cordeiro, est\u00e1 no VI Congresso Brasileiro de Ci\u00eancias Sociais e Humanas em Sa\u00fade. [...]","og_url":"https:\/\/lappis.org.br\/site\/exposicao-sobre-a-trajetoria-do-hesio-cordeiro-no-vi-cbcshs\/2221","og_site_name":"Lappis 25 anos","article_published_time":"2013-11-13T12:27:41+00:00","og_image":[{"width":420,"height":226,"url":"https:\/\/lappis.org.br\/site\/wp-content\/uploads\/2013\/11\/hesio.jpg","type":"image\/jpeg"}],"author":"fw2","twitter_card":"summary_large_image","twitter_misc":{"Escrito por":"fw2","Est. tempo de leitura":"3 minutos"},"schema":{"@context":"https:\/\/schema.org","@graph":[{"@type":"Article","@id":"https:\/\/lappis.org.br\/site\/exposicao-sobre-a-trajetoria-do-hesio-cordeiro-no-vi-cbcshs\/2221#article","isPartOf":{"@id":"https:\/\/lappis.org.br\/site\/exposicao-sobre-a-trajetoria-do-hesio-cordeiro-no-vi-cbcshs\/2221"},"author":{"name":"fw2","@id":"https:\/\/lappis.org.br\/site\/#\/schema\/person\/3852381d08284b5e2716b20bd89bdbcf"},"headline":"Exposi\u00e7\u00e3o sobre a trajet\u00f3ria do H\u00e9sio Cordeiro no VI CBCSHS","datePublished":"2013-11-13T12:27:41+00:00","mainEntityOfPage":{"@id":"https:\/\/lappis.org.br\/site\/exposicao-sobre-a-trajetoria-do-hesio-cordeiro-no-vi-cbcshs\/2221"},"wordCount":687,"commentCount":0,"publisher":{"@id":"https:\/\/lappis.org.br\/site\/#organization"},"image":{"@id":"https:\/\/lappis.org.br\/site\/exposicao-sobre-a-trajetoria-do-hesio-cordeiro-no-vi-cbcshs\/2221#primaryimage"},"thumbnailUrl":"https:\/\/lappis.org.br\/site\/wp-content\/uploads\/2013\/11\/hesio.jpg","articleSection":["VI CBCSHS - Not\u00edcias"],"inLanguage":"pt-BR","potentialAction":[{"@type":"CommentAction","name":"Comment","target":["https:\/\/lappis.org.br\/site\/exposicao-sobre-a-trajetoria-do-hesio-cordeiro-no-vi-cbcshs\/2221#respond"]}]},{"@type":"WebPage","@id":"https:\/\/lappis.org.br\/site\/exposicao-sobre-a-trajetoria-do-hesio-cordeiro-no-vi-cbcshs\/2221","url":"https:\/\/lappis.org.br\/site\/exposicao-sobre-a-trajetoria-do-hesio-cordeiro-no-vi-cbcshs\/2221","name":"Exposi\u00e7\u00e3o sobre a trajet\u00f3ria do H\u00e9sio Cordeiro no VI CBCSHS - Lappis 25 anos","isPartOf":{"@id":"https:\/\/lappis.org.br\/site\/#website"},"primaryImageOfPage":{"@id":"https:\/\/lappis.org.br\/site\/exposicao-sobre-a-trajetoria-do-hesio-cordeiro-no-vi-cbcshs\/2221#primaryimage"},"image":{"@id":"https:\/\/lappis.org.br\/site\/exposicao-sobre-a-trajetoria-do-hesio-cordeiro-no-vi-cbcshs\/2221#primaryimage"},"thumbnailUrl":"https:\/\/lappis.org.br\/site\/wp-content\/uploads\/2013\/11\/hesio.jpg","datePublished":"2013-11-13T12:27:41+00:00","breadcrumb":{"@id":"https:\/\/lappis.org.br\/site\/exposicao-sobre-a-trajetoria-do-hesio-cordeiro-no-vi-cbcshs\/2221#breadcrumb"},"inLanguage":"pt-BR","potentialAction":[{"@type":"ReadAction","target":["https:\/\/lappis.org.br\/site\/exposicao-sobre-a-trajetoria-do-hesio-cordeiro-no-vi-cbcshs\/2221"]}]},{"@type":"ImageObject","inLanguage":"pt-BR","@id":"https:\/\/lappis.org.br\/site\/exposicao-sobre-a-trajetoria-do-hesio-cordeiro-no-vi-cbcshs\/2221#primaryimage","url":"https:\/\/lappis.org.br\/site\/wp-content\/uploads\/2013\/11\/hesio.jpg","contentUrl":"https:\/\/lappis.org.br\/site\/wp-content\/uploads\/2013\/11\/hesio.jpg","width":420,"height":226,"caption":"alt"},{"@type":"BreadcrumbList","@id":"https:\/\/lappis.org.br\/site\/exposicao-sobre-a-trajetoria-do-hesio-cordeiro-no-vi-cbcshs\/2221#breadcrumb","itemListElement":[{"@type":"ListItem","position":1,"name":"In\u00edcio","item":"https:\/\/lappis.org.br\/site\/"},{"@type":"ListItem","position":2,"name":"Exposi\u00e7\u00e3o sobre a trajet\u00f3ria do H\u00e9sio Cordeiro no VI CBCSHS"}]},{"@type":"WebSite","@id":"https:\/\/lappis.org.br\/site\/#website","url":"https:\/\/lappis.org.br\/site\/","name":"Lappis 25 anos","description":"Labotat\u00f3rio de Pesquisas sobre Pr\u00e1ticas de Integralidade em Sa\u00fade","publisher":{"@id":"https:\/\/lappis.org.br\/site\/#organization"},"potentialAction":[{"@type":"SearchAction","target":{"@type":"EntryPoint","urlTemplate":"https:\/\/lappis.org.br\/site\/?s={search_term_string}"},"query-input":{"@type":"PropertyValueSpecification","valueRequired":true,"valueName":"search_term_string"}}],"inLanguage":"pt-BR"},{"@type":"Organization","@id":"https:\/\/lappis.org.br\/site\/#organization","name":"Lappis 25 anos","url":"https:\/\/lappis.org.br\/site\/","logo":{"@type":"ImageObject","inLanguage":"pt-BR","@id":"https:\/\/lappis.org.br\/site\/#\/schema\/logo\/image\/","url":"https:\/\/lappis.org.br\/site\/wp-content\/uploads\/2025\/03\/logo-lappis25anos.png","contentUrl":"https:\/\/lappis.org.br\/site\/wp-content\/uploads\/2025\/03\/logo-lappis25anos.png","width":388,"height":146,"caption":"Lappis 25 anos"},"image":{"@id":"https:\/\/lappis.org.br\/site\/#\/schema\/logo\/image\/"}},{"@type":"Person","@id":"https:\/\/lappis.org.br\/site\/#\/schema\/person\/3852381d08284b5e2716b20bd89bdbcf","name":"fw2","image":{"@type":"ImageObject","inLanguage":"pt-BR","@id":"https:\/\/lappis.org.br\/site\/#\/schema\/person\/image\/","url":"https:\/\/secure.gravatar.com\/avatar\/c38472c0cdbde82d9b6fcc26adb3779d?s=96&d=mm&r=g","contentUrl":"https:\/\/secure.gravatar.com\/avatar\/c38472c0cdbde82d9b6fcc26adb3779d?s=96&d=mm&r=g","caption":"fw2"},"url":"https:\/\/lappis.org.br\/site\/author\/fw2"}]}},"jetpack_featured_media_url":"https:\/\/lappis.org.br\/site\/wp-content\/uploads\/2013\/11\/hesio.jpg","jetpack_shortlink":"https:\/\/wp.me\/p954Nh-zP","jetpack_sharing_enabled":true,"_links":{"self":[{"href":"https:\/\/lappis.org.br\/site\/wp-json\/wp\/v2\/posts\/2221"}],"collection":[{"href":"https:\/\/lappis.org.br\/site\/wp-json\/wp\/v2\/posts"}],"about":[{"href":"https:\/\/lappis.org.br\/site\/wp-json\/wp\/v2\/types\/post"}],"author":[{"embeddable":true,"href":"https:\/\/lappis.org.br\/site\/wp-json\/wp\/v2\/users\/1"}],"replies":[{"embeddable":true,"href":"https:\/\/lappis.org.br\/site\/wp-json\/wp\/v2\/comments?post=2221"}],"version-history":[{"count":0,"href":"https:\/\/lappis.org.br\/site\/wp-json\/wp\/v2\/posts\/2221\/revisions"}],"wp:featuredmedia":[{"embeddable":true,"href":"https:\/\/lappis.org.br\/site\/wp-json\/wp\/v2\/media\/2219"}],"wp:attachment":[{"href":"https:\/\/lappis.org.br\/site\/wp-json\/wp\/v2\/media?parent=2221"}],"wp:term":[{"taxonomy":"category","embeddable":true,"href":"https:\/\/lappis.org.br\/site\/wp-json\/wp\/v2\/categories?post=2221"},{"taxonomy":"post_tag","embeddable":true,"href":"https:\/\/lappis.org.br\/site\/wp-json\/wp\/v2\/tags?post=2221"}],"curies":[{"name":"wp","href":"https:\/\/api.w.org\/{rel}","templated":true}]}}