{"id":2218,"date":"2013-11-13T02:05:51","date_gmt":"2013-11-13T04:05:51","guid":{"rendered":"http:\/\/lappis.org.br\/site\/2013\/11\/13\/8o-seminario-de-pesquisa\/"},"modified":"2013-11-13T02:05:51","modified_gmt":"2013-11-13T04:05:51","slug":"8o-seminario-de-pesquisa","status":"publish","type":"post","link":"https:\/\/lappis.org.br\/site\/8o-seminario-de-pesquisa\/2218","title":{"rendered":"8\u00ba Semin\u00e1rio de Pesquisa do IMS"},"content":{"rendered":"<p style=\"text-align: justify;\"> \t<img fetchpriority=\"high\" decoding=\"async\" data-attachment-id=\"2217\" data-permalink=\"https:\/\/lappis.org.br\/site\/8o-seminario-de-pesquisa\/2218\/attachment-alt-212\" data-orig-file=\"https:\/\/lappis.org.br\/site\/wp-content\/uploads\/2013\/11\/8semin.jpg\" data-orig-size=\"420,226\" data-comments-opened=\"1\" data-image-meta=\"{&quot;aperture&quot;:&quot;0&quot;,&quot;credit&quot;:&quot;Fernanda&quot;,&quot;camera&quot;:&quot;&quot;,&quot;caption&quot;:&quot;&quot;,&quot;created_timestamp&quot;:&quot;1384299698&quot;,&quot;copyright&quot;:&quot;&quot;,&quot;focal_length&quot;:&quot;0&quot;,&quot;iso&quot;:&quot;0&quot;,&quot;shutter_speed&quot;:&quot;0&quot;,&quot;title&quot;:&quot;&quot;,&quot;orientation&quot;:&quot;0&quot;}\" data-image-title=\"alt\" data-image-description=\"\" data-image-caption=\"\" data-medium-file=\"https:\/\/lappis.org.br\/site\/wp-content\/uploads\/2013\/11\/8semin-300x161.jpg\" data-large-file=\"https:\/\/lappis.org.br\/site\/wp-content\/uploads\/2013\/11\/8semin.jpg\" class=\" alignleft size-full wp-image-2217\" alt=\"alt\" src=\"http:\/\/lappis.org.br\/site\/wp-content\/uploads\/2013\/11\/8semin.jpg\" style=\"margin: 5px; float: left;\" width=\"420\" height=\"226\" srcset=\"https:\/\/lappis.org.br\/site\/wp-content\/uploads\/2013\/11\/8semin.jpg 420w, https:\/\/lappis.org.br\/site\/wp-content\/uploads\/2013\/11\/8semin-300x161.jpg 300w\" sizes=\"(max-width: 420px) 100vw, 420px\" \/><em>Sa\u00fade para quem?<\/em> foi\u00a0 o tema do 8\u00ba Semin\u00e1rio de Pesquisa, organizado pelos alunos do Instituto de Medicina Social da UERJ.<\/p>\n<p style=\"text-align: justify;\"> \tO evento, que ocorreu nos dias 11 e 12 de novembro, foi norteado pelas manifesta\u00e7\u00f5es de junho.<\/p>\n<p style=\"text-align: justify;\"> \tO Semin\u00e1rio de Pesquisa \u00e9 um evento tradicional do Instituto de Medicina Social da Uerj. A oitava edi\u00e7\u00e3o do evento contou com mesas redondas, oficinas e grupos de trabalhos, reunindo estudantes e pesquisadores do IMS e especialistas em sa\u00fade de outras institui\u00e7\u00f5es.<\/p>\n<p> \t&ldquo;\u00c9 uma oportunidade \u00fanica para n\u00f3s, estudantes, participar da organiza\u00e7\u00e3o desse evento. Vale destacar a liberdade que o IMS nos deu para montar a programa\u00e7\u00e3o do evento. Organizamos de acordo como n\u00f3s imagin\u00e1vamos. Juntamos mestrandos, doutorandos das tr\u00eas \u00e1reas de atua\u00e7\u00e3o do Instituto. Conseguimos pluralizar os debates sobre a sa\u00fade coletiva&rdquo;, comentou Leandro Gon\u00e7alves, mestrando de Pol\u00edtica, Planejamento e Administra\u00e7\u00e3o em Sa\u00fade do IMS\/Uerj.<\/p>\n<p> \tOs estudantes do IMS, organizadores do 8\u00ba Semin\u00e1rio, prepararam uma programa\u00e7\u00e3o onde foi poss\u00edvel debater os movimentos de junho; o complexo m\u00e9dico industrial da sa\u00fade; o sistema pol\u00edtico partid\u00e1rio; o sistema de sa\u00fade;\u00a0 programa mais m\u00e9dicos, entre outros temas.<\/p>\n<p> \t&ldquo;A gente tentou organizar em concord\u00e2ncia com os movimentos populares que eclodiram em junho desse ano. Muitas das exig\u00eancias envolviam a sa\u00fade. Eles pediam hospitais no padr\u00e3o FIFA, diziam que a sa\u00fade era melhor que o Neymar. Ent\u00e3o, procuramos trazer essas demandas populares para academia para podermos pensar quais s\u00e3o os rumos dessa sa\u00fade p\u00fablica.&rdquo;, explicou Raquel Oscar, mestranda de Ci\u00eancias Humanas em Sa\u00fade do IMS\/Uerj.<\/p>\n<p> \t<strong>Cerim\u00f4nia de Abertura<\/strong><\/p>\n<p> \tAs atividades do 8\u00ba Semin\u00e1rio de Pesquisas tiveram inicio, \u00e0s 10h, com o pronunciamento do diretor do IMS\/Uerj, Cid Manso. Na ocasi\u00e3o, ele disse que o Semin\u00e1rio\u00a0 \u00e9 fundamental dentro do contexto da sa\u00fade coletiva.<\/p>\n<p> \t&ldquo;Os alunos s\u00e3o a alma do IMS. Fazem com que a gente busque sempre se aprimorar. N\u00f3s n\u00e3o somos apenas um instituto de pesquisa, n\u00f3s formamos pesquisadores. Acho que o tema do Semin\u00e1rio \u00e9 de muita import\u00e2ncia, pois ainda n\u00e3o est\u00e1 claro o impacto dessas manifesta\u00e7\u00f5es para o Brasil. Voc\u00eas est\u00e3o cumprindo o papel fundamental do pesquisador, que \u00e9 questionar e buscar sempre o entendimento&rdquo;, falou Cid Manso.<\/p>\n<p> \tEm seguida, o professor Martinho Silva (IMS\/Uerj) mediou a mesa de abertura &ldquo;Movimentos de Junho, a imprensa e o ide\u00e1rio popular em sa\u00fade&rdquo;, na qual o professor Giuseppe Cocco (ESS-UFRJ) e o pesquisador Paulo Bruno (Fiocruz) foram palestrantes.<\/p>\n<p> \tO professor Giuseppe Cocco falou sobre as especificidades das manifesta\u00e7\u00f5es de junho, sobre a democracia e sobre a atua\u00e7\u00e3o da grande m\u00eddia nas manifesta\u00e7\u00f5es. \u00a0&ldquo;O pobre no Brasil quando luta \u00e9 morto, numa guerra sem significa\u00e7\u00e3o. A pol\u00edcia mata e tortura porque ela tem permiss\u00e3o. Ela est\u00e1 obedecendo, faz parte do modo como funciona o poder&rdquo;.<\/p>\n<p> \tJ\u00e1 o pesquisador Paulo Bruno, que foi preso injustamente durante os protestos, acusado de roubo, inc\u00eandio, dano ao patrim\u00f4nio p\u00fablico e forma\u00e7\u00e3o de quadrilha, relatou para os estudantes seu per\u00edodo na pris\u00e3o. &rdquo;Descobri que a algema \u00e9 um instrumento de tortura. Ela vai apertando o seu pulso at\u00e9 ficar roxo. A gente pensa que os instrumentos de tortura acabaram com a Ditadura, mas n\u00e3o. Eles foram aprimorados. H\u00e1 uma pedagogia do terror&rdquo;, comentou.<\/p>\n<p> \t<strong>Outras atividades<\/strong><\/p>\n<p> \tNa parte da tarde, as atividades come\u00e7aram com as apresenta\u00e7\u00f5es dos Grupos de Trabalho. Em seguida, para encerrar o primeiro dia do evento, aconteceu a mesa-redonda &ldquo;O complexo m\u00e9dico industrial e o processo de financeiriza\u00e7\u00e3o da sa\u00fade&rdquo;, mediada pelo professor Cid Manso (IMS\/Uerj) e composta pelos palestrantes Andr\u00e9 L. Mendon\u00e7a (IMS\/Uerj) e Maria de F. Siliansky (IESC\/UFRJ).<\/p>\n<p> \tDurante a manh\u00e3 do segundo dia de evento, dia 12, ocorreram as oficinas tem\u00e1ticas <em>Conflito de interesses<\/em>, <em>Global Mental Health<\/em>, <em>Medicaliza\u00e7\u00e3o da sexualidade<\/em>, <em>Protagonismo de usu\u00e1rios e familiares em sa\u00fade mental <\/em>e\u00a0<em>Sistema Pol\u00edtico partid\u00e1rio e<\/em>\u00a0<em>organiza\u00e7\u00e3o do sistema de sa\u00fade<\/em>. Na parte da tarde, houve a continuidade das apresenta\u00e7\u00f5es dos Grupos de Trabalho. Em seguida, aconteceu a mesa redonda &ldquo;O programa Mais m\u00e9dico traz medicaliza\u00e7\u00e3o?&rdquo;, que encerrou as atividades do 8\u00ba Semin\u00e1rio de Pesquisa. Ela foi mediada pelo professor Kenneth Camargo Jr (IMS\/Uerj) e teve como palestrantes T\u00falio Franco (CCM\/UFF), Fl\u00e1vio Edler (ENSP\/FIOCRUZ) e Jane Sayd (IMS\/Uerj)<br \/> \t\u00a0<br \/> \t\u00a0<br \/> \t\u00a0<br \/> \t\u00a0<br \/> \t\u00a0<br \/> \t\u00a0\u00a0<br \/> \t\u00a0<br \/> \t\u00a0<\/p>\n","protected":false},"excerpt":{"rendered":"<div class=\"mh-excerpt\"><p style=\"text-align: justify;\"> \t<img decoding=\"async\" class=\" alignleft size-full wp-image-2217\" alt=\"alt\" src=\"http:\/\/lappis.org.br\/site\/wp-content\/uploads\/2013\/11\/8semin.jpg\" style=\"margin: 5px; float: left;\" width=\"420\" height=\"226\" srcset=\"https:\/\/lappis.org.br\/site\/wp-content\/uploads\/2013\/11\/8semin.jpg 420w, https:\/\/lappis.org.br\/site\/wp-content\/uploads\/2013\/11\/8semin-300x161.jpg 300w\" sizes=\"(max-width: 420px) 100vw, 420px\" \/><em>Sa\u00fade para quem?<\/em> foi\u00a0 o tema do 8\u00ba Semin\u00e1rio de Pesquisa, organizado pelos alunos do Instituto de Medicina Social da UERJ.<\/p>\n<p>  <a class=\"mh-excerpt-more\" href=\"https:\/\/lappis.org.br\/site\/8o-seminario-de-pesquisa\/2218\" title=\"8\u00ba Semin\u00e1rio de Pesquisa do IMS\">[&#8230;]<\/a><\/p>\n<\/div>","protected":false},"author":1,"featured_media":2216,"comment_status":"open","ping_status":"open","sticky":false,"template":"","format":"standard","meta":{"_acf_changed":false,"_exactmetrics_skip_tracking":false,"_exactmetrics_sitenote_active":false,"_exactmetrics_sitenote_note":"","_exactmetrics_sitenote_category":0,"jetpack_post_was_ever_published":false,"_jetpack_newsletter_access":"","_jetpack_dont_email_post_to_subs":false,"_jetpack_newsletter_tier_id":0,"_jetpack_memberships_contains_paywalled_content":false,"_jetpack_memberships_contains_paid_content":false,"footnotes":"","jetpack_publicize_message":"","jetpack_publicize_feature_enabled":true,"jetpack_social_post_already_shared":false,"jetpack_social_options":{"image_generator_settings":{"template":"highway","enabled":false},"version":2}},"categories":[8],"tags":[],"class_list":{"0":"post-2218","1":"post","2":"type-post","3":"status-publish","4":"format-standard","5":"has-post-thumbnail","7":"category-noticia"},"jetpack_publicize_connections":[],"acf":[],"yoast_head":"<!-- This site is optimized with the Yoast SEO plugin v25.2 - https:\/\/yoast.com\/wordpress\/plugins\/seo\/ -->\n<title>8\u00ba Semin\u00e1rio de Pesquisa do IMS - Lappis 25 anos<\/title>\n<meta name=\"robots\" content=\"index, follow, max-snippet:-1, max-image-preview:large, max-video-preview:-1\" \/>\n<link rel=\"canonical\" href=\"https:\/\/lappis.org.br\/site\/8o-seminario-de-pesquisa\/2218\" \/>\n<meta property=\"og:locale\" content=\"pt_BR\" \/>\n<meta property=\"og:type\" content=\"article\" \/>\n<meta property=\"og:title\" content=\"8\u00ba Semin\u00e1rio de Pesquisa do IMS - Lappis 25 anos\" \/>\n<meta property=\"og:description\" content=\"Sa\u00fade para quem? foi\u00a0 o tema do 8\u00ba Semin\u00e1rio de Pesquisa, organizado pelos alunos do Instituto de Medicina Social da UERJ. [...]\" \/>\n<meta property=\"og:url\" content=\"https:\/\/lappis.org.br\/site\/8o-seminario-de-pesquisa\/2218\" \/>\n<meta property=\"og:site_name\" content=\"Lappis 25 anos\" \/>\n<meta property=\"article:published_time\" content=\"2013-11-13T04:05:51+00:00\" \/>\n<meta property=\"og:image\" content=\"https:\/\/lappis.org.br\/site\/wp-content\/uploads\/2013\/11\/8semin.jpg\" \/>\n\t<meta property=\"og:image:width\" content=\"420\" \/>\n\t<meta property=\"og:image:height\" content=\"226\" \/>\n\t<meta property=\"og:image:type\" content=\"image\/jpeg\" \/>\n<meta name=\"author\" content=\"fw2\" \/>\n<meta name=\"twitter:card\" content=\"summary_large_image\" \/>\n<meta name=\"twitter:label1\" content=\"Escrito por\" \/>\n\t<meta name=\"twitter:data1\" content=\"fw2\" \/>\n\t<meta name=\"twitter:label2\" content=\"Est. tempo de leitura\" \/>\n\t<meta name=\"twitter:data2\" content=\"4 minutos\" \/>\n<script type=\"application\/ld+json\" class=\"yoast-schema-graph\">{\"@context\":\"https:\/\/schema.org\",\"@graph\":[{\"@type\":\"Article\",\"@id\":\"https:\/\/lappis.org.br\/site\/8o-seminario-de-pesquisa\/2218#article\",\"isPartOf\":{\"@id\":\"https:\/\/lappis.org.br\/site\/8o-seminario-de-pesquisa\/2218\"},\"author\":{\"name\":\"fw2\",\"@id\":\"https:\/\/lappis.org.br\/site\/#\/schema\/person\/3852381d08284b5e2716b20bd89bdbcf\"},\"headline\":\"8\u00ba Semin\u00e1rio de Pesquisa do IMS\",\"datePublished\":\"2013-11-13T04:05:51+00:00\",\"mainEntityOfPage\":{\"@id\":\"https:\/\/lappis.org.br\/site\/8o-seminario-de-pesquisa\/2218\"},\"wordCount\":788,\"commentCount\":0,\"publisher\":{\"@id\":\"https:\/\/lappis.org.br\/site\/#organization\"},\"image\":{\"@id\":\"https:\/\/lappis.org.br\/site\/8o-seminario-de-pesquisa\/2218#primaryimage\"},\"thumbnailUrl\":\"https:\/\/lappis.org.br\/site\/wp-content\/uploads\/2013\/11\/8semin.jpg\",\"articleSection\":[\"Not\u00edcia\"],\"inLanguage\":\"pt-BR\",\"potentialAction\":[{\"@type\":\"CommentAction\",\"name\":\"Comment\",\"target\":[\"https:\/\/lappis.org.br\/site\/8o-seminario-de-pesquisa\/2218#respond\"]}]},{\"@type\":\"WebPage\",\"@id\":\"https:\/\/lappis.org.br\/site\/8o-seminario-de-pesquisa\/2218\",\"url\":\"https:\/\/lappis.org.br\/site\/8o-seminario-de-pesquisa\/2218\",\"name\":\"8\u00ba Semin\u00e1rio de Pesquisa do IMS - Lappis 25 anos\",\"isPartOf\":{\"@id\":\"https:\/\/lappis.org.br\/site\/#website\"},\"primaryImageOfPage\":{\"@id\":\"https:\/\/lappis.org.br\/site\/8o-seminario-de-pesquisa\/2218#primaryimage\"},\"image\":{\"@id\":\"https:\/\/lappis.org.br\/site\/8o-seminario-de-pesquisa\/2218#primaryimage\"},\"thumbnailUrl\":\"https:\/\/lappis.org.br\/site\/wp-content\/uploads\/2013\/11\/8semin.jpg\",\"datePublished\":\"2013-11-13T04:05:51+00:00\",\"breadcrumb\":{\"@id\":\"https:\/\/lappis.org.br\/site\/8o-seminario-de-pesquisa\/2218#breadcrumb\"},\"inLanguage\":\"pt-BR\",\"potentialAction\":[{\"@type\":\"ReadAction\",\"target\":[\"https:\/\/lappis.org.br\/site\/8o-seminario-de-pesquisa\/2218\"]}]},{\"@type\":\"ImageObject\",\"inLanguage\":\"pt-BR\",\"@id\":\"https:\/\/lappis.org.br\/site\/8o-seminario-de-pesquisa\/2218#primaryimage\",\"url\":\"https:\/\/lappis.org.br\/site\/wp-content\/uploads\/2013\/11\/8semin.jpg\",\"contentUrl\":\"https:\/\/lappis.org.br\/site\/wp-content\/uploads\/2013\/11\/8semin.jpg\",\"width\":420,\"height\":226,\"caption\":\"alt\"},{\"@type\":\"BreadcrumbList\",\"@id\":\"https:\/\/lappis.org.br\/site\/8o-seminario-de-pesquisa\/2218#breadcrumb\",\"itemListElement\":[{\"@type\":\"ListItem\",\"position\":1,\"name\":\"In\u00edcio\",\"item\":\"https:\/\/lappis.org.br\/site\/\"},{\"@type\":\"ListItem\",\"position\":2,\"name\":\"8\u00ba Semin\u00e1rio de Pesquisa do IMS\"}]},{\"@type\":\"WebSite\",\"@id\":\"https:\/\/lappis.org.br\/site\/#website\",\"url\":\"https:\/\/lappis.org.br\/site\/\",\"name\":\"Lappis 25 anos\",\"description\":\"Labotat\u00f3rio de Pesquisas sobre Pr\u00e1ticas de Integralidade em Sa\u00fade\",\"publisher\":{\"@id\":\"https:\/\/lappis.org.br\/site\/#organization\"},\"potentialAction\":[{\"@type\":\"SearchAction\",\"target\":{\"@type\":\"EntryPoint\",\"urlTemplate\":\"https:\/\/lappis.org.br\/site\/?s={search_term_string}\"},\"query-input\":{\"@type\":\"PropertyValueSpecification\",\"valueRequired\":true,\"valueName\":\"search_term_string\"}}],\"inLanguage\":\"pt-BR\"},{\"@type\":\"Organization\",\"@id\":\"https:\/\/lappis.org.br\/site\/#organization\",\"name\":\"Lappis 25 anos\",\"url\":\"https:\/\/lappis.org.br\/site\/\",\"logo\":{\"@type\":\"ImageObject\",\"inLanguage\":\"pt-BR\",\"@id\":\"https:\/\/lappis.org.br\/site\/#\/schema\/logo\/image\/\",\"url\":\"https:\/\/lappis.org.br\/site\/wp-content\/uploads\/2025\/03\/logo-lappis25anos.png\",\"contentUrl\":\"https:\/\/lappis.org.br\/site\/wp-content\/uploads\/2025\/03\/logo-lappis25anos.png\",\"width\":388,\"height\":146,\"caption\":\"Lappis 25 anos\"},\"image\":{\"@id\":\"https:\/\/lappis.org.br\/site\/#\/schema\/logo\/image\/\"}},{\"@type\":\"Person\",\"@id\":\"https:\/\/lappis.org.br\/site\/#\/schema\/person\/3852381d08284b5e2716b20bd89bdbcf\",\"name\":\"fw2\",\"image\":{\"@type\":\"ImageObject\",\"inLanguage\":\"pt-BR\",\"@id\":\"https:\/\/lappis.org.br\/site\/#\/schema\/person\/image\/\",\"url\":\"https:\/\/secure.gravatar.com\/avatar\/c38472c0cdbde82d9b6fcc26adb3779d?s=96&d=mm&r=g\",\"contentUrl\":\"https:\/\/secure.gravatar.com\/avatar\/c38472c0cdbde82d9b6fcc26adb3779d?s=96&d=mm&r=g\",\"caption\":\"fw2\"},\"url\":\"https:\/\/lappis.org.br\/site\/author\/fw2\"}]}<\/script>\n<!-- \/ Yoast SEO plugin. -->","yoast_head_json":{"title":"8\u00ba Semin\u00e1rio de Pesquisa do IMS - Lappis 25 anos","robots":{"index":"index","follow":"follow","max-snippet":"max-snippet:-1","max-image-preview":"max-image-preview:large","max-video-preview":"max-video-preview:-1"},"canonical":"https:\/\/lappis.org.br\/site\/8o-seminario-de-pesquisa\/2218","og_locale":"pt_BR","og_type":"article","og_title":"8\u00ba Semin\u00e1rio de Pesquisa do IMS - Lappis 25 anos","og_description":"Sa\u00fade para quem? foi\u00a0 o tema do 8\u00ba Semin\u00e1rio de Pesquisa, organizado pelos alunos do Instituto de Medicina Social da UERJ. [...]","og_url":"https:\/\/lappis.org.br\/site\/8o-seminario-de-pesquisa\/2218","og_site_name":"Lappis 25 anos","article_published_time":"2013-11-13T04:05:51+00:00","og_image":[{"width":420,"height":226,"url":"https:\/\/lappis.org.br\/site\/wp-content\/uploads\/2013\/11\/8semin.jpg","type":"image\/jpeg"}],"author":"fw2","twitter_card":"summary_large_image","twitter_misc":{"Escrito por":"fw2","Est. tempo de leitura":"4 minutos"},"schema":{"@context":"https:\/\/schema.org","@graph":[{"@type":"Article","@id":"https:\/\/lappis.org.br\/site\/8o-seminario-de-pesquisa\/2218#article","isPartOf":{"@id":"https:\/\/lappis.org.br\/site\/8o-seminario-de-pesquisa\/2218"},"author":{"name":"fw2","@id":"https:\/\/lappis.org.br\/site\/#\/schema\/person\/3852381d08284b5e2716b20bd89bdbcf"},"headline":"8\u00ba Semin\u00e1rio de Pesquisa do IMS","datePublished":"2013-11-13T04:05:51+00:00","mainEntityOfPage":{"@id":"https:\/\/lappis.org.br\/site\/8o-seminario-de-pesquisa\/2218"},"wordCount":788,"commentCount":0,"publisher":{"@id":"https:\/\/lappis.org.br\/site\/#organization"},"image":{"@id":"https:\/\/lappis.org.br\/site\/8o-seminario-de-pesquisa\/2218#primaryimage"},"thumbnailUrl":"https:\/\/lappis.org.br\/site\/wp-content\/uploads\/2013\/11\/8semin.jpg","articleSection":["Not\u00edcia"],"inLanguage":"pt-BR","potentialAction":[{"@type":"CommentAction","name":"Comment","target":["https:\/\/lappis.org.br\/site\/8o-seminario-de-pesquisa\/2218#respond"]}]},{"@type":"WebPage","@id":"https:\/\/lappis.org.br\/site\/8o-seminario-de-pesquisa\/2218","url":"https:\/\/lappis.org.br\/site\/8o-seminario-de-pesquisa\/2218","name":"8\u00ba Semin\u00e1rio de Pesquisa do IMS - Lappis 25 anos","isPartOf":{"@id":"https:\/\/lappis.org.br\/site\/#website"},"primaryImageOfPage":{"@id":"https:\/\/lappis.org.br\/site\/8o-seminario-de-pesquisa\/2218#primaryimage"},"image":{"@id":"https:\/\/lappis.org.br\/site\/8o-seminario-de-pesquisa\/2218#primaryimage"},"thumbnailUrl":"https:\/\/lappis.org.br\/site\/wp-content\/uploads\/2013\/11\/8semin.jpg","datePublished":"2013-11-13T04:05:51+00:00","breadcrumb":{"@id":"https:\/\/lappis.org.br\/site\/8o-seminario-de-pesquisa\/2218#breadcrumb"},"inLanguage":"pt-BR","potentialAction":[{"@type":"ReadAction","target":["https:\/\/lappis.org.br\/site\/8o-seminario-de-pesquisa\/2218"]}]},{"@type":"ImageObject","inLanguage":"pt-BR","@id":"https:\/\/lappis.org.br\/site\/8o-seminario-de-pesquisa\/2218#primaryimage","url":"https:\/\/lappis.org.br\/site\/wp-content\/uploads\/2013\/11\/8semin.jpg","contentUrl":"https:\/\/lappis.org.br\/site\/wp-content\/uploads\/2013\/11\/8semin.jpg","width":420,"height":226,"caption":"alt"},{"@type":"BreadcrumbList","@id":"https:\/\/lappis.org.br\/site\/8o-seminario-de-pesquisa\/2218#breadcrumb","itemListElement":[{"@type":"ListItem","position":1,"name":"In\u00edcio","item":"https:\/\/lappis.org.br\/site\/"},{"@type":"ListItem","position":2,"name":"8\u00ba Semin\u00e1rio de Pesquisa do IMS"}]},{"@type":"WebSite","@id":"https:\/\/lappis.org.br\/site\/#website","url":"https:\/\/lappis.org.br\/site\/","name":"Lappis 25 anos","description":"Labotat\u00f3rio de Pesquisas sobre Pr\u00e1ticas de Integralidade em Sa\u00fade","publisher":{"@id":"https:\/\/lappis.org.br\/site\/#organization"},"potentialAction":[{"@type":"SearchAction","target":{"@type":"EntryPoint","urlTemplate":"https:\/\/lappis.org.br\/site\/?s={search_term_string}"},"query-input":{"@type":"PropertyValueSpecification","valueRequired":true,"valueName":"search_term_string"}}],"inLanguage":"pt-BR"},{"@type":"Organization","@id":"https:\/\/lappis.org.br\/site\/#organization","name":"Lappis 25 anos","url":"https:\/\/lappis.org.br\/site\/","logo":{"@type":"ImageObject","inLanguage":"pt-BR","@id":"https:\/\/lappis.org.br\/site\/#\/schema\/logo\/image\/","url":"https:\/\/lappis.org.br\/site\/wp-content\/uploads\/2025\/03\/logo-lappis25anos.png","contentUrl":"https:\/\/lappis.org.br\/site\/wp-content\/uploads\/2025\/03\/logo-lappis25anos.png","width":388,"height":146,"caption":"Lappis 25 anos"},"image":{"@id":"https:\/\/lappis.org.br\/site\/#\/schema\/logo\/image\/"}},{"@type":"Person","@id":"https:\/\/lappis.org.br\/site\/#\/schema\/person\/3852381d08284b5e2716b20bd89bdbcf","name":"fw2","image":{"@type":"ImageObject","inLanguage":"pt-BR","@id":"https:\/\/lappis.org.br\/site\/#\/schema\/person\/image\/","url":"https:\/\/secure.gravatar.com\/avatar\/c38472c0cdbde82d9b6fcc26adb3779d?s=96&d=mm&r=g","contentUrl":"https:\/\/secure.gravatar.com\/avatar\/c38472c0cdbde82d9b6fcc26adb3779d?s=96&d=mm&r=g","caption":"fw2"},"url":"https:\/\/lappis.org.br\/site\/author\/fw2"}]}},"jetpack_featured_media_url":"https:\/\/lappis.org.br\/site\/wp-content\/uploads\/2013\/11\/8semin.jpg","jetpack_shortlink":"https:\/\/wp.me\/p954Nh-zM","jetpack_sharing_enabled":true,"_links":{"self":[{"href":"https:\/\/lappis.org.br\/site\/wp-json\/wp\/v2\/posts\/2218"}],"collection":[{"href":"https:\/\/lappis.org.br\/site\/wp-json\/wp\/v2\/posts"}],"about":[{"href":"https:\/\/lappis.org.br\/site\/wp-json\/wp\/v2\/types\/post"}],"author":[{"embeddable":true,"href":"https:\/\/lappis.org.br\/site\/wp-json\/wp\/v2\/users\/1"}],"replies":[{"embeddable":true,"href":"https:\/\/lappis.org.br\/site\/wp-json\/wp\/v2\/comments?post=2218"}],"version-history":[{"count":0,"href":"https:\/\/lappis.org.br\/site\/wp-json\/wp\/v2\/posts\/2218\/revisions"}],"wp:featuredmedia":[{"embeddable":true,"href":"https:\/\/lappis.org.br\/site\/wp-json\/wp\/v2\/media\/2216"}],"wp:attachment":[{"href":"https:\/\/lappis.org.br\/site\/wp-json\/wp\/v2\/media?parent=2218"}],"wp:term":[{"taxonomy":"category","embeddable":true,"href":"https:\/\/lappis.org.br\/site\/wp-json\/wp\/v2\/categories?post=2218"},{"taxonomy":"post_tag","embeddable":true,"href":"https:\/\/lappis.org.br\/site\/wp-json\/wp\/v2\/tags?post=2218"}],"curies":[{"name":"wp","href":"https:\/\/api.w.org\/{rel}","templated":true}]}}