{"id":2186,"date":"2013-11-08T15:14:07","date_gmt":"2013-11-08T17:14:07","guid":{"rendered":"http:\/\/lappis.org.br\/site\/2013\/11\/08\/seminario-10-anos-da-politica-de-humanizacao-sp-1616451201\/"},"modified":"2013-11-08T15:14:07","modified_gmt":"2013-11-08T17:14:07","slug":"seminario-10-anos-da-politica-de-humanizacao-sp-1616451201","status":"publish","type":"post","link":"https:\/\/lappis.org.br\/site\/seminario-10-anos-da-politica-de-humanizacao-sp-1616451201\/2186","title":{"rendered":"Semin\u00e1rio 10 anos da Pol\u00edtica de Humaniza\u00e7\u00e3o"},"content":{"rendered":"<div style=\"text-align: justify;\"> \t<img fetchpriority=\"high\" decoding=\"async\" data-attachment-id=\"2185\" data-permalink=\"https:\/\/lappis.org.br\/site\/seminario-10-anos-da-politica-de-humanizacao-sp-1616451201\/2186\/attachment-alt-193\" data-orig-file=\"https:\/\/lappis.org.br\/site\/wp-content\/uploads\/2013\/11\/selohumanizasus10anos.jpg\" data-orig-size=\"700,350\" data-comments-opened=\"1\" data-image-meta=\"{&quot;aperture&quot;:&quot;0&quot;,&quot;credit&quot;:&quot;&quot;,&quot;camera&quot;:&quot;&quot;,&quot;caption&quot;:&quot;&quot;,&quot;created_timestamp&quot;:&quot;0&quot;,&quot;copyright&quot;:&quot;&quot;,&quot;focal_length&quot;:&quot;0&quot;,&quot;iso&quot;:&quot;0&quot;,&quot;shutter_speed&quot;:&quot;0&quot;,&quot;title&quot;:&quot;&quot;,&quot;orientation&quot;:&quot;0&quot;}\" data-image-title=\"alt\" data-image-description=\"\" data-image-caption=\"\" data-medium-file=\"https:\/\/lappis.org.br\/site\/wp-content\/uploads\/2013\/11\/selohumanizasus10anos-300x150.jpg\" data-large-file=\"https:\/\/lappis.org.br\/site\/wp-content\/uploads\/2013\/11\/selohumanizasus10anos.jpg\" class=\" alignright size-full wp-image-2185\" alt=\"alt\" src=\"http:\/\/lappis.org.br\/site\/wp-content\/uploads\/2013\/11\/selohumanizasus10anos.jpg\" style=\"height: 210px; width: 420px; margin: 5px; float: right;\" width=\"700\" height=\"350\" srcset=\"https:\/\/lappis.org.br\/site\/wp-content\/uploads\/2013\/11\/selohumanizasus10anos.jpg 700w, https:\/\/lappis.org.br\/site\/wp-content\/uploads\/2013\/11\/selohumanizasus10anos-300x150.jpg 300w\" sizes=\"(max-width: 700px) 100vw, 700px\" \/>O Laborat\u00f3rio de Pesquisas sobre Pr\u00e1ticas de Integralidade em Sa\u00fade estar\u00e1 presente na comemora\u00e7\u00e3o dos 10 anos da Pol\u00edtica Nacional de Humaniza\u00e7\u00e3o .<\/div>\n<div style=\"text-align: justify;\"> \t\u00a0<\/div>\n<div style=\"text-align: justify;\"> \t<span style=\"color: rgb(255, 255, 255);\">.<\/span><br \/> \tA l\u00edder do Grupo de Pesquisa do CNPQ Lappis, Roseni Pinheiro, participar\u00e1 do Semin\u00e1rio 10 anos da Pol\u00edtica Nacional de Humaniza\u00e7\u00e3o\/PNH.<\/p>\n<p> \tO evento reunir\u00e1 especialistas, gestores, trabalhadores e usu\u00e1rios para analisarem a trajet\u00f3ria e o papel das diretrizes do HumanizaSUS na melhoria da aten\u00e7\u00e3o e gest\u00e3o do Sistema \u00fanico de Sa\u00fade. A atividade acontecer\u00e1 no dia 28 de novembro, na sede da Organiza\u00e7\u00e3o Panamericana da Sa\u00fade (OPAS), em Bras\u00edlia\/DF, e ser\u00e1 transmitida online, na Sala de Eventos da Rede HumanizaSUS.<\/p><\/div>\n<div style=\"text-align: justify;\"> \t\u00a0<\/div>\n<div style=\"text-align: justify;\"> \tA abertura, prevista para \u00e0s 9h, contar\u00e1 com a presen\u00e7a do Secret\u00e1rio de Aten\u00e7\u00e3o \u00e0 Sa\u00fade do Minist\u00e9rio da Sa\u00fade, Helv\u00e9cio Miranda, e dos gestores da OPAS, do Programa Na\u00e7\u00f5es Unidas para o Desenvolvimento (PNUD), do Conselho Nacional de Secret\u00e1rios de Sa\u00fade, do Conselho Nacional de Secretarias Municipais de Sa\u00fade, do Conselho Nacional de Sa\u00fade e do PNH. O atual gestor da PNH, Gustavo Nunes de Oliveira debater\u00e1 com os ex-coordenadores da Pol\u00edtica \u00a0Regina Benevides, Angela Pisteli, \u00a0Adail Rollo e D\u00e1rio Pasche durante a \u00c1gora dos 10 anos: a gest\u00e3o da PNH e seu projeto \u00e9tico-est\u00e9tico-pol\u00edtico na m\u00e1quina de Estado.<br \/> \t\u00a0<\/div>\n<div style=\"text-align: justify;\"> \tO que gestores, trabalhadores e usu\u00e1rios mostram do SUS que d\u00e1 certo ser\u00e1 tema de outro momento do Semin\u00e1rio, quando apoiadores da PNH debater\u00e3o as diferentes realidades da humaniza\u00e7\u00e3o do SUS pelo Brasil, com base nas avalia\u00e7\u00f5es realizadas durante o Concurso Cultural Somos Parte do SUS que d\u00e1 certo. Haver\u00e1 a entrega de certificado aos 30 finalistas e divulgadas as 10 experi\u00eancias de humaniza\u00e7\u00e3o do SUS que v\u00e3o compor o novo v\u00eddeo institucional da PNH. Duas experi\u00eancias de cada regi\u00e3o brasileira foram selecionadas dentre as mais de 280 inscritas. Espera-se que elas possam fomentar novos modos de fazer sa\u00fade, com base nos princ\u00edpios do SUS, considerando as especificidades locais e regionais.\u00a0<\/div>\n<div style=\"text-align: justify;\"> \t\u00a0<\/div>\n<div style=\"text-align: justify;\"> \tTamb\u00e9m est\u00e3o previstos o lan\u00e7amento de diferentes ferramentas para auxiliar a humaniza\u00e7\u00e3o do SUS, tais como o monitoramento online das a\u00e7\u00f5es, via Rede HumanizaSUS, e dois novos volumes do Cadernos HumanizaSUS, sobre Sa\u00fade Mental e Parto Humanizado. &ldquo;\u00c9 preciso dar visibilidade \u00e0s boas pr\u00e1ticas, discuti-las, e apresentar ao SUS novas ferramentas de trabalho que auxiliem na melhoria do acesso dos usu\u00e1rios ao SUS de qualidade&rdquo;, afirmou o coordenador da PNH Gustavo Nunes de Oliveira.<\/div>\n<div style=\"text-align: justify;\"> \t<strong>Sobre a Pol\u00edtica Nacional de Humaniza\u00e7\u00e3o (HumanizaSUS):<\/strong><br \/> \t\u00a0<\/div>\n<div style=\"text-align: justify;\"> \tA PNH foi lan\u00e7ada em 2003, \u00a0para \u00a0transformar \u00a0a rela\u00e7\u00e3o entre gestores, trabalhadores e usu\u00e1rios do SUS, de modo que cada um deles se reconhe\u00e7a como parte do SUS \u00a0e contribuam para suas melhorias. \u00a0Com um grupo de apoiadores atuando em todo o territ\u00f3rio nacional[1], o trabalho da PNH se baseia no apoio institucional \u00e0s Secretarias Municipais de Sa\u00fade (SMS), Secretarias Estaduais de Sa\u00fade (SES), Hospitais e Coletivos de Humaniza\u00e7\u00e3o, al\u00e9m da \u00a0forma\u00e7\u00e3o de gestores, trabalhadores e usu\u00e1rios.<br \/> \t\u00a0<\/div>\n<div style=\"text-align: justify;\"> \tAcolhimento, gest\u00e3o participativa e cogest\u00e3o, cl\u00ednica ampliada, valoriza\u00e7\u00e3o do trabalhador, defesa dos direitos dos usu\u00e1rios e ambi\u00eancia s\u00e3o as diretrizes que embasam a PNH e se materializam nos servi\u00e7os de sa\u00fade por meio de \u00a0diferentes dispositivos para se melhorar a aten\u00e7\u00e3o e o trabalho em sa\u00fade: Acolhimento com classifica\u00e7\u00e3o de risco (que inverte a l\u00f3gica de atendimento por ordem de chegada, mas de acordo com a vulnerabilidade e o risco do usu\u00e1rio do SUS), colegiados gestores (que democratizam as decis\u00f5es), garantia de visita aberta e direito ao acompanhante, projetos de ambi\u00eancia que contam com a experi\u00eancia cotidiana dos trabalhadores para as reformas da infraestrutura do servi\u00e7o de sa\u00fade, entre outros.<br \/> \t\u00a0<\/div>\n<div style=\"text-align: right;\"> \tCom Informa\u00e7\u00f5es: Rede HumanizaSUS<\/div>\n<div> \t\u00a0<\/div>\n","protected":false},"excerpt":{"rendered":"<div class=\"mh-excerpt\"><div style=\"text-align: justify;\"> \t<img decoding=\"async\" class=\" alignright size-full wp-image-2185\" alt=\"alt\" src=\"http:\/\/lappis.org.br\/site\/wp-content\/uploads\/2013\/11\/selohumanizasus10anos.jpg\" style=\"height: 210px; width: 420px; margin: 5px; float: right;\" width=\"700\" height=\"350\" srcset=\"https:\/\/lappis.org.br\/site\/wp-content\/uploads\/2013\/11\/selohumanizasus10anos.jpg 700w, https:\/\/lappis.org.br\/site\/wp-content\/uploads\/2013\/11\/selohumanizasus10anos-300x150.jpg 300w\" sizes=\"(max-width: 700px) 100vw, 700px\" \/>O Laborat\u00f3rio de Pesquisas sobre Pr\u00e1ticas de Integralidade em Sa\u00fade estar\u00e1 presente na comemora\u00e7\u00e3o dos 10 anos da Pol\u00edtica Nacional de Humaniza\u00e7\u00e3o .<\/div>\n<div style=\"text-align: justify;\"> \t\u00a0<\/div>\n<p>  <a class=\"mh-excerpt-more\" href=\"https:\/\/lappis.org.br\/site\/seminario-10-anos-da-politica-de-humanizacao-sp-1616451201\/2186\" title=\"Semin\u00e1rio 10 anos da Pol\u00edtica de Humaniza\u00e7\u00e3o\">[&#8230;]<\/a><\/p>\n<\/div>","protected":false},"author":1,"featured_media":2184,"comment_status":"open","ping_status":"open","sticky":false,"template":"","format":"standard","meta":{"_acf_changed":false,"_exactmetrics_skip_tracking":false,"_exactmetrics_sitenote_active":false,"_exactmetrics_sitenote_note":"","_exactmetrics_sitenote_category":0,"jetpack_post_was_ever_published":false,"_jetpack_newsletter_access":"","_jetpack_dont_email_post_to_subs":false,"_jetpack_newsletter_tier_id":0,"_jetpack_memberships_contains_paywalled_content":false,"_jetpack_memberships_contains_paid_content":false,"footnotes":"","jetpack_publicize_message":"","jetpack_publicize_feature_enabled":true,"jetpack_social_post_already_shared":false,"jetpack_social_options":{"image_generator_settings":{"template":"highway","enabled":false},"version":2}},"categories":[8],"tags":[],"class_list":{"0":"post-2186","1":"post","2":"type-post","3":"status-publish","4":"format-standard","5":"has-post-thumbnail","7":"category-noticia"},"jetpack_publicize_connections":[],"acf":[],"yoast_head":"<!-- This site is optimized with the Yoast SEO plugin v25.2 - https:\/\/yoast.com\/wordpress\/plugins\/seo\/ -->\n<title>Semin\u00e1rio 10 anos da Pol\u00edtica de Humaniza\u00e7\u00e3o - Lappis 25 anos<\/title>\n<meta name=\"robots\" content=\"index, follow, max-snippet:-1, max-image-preview:large, max-video-preview:-1\" \/>\n<link rel=\"canonical\" href=\"https:\/\/lappis.org.br\/site\/seminario-10-anos-da-politica-de-humanizacao-sp-1616451201\/2186\" \/>\n<meta property=\"og:locale\" content=\"pt_BR\" \/>\n<meta property=\"og:type\" content=\"article\" \/>\n<meta property=\"og:title\" content=\"Semin\u00e1rio 10 anos da Pol\u00edtica de Humaniza\u00e7\u00e3o - Lappis 25 anos\" \/>\n<meta property=\"og:description\" content=\"O Laborat\u00f3rio de Pesquisas sobre Pr\u00e1ticas de Integralidade em Sa\u00fade estar\u00e1 presente na comemora\u00e7\u00e3o dos 10 anos da Pol\u00edtica Nacional de Humaniza\u00e7\u00e3o .  \u00a0 [...]\" \/>\n<meta property=\"og:url\" content=\"https:\/\/lappis.org.br\/site\/seminario-10-anos-da-politica-de-humanizacao-sp-1616451201\/2186\" \/>\n<meta property=\"og:site_name\" content=\"Lappis 25 anos\" \/>\n<meta property=\"article:published_time\" content=\"2013-11-08T17:14:07+00:00\" \/>\n<meta property=\"og:image\" content=\"https:\/\/lappis.org.br\/site\/wp-content\/uploads\/2013\/11\/selohumanizasus10anos.jpg\" \/>\n\t<meta property=\"og:image:width\" content=\"700\" \/>\n\t<meta property=\"og:image:height\" content=\"350\" \/>\n\t<meta property=\"og:image:type\" content=\"image\/jpeg\" \/>\n<meta name=\"author\" content=\"fw2\" \/>\n<meta name=\"twitter:card\" content=\"summary_large_image\" \/>\n<meta name=\"twitter:label1\" content=\"Escrito por\" \/>\n\t<meta name=\"twitter:data1\" content=\"fw2\" \/>\n\t<meta name=\"twitter:label2\" content=\"Est. tempo de leitura\" \/>\n\t<meta name=\"twitter:data2\" content=\"3 minutos\" \/>\n<script type=\"application\/ld+json\" class=\"yoast-schema-graph\">{\"@context\":\"https:\/\/schema.org\",\"@graph\":[{\"@type\":\"Article\",\"@id\":\"https:\/\/lappis.org.br\/site\/seminario-10-anos-da-politica-de-humanizacao-sp-1616451201\/2186#article\",\"isPartOf\":{\"@id\":\"https:\/\/lappis.org.br\/site\/seminario-10-anos-da-politica-de-humanizacao-sp-1616451201\/2186\"},\"author\":{\"name\":\"fw2\",\"@id\":\"https:\/\/lappis.org.br\/site\/#\/schema\/person\/3852381d08284b5e2716b20bd89bdbcf\"},\"headline\":\"Semin\u00e1rio 10 anos da Pol\u00edtica de Humaniza\u00e7\u00e3o\",\"datePublished\":\"2013-11-08T17:14:07+00:00\",\"mainEntityOfPage\":{\"@id\":\"https:\/\/lappis.org.br\/site\/seminario-10-anos-da-politica-de-humanizacao-sp-1616451201\/2186\"},\"wordCount\":679,\"commentCount\":0,\"publisher\":{\"@id\":\"https:\/\/lappis.org.br\/site\/#organization\"},\"image\":{\"@id\":\"https:\/\/lappis.org.br\/site\/seminario-10-anos-da-politica-de-humanizacao-sp-1616451201\/2186#primaryimage\"},\"thumbnailUrl\":\"https:\/\/lappis.org.br\/site\/wp-content\/uploads\/2013\/11\/selohumanizasus10anos.jpg\",\"articleSection\":[\"Not\u00edcia\"],\"inLanguage\":\"pt-BR\",\"potentialAction\":[{\"@type\":\"CommentAction\",\"name\":\"Comment\",\"target\":[\"https:\/\/lappis.org.br\/site\/seminario-10-anos-da-politica-de-humanizacao-sp-1616451201\/2186#respond\"]}]},{\"@type\":\"WebPage\",\"@id\":\"https:\/\/lappis.org.br\/site\/seminario-10-anos-da-politica-de-humanizacao-sp-1616451201\/2186\",\"url\":\"https:\/\/lappis.org.br\/site\/seminario-10-anos-da-politica-de-humanizacao-sp-1616451201\/2186\",\"name\":\"Semin\u00e1rio 10 anos da Pol\u00edtica de Humaniza\u00e7\u00e3o - Lappis 25 anos\",\"isPartOf\":{\"@id\":\"https:\/\/lappis.org.br\/site\/#website\"},\"primaryImageOfPage\":{\"@id\":\"https:\/\/lappis.org.br\/site\/seminario-10-anos-da-politica-de-humanizacao-sp-1616451201\/2186#primaryimage\"},\"image\":{\"@id\":\"https:\/\/lappis.org.br\/site\/seminario-10-anos-da-politica-de-humanizacao-sp-1616451201\/2186#primaryimage\"},\"thumbnailUrl\":\"https:\/\/lappis.org.br\/site\/wp-content\/uploads\/2013\/11\/selohumanizasus10anos.jpg\",\"datePublished\":\"2013-11-08T17:14:07+00:00\",\"breadcrumb\":{\"@id\":\"https:\/\/lappis.org.br\/site\/seminario-10-anos-da-politica-de-humanizacao-sp-1616451201\/2186#breadcrumb\"},\"inLanguage\":\"pt-BR\",\"potentialAction\":[{\"@type\":\"ReadAction\",\"target\":[\"https:\/\/lappis.org.br\/site\/seminario-10-anos-da-politica-de-humanizacao-sp-1616451201\/2186\"]}]},{\"@type\":\"ImageObject\",\"inLanguage\":\"pt-BR\",\"@id\":\"https:\/\/lappis.org.br\/site\/seminario-10-anos-da-politica-de-humanizacao-sp-1616451201\/2186#primaryimage\",\"url\":\"https:\/\/lappis.org.br\/site\/wp-content\/uploads\/2013\/11\/selohumanizasus10anos.jpg\",\"contentUrl\":\"https:\/\/lappis.org.br\/site\/wp-content\/uploads\/2013\/11\/selohumanizasus10anos.jpg\",\"width\":700,\"height\":350,\"caption\":\"alt\"},{\"@type\":\"BreadcrumbList\",\"@id\":\"https:\/\/lappis.org.br\/site\/seminario-10-anos-da-politica-de-humanizacao-sp-1616451201\/2186#breadcrumb\",\"itemListElement\":[{\"@type\":\"ListItem\",\"position\":1,\"name\":\"In\u00edcio\",\"item\":\"https:\/\/lappis.org.br\/site\/\"},{\"@type\":\"ListItem\",\"position\":2,\"name\":\"Semin\u00e1rio 10 anos da Pol\u00edtica de Humaniza\u00e7\u00e3o\"}]},{\"@type\":\"WebSite\",\"@id\":\"https:\/\/lappis.org.br\/site\/#website\",\"url\":\"https:\/\/lappis.org.br\/site\/\",\"name\":\"Lappis 25 anos\",\"description\":\"Labotat\u00f3rio de Pesquisas sobre Pr\u00e1ticas de Integralidade em Sa\u00fade\",\"publisher\":{\"@id\":\"https:\/\/lappis.org.br\/site\/#organization\"},\"potentialAction\":[{\"@type\":\"SearchAction\",\"target\":{\"@type\":\"EntryPoint\",\"urlTemplate\":\"https:\/\/lappis.org.br\/site\/?s={search_term_string}\"},\"query-input\":{\"@type\":\"PropertyValueSpecification\",\"valueRequired\":true,\"valueName\":\"search_term_string\"}}],\"inLanguage\":\"pt-BR\"},{\"@type\":\"Organization\",\"@id\":\"https:\/\/lappis.org.br\/site\/#organization\",\"name\":\"Lappis 25 anos\",\"url\":\"https:\/\/lappis.org.br\/site\/\",\"logo\":{\"@type\":\"ImageObject\",\"inLanguage\":\"pt-BR\",\"@id\":\"https:\/\/lappis.org.br\/site\/#\/schema\/logo\/image\/\",\"url\":\"https:\/\/lappis.org.br\/site\/wp-content\/uploads\/2025\/03\/logo-lappis25anos.png\",\"contentUrl\":\"https:\/\/lappis.org.br\/site\/wp-content\/uploads\/2025\/03\/logo-lappis25anos.png\",\"width\":388,\"height\":146,\"caption\":\"Lappis 25 anos\"},\"image\":{\"@id\":\"https:\/\/lappis.org.br\/site\/#\/schema\/logo\/image\/\"}},{\"@type\":\"Person\",\"@id\":\"https:\/\/lappis.org.br\/site\/#\/schema\/person\/3852381d08284b5e2716b20bd89bdbcf\",\"name\":\"fw2\",\"image\":{\"@type\":\"ImageObject\",\"inLanguage\":\"pt-BR\",\"@id\":\"https:\/\/lappis.org.br\/site\/#\/schema\/person\/image\/\",\"url\":\"https:\/\/secure.gravatar.com\/avatar\/c38472c0cdbde82d9b6fcc26adb3779d?s=96&d=mm&r=g\",\"contentUrl\":\"https:\/\/secure.gravatar.com\/avatar\/c38472c0cdbde82d9b6fcc26adb3779d?s=96&d=mm&r=g\",\"caption\":\"fw2\"},\"url\":\"https:\/\/lappis.org.br\/site\/author\/fw2\"}]}<\/script>\n<!-- \/ Yoast SEO plugin. -->","yoast_head_json":{"title":"Semin\u00e1rio 10 anos da Pol\u00edtica de Humaniza\u00e7\u00e3o - Lappis 25 anos","robots":{"index":"index","follow":"follow","max-snippet":"max-snippet:-1","max-image-preview":"max-image-preview:large","max-video-preview":"max-video-preview:-1"},"canonical":"https:\/\/lappis.org.br\/site\/seminario-10-anos-da-politica-de-humanizacao-sp-1616451201\/2186","og_locale":"pt_BR","og_type":"article","og_title":"Semin\u00e1rio 10 anos da Pol\u00edtica de Humaniza\u00e7\u00e3o - Lappis 25 anos","og_description":"O Laborat\u00f3rio de Pesquisas sobre Pr\u00e1ticas de Integralidade em Sa\u00fade estar\u00e1 presente na comemora\u00e7\u00e3o dos 10 anos da Pol\u00edtica Nacional de Humaniza\u00e7\u00e3o .  \u00a0 [...]","og_url":"https:\/\/lappis.org.br\/site\/seminario-10-anos-da-politica-de-humanizacao-sp-1616451201\/2186","og_site_name":"Lappis 25 anos","article_published_time":"2013-11-08T17:14:07+00:00","og_image":[{"width":700,"height":350,"url":"https:\/\/lappis.org.br\/site\/wp-content\/uploads\/2013\/11\/selohumanizasus10anos.jpg","type":"image\/jpeg"}],"author":"fw2","twitter_card":"summary_large_image","twitter_misc":{"Escrito por":"fw2","Est. tempo de leitura":"3 minutos"},"schema":{"@context":"https:\/\/schema.org","@graph":[{"@type":"Article","@id":"https:\/\/lappis.org.br\/site\/seminario-10-anos-da-politica-de-humanizacao-sp-1616451201\/2186#article","isPartOf":{"@id":"https:\/\/lappis.org.br\/site\/seminario-10-anos-da-politica-de-humanizacao-sp-1616451201\/2186"},"author":{"name":"fw2","@id":"https:\/\/lappis.org.br\/site\/#\/schema\/person\/3852381d08284b5e2716b20bd89bdbcf"},"headline":"Semin\u00e1rio 10 anos da Pol\u00edtica de Humaniza\u00e7\u00e3o","datePublished":"2013-11-08T17:14:07+00:00","mainEntityOfPage":{"@id":"https:\/\/lappis.org.br\/site\/seminario-10-anos-da-politica-de-humanizacao-sp-1616451201\/2186"},"wordCount":679,"commentCount":0,"publisher":{"@id":"https:\/\/lappis.org.br\/site\/#organization"},"image":{"@id":"https:\/\/lappis.org.br\/site\/seminario-10-anos-da-politica-de-humanizacao-sp-1616451201\/2186#primaryimage"},"thumbnailUrl":"https:\/\/lappis.org.br\/site\/wp-content\/uploads\/2013\/11\/selohumanizasus10anos.jpg","articleSection":["Not\u00edcia"],"inLanguage":"pt-BR","potentialAction":[{"@type":"CommentAction","name":"Comment","target":["https:\/\/lappis.org.br\/site\/seminario-10-anos-da-politica-de-humanizacao-sp-1616451201\/2186#respond"]}]},{"@type":"WebPage","@id":"https:\/\/lappis.org.br\/site\/seminario-10-anos-da-politica-de-humanizacao-sp-1616451201\/2186","url":"https:\/\/lappis.org.br\/site\/seminario-10-anos-da-politica-de-humanizacao-sp-1616451201\/2186","name":"Semin\u00e1rio 10 anos da Pol\u00edtica de Humaniza\u00e7\u00e3o - Lappis 25 anos","isPartOf":{"@id":"https:\/\/lappis.org.br\/site\/#website"},"primaryImageOfPage":{"@id":"https:\/\/lappis.org.br\/site\/seminario-10-anos-da-politica-de-humanizacao-sp-1616451201\/2186#primaryimage"},"image":{"@id":"https:\/\/lappis.org.br\/site\/seminario-10-anos-da-politica-de-humanizacao-sp-1616451201\/2186#primaryimage"},"thumbnailUrl":"https:\/\/lappis.org.br\/site\/wp-content\/uploads\/2013\/11\/selohumanizasus10anos.jpg","datePublished":"2013-11-08T17:14:07+00:00","breadcrumb":{"@id":"https:\/\/lappis.org.br\/site\/seminario-10-anos-da-politica-de-humanizacao-sp-1616451201\/2186#breadcrumb"},"inLanguage":"pt-BR","potentialAction":[{"@type":"ReadAction","target":["https:\/\/lappis.org.br\/site\/seminario-10-anos-da-politica-de-humanizacao-sp-1616451201\/2186"]}]},{"@type":"ImageObject","inLanguage":"pt-BR","@id":"https:\/\/lappis.org.br\/site\/seminario-10-anos-da-politica-de-humanizacao-sp-1616451201\/2186#primaryimage","url":"https:\/\/lappis.org.br\/site\/wp-content\/uploads\/2013\/11\/selohumanizasus10anos.jpg","contentUrl":"https:\/\/lappis.org.br\/site\/wp-content\/uploads\/2013\/11\/selohumanizasus10anos.jpg","width":700,"height":350,"caption":"alt"},{"@type":"BreadcrumbList","@id":"https:\/\/lappis.org.br\/site\/seminario-10-anos-da-politica-de-humanizacao-sp-1616451201\/2186#breadcrumb","itemListElement":[{"@type":"ListItem","position":1,"name":"In\u00edcio","item":"https:\/\/lappis.org.br\/site\/"},{"@type":"ListItem","position":2,"name":"Semin\u00e1rio 10 anos da Pol\u00edtica de Humaniza\u00e7\u00e3o"}]},{"@type":"WebSite","@id":"https:\/\/lappis.org.br\/site\/#website","url":"https:\/\/lappis.org.br\/site\/","name":"Lappis 25 anos","description":"Labotat\u00f3rio de Pesquisas sobre Pr\u00e1ticas de Integralidade em Sa\u00fade","publisher":{"@id":"https:\/\/lappis.org.br\/site\/#organization"},"potentialAction":[{"@type":"SearchAction","target":{"@type":"EntryPoint","urlTemplate":"https:\/\/lappis.org.br\/site\/?s={search_term_string}"},"query-input":{"@type":"PropertyValueSpecification","valueRequired":true,"valueName":"search_term_string"}}],"inLanguage":"pt-BR"},{"@type":"Organization","@id":"https:\/\/lappis.org.br\/site\/#organization","name":"Lappis 25 anos","url":"https:\/\/lappis.org.br\/site\/","logo":{"@type":"ImageObject","inLanguage":"pt-BR","@id":"https:\/\/lappis.org.br\/site\/#\/schema\/logo\/image\/","url":"https:\/\/lappis.org.br\/site\/wp-content\/uploads\/2025\/03\/logo-lappis25anos.png","contentUrl":"https:\/\/lappis.org.br\/site\/wp-content\/uploads\/2025\/03\/logo-lappis25anos.png","width":388,"height":146,"caption":"Lappis 25 anos"},"image":{"@id":"https:\/\/lappis.org.br\/site\/#\/schema\/logo\/image\/"}},{"@type":"Person","@id":"https:\/\/lappis.org.br\/site\/#\/schema\/person\/3852381d08284b5e2716b20bd89bdbcf","name":"fw2","image":{"@type":"ImageObject","inLanguage":"pt-BR","@id":"https:\/\/lappis.org.br\/site\/#\/schema\/person\/image\/","url":"https:\/\/secure.gravatar.com\/avatar\/c38472c0cdbde82d9b6fcc26adb3779d?s=96&d=mm&r=g","contentUrl":"https:\/\/secure.gravatar.com\/avatar\/c38472c0cdbde82d9b6fcc26adb3779d?s=96&d=mm&r=g","caption":"fw2"},"url":"https:\/\/lappis.org.br\/site\/author\/fw2"}]}},"jetpack_featured_media_url":"https:\/\/lappis.org.br\/site\/wp-content\/uploads\/2013\/11\/selohumanizasus10anos.jpg","jetpack_shortlink":"https:\/\/wp.me\/p954Nh-zg","jetpack_sharing_enabled":true,"_links":{"self":[{"href":"https:\/\/lappis.org.br\/site\/wp-json\/wp\/v2\/posts\/2186"}],"collection":[{"href":"https:\/\/lappis.org.br\/site\/wp-json\/wp\/v2\/posts"}],"about":[{"href":"https:\/\/lappis.org.br\/site\/wp-json\/wp\/v2\/types\/post"}],"author":[{"embeddable":true,"href":"https:\/\/lappis.org.br\/site\/wp-json\/wp\/v2\/users\/1"}],"replies":[{"embeddable":true,"href":"https:\/\/lappis.org.br\/site\/wp-json\/wp\/v2\/comments?post=2186"}],"version-history":[{"count":0,"href":"https:\/\/lappis.org.br\/site\/wp-json\/wp\/v2\/posts\/2186\/revisions"}],"wp:featuredmedia":[{"embeddable":true,"href":"https:\/\/lappis.org.br\/site\/wp-json\/wp\/v2\/media\/2184"}],"wp:attachment":[{"href":"https:\/\/lappis.org.br\/site\/wp-json\/wp\/v2\/media?parent=2186"}],"wp:term":[{"taxonomy":"category","embeddable":true,"href":"https:\/\/lappis.org.br\/site\/wp-json\/wp\/v2\/categories?post=2186"},{"taxonomy":"post_tag","embeddable":true,"href":"https:\/\/lappis.org.br\/site\/wp-json\/wp\/v2\/tags?post=2186"}],"curies":[{"name":"wp","href":"https:\/\/api.w.org\/{rel}","templated":true}]}}