{"id":2174,"date":"2013-11-04T18:30:22","date_gmt":"2013-11-04T20:30:22","guid":{"rendered":"http:\/\/lappis.org.br\/site\/2013\/11\/04\/identidade-visual-do-projeto-memoria-sp-135388835\/"},"modified":"2013-11-04T18:30:22","modified_gmt":"2013-11-04T20:30:22","slug":"identidade-visual-do-projeto-memoria-sp-135388835","status":"publish","type":"post","link":"https:\/\/lappis.org.br\/site\/identidade-visual-do-projeto-memoria-sp-135388835\/2174","title":{"rendered":"IDENTIDADE VISUAL DO PROJETO MEM\u00d3RIA"},"content":{"rendered":"<p style=\"text-align: justify;\"> \t<img fetchpriority=\"high\" decoding=\"async\" data-attachment-id=\"2172\" data-permalink=\"https:\/\/lappis.org.br\/site\/identidade-visual-do-projeto-memoria-sp-135388835\/2174\/attachment-alt-184\" data-orig-file=\"https:\/\/lappis.org.br\/site\/wp-content\/uploads\/2013\/11\/runiomandla.jpg\" data-orig-size=\"413,224\" data-comments-opened=\"1\" data-image-meta=\"{&quot;aperture&quot;:&quot;0&quot;,&quot;credit&quot;:&quot;&quot;,&quot;camera&quot;:&quot;&quot;,&quot;caption&quot;:&quot;&quot;,&quot;created_timestamp&quot;:&quot;0&quot;,&quot;copyright&quot;:&quot;&quot;,&quot;focal_length&quot;:&quot;0&quot;,&quot;iso&quot;:&quot;0&quot;,&quot;shutter_speed&quot;:&quot;0&quot;,&quot;title&quot;:&quot;&quot;,&quot;orientation&quot;:&quot;0&quot;}\" data-image-title=\"alt\" data-image-description=\"\" data-image-caption=\"\" data-medium-file=\"https:\/\/lappis.org.br\/site\/wp-content\/uploads\/2013\/11\/runiomandla-300x163.jpg\" data-large-file=\"https:\/\/lappis.org.br\/site\/wp-content\/uploads\/2013\/11\/runiomandla.jpg\" class=\" alignright size-full wp-image-2172\" alt=\"alt\" src=\"http:\/\/lappis.org.br\/site\/wp-content\/uploads\/2013\/11\/runiomandla.jpg\" style=\"width: 300px; margin: 5px; float: right; height: 163px;\" title=\"REUNI\u00c3OMANDALA\" width=\"413\" height=\"224\" srcset=\"https:\/\/lappis.org.br\/site\/wp-content\/uploads\/2013\/11\/runiomandla.jpg 413w, https:\/\/lappis.org.br\/site\/wp-content\/uploads\/2013\/11\/runiomandla-300x163.jpg 300w\" sizes=\"(max-width: 413px) 100vw, 413px\" \/><\/p>\n<div style=\"text-align: justify;\"> \tA equipe do Projeto Mem\u00f3ria ressignifica conceito da mandala de Fernando Diniz\u00a0\u00a0para contar a hist\u00f3ria do campo das ci\u00eancias sociais e humanas em sa\u00fade.<\/div>\n<p style=\"text-align: justify;\"> \tNa \u00faltima sexta-feira, dia 25 de outubro, foi apresentada a proposta de identidade visual do Projeto Mem\u00f3ria com a exposi\u00e7\u00e3o do conceito gr\u00e1fico criado pelo designer Roberto Muntoreanu. Alinhando os conceitos presentes no material de divulga\u00e7\u00e3o do VI Congresso Brasileiro de Ci\u00eancias Humanas e Sociais em Sa\u00fade, Roberto separou os elementos geom\u00e9tricos delineados na mandala de Fernando Diniz para a elabora\u00e7\u00e3o da identidade visual.\u00a0<\/p>\n<div style=\"text-align: justify;\"> \t\u00a0<\/div>\n<p> <img decoding=\"async\" data-attachment-id=\"2173\" data-permalink=\"https:\/\/lappis.org.br\/site\/identidade-visual-do-projeto-memoria-sp-135388835\/2174\/attachment-alt-185\" data-orig-file=\"https:\/\/lappis.org.br\/site\/wp-content\/uploads\/2013\/11\/fernando_diniz.2004.1.b.jpg\" data-orig-size=\"514,350\" data-comments-opened=\"1\" data-image-meta=\"{&quot;aperture&quot;:&quot;0&quot;,&quot;credit&quot;:&quot;&quot;,&quot;camera&quot;:&quot;&quot;,&quot;caption&quot;:&quot;&quot;,&quot;created_timestamp&quot;:&quot;0&quot;,&quot;copyright&quot;:&quot;&quot;,&quot;focal_length&quot;:&quot;0&quot;,&quot;iso&quot;:&quot;0&quot;,&quot;shutter_speed&quot;:&quot;0&quot;,&quot;title&quot;:&quot;&quot;,&quot;orientation&quot;:&quot;0&quot;}\" data-image-title=\"alt\" data-image-description=\"\" data-image-caption=\"\" data-medium-file=\"https:\/\/lappis.org.br\/site\/wp-content\/uploads\/2013\/11\/fernando_diniz.2004.1.b-300x204.jpg\" data-large-file=\"https:\/\/lappis.org.br\/site\/wp-content\/uploads\/2013\/11\/fernando_diniz.2004.1.b.jpg\" class=\" alignleft size-full wp-image-2173\" alt=\"alt\" src=\"http:\/\/lappis.org.br\/site\/wp-content\/uploads\/2013\/11\/fernando_diniz.2004.1.b.jpg\" style=\"text-align: justify; width: 250px; height: 170px; margin: 5px; float: left;\" width=\"514\" height=\"350\" srcset=\"https:\/\/lappis.org.br\/site\/wp-content\/uploads\/2013\/11\/fernando_diniz.2004.1.b.jpg 514w, https:\/\/lappis.org.br\/site\/wp-content\/uploads\/2013\/11\/fernando_diniz.2004.1.b-300x204.jpg 300w\" sizes=\"(max-width: 514px) 100vw, 514px\" \/> <\/p>\n<div style=\"text-align: justify;\"> \tPara Let\u00edcia Mattos, produtora do Projeto Mem\u00f3ria, a arte atendeu as expectativas da curadoria e acrescenta: &ldquo;Eles conseguiram criar um material rico, pois trabalharam com o mesmo conceito da mandala do Fernando Diniz, sendo que nessa proposta se encaixa v\u00e1rios elementos. Da mesma forma, o VI Congresso \u00e9 uma por\u00e7\u00e3o das ci\u00eancias sociais e humanas, da sa\u00fade coletiva, da arte e da interdisciplinaridade&rdquo;.<\/div>\n<div style=\"text-align: justify;\"> \t\u00a0<\/div>\n<div style=\"text-align: justify;\"> \tAl\u00e9m disso, discutiu-se sobre a elabora\u00e7\u00e3o dos componentes do Projeto Mem\u00f3ria, como a produ\u00e7\u00e3o do document\u00e1rio com diferentes pesquisadores, protagonistas do campo das ci\u00eancias sociais e humanas. Roseni Pinheiro, curadora da exposi\u00e7\u00e3o do Projeto Mem\u00f3ria, ressaltou a import\u00e2ncia de dialogar os principais elementos da exposi\u00e7\u00e3o, como cat\u00e1logo, linha do tempo, exposi\u00e7\u00e3o de fotografias, com esse conceito.O editor audiovisual \u00a0Jos\u00e9 Eduardo Pach\u00e1 prop\u00f4s que o v\u00eddeo seja transversal aos temas do VI Congresso.\u00a0<\/div>\n<div style=\"text-align: justify;\"> \t\u00a0<\/div>\n<div style=\"text-align: justify;\"> \tAinda nesse encontro, contamos com a presen\u00e7a das professoras Maria Helena Mendon\u00e7a (Ensp\/Fiocruz) e Ivia Maksud (ISC\/UFF), colaboradoras do levantamento documental do Projeto Mem\u00f3ria; o professor Martinho Silva (Uerj), coordenador de pesquisa do Projeto Mem\u00f3ria; e Julio Evo, gestor de projetos do Lappis.<\/div>\n<div> \t\u00a0<\/div>\n","protected":false},"excerpt":{"rendered":"<div class=\"mh-excerpt\"><p style=\"text-align: justify;\"> \t<img decoding=\"async\" class=\" alignright size-full wp-image-2172\" alt=\"alt\" src=\"http:\/\/lappis.org.br\/site\/wp-content\/uploads\/2013\/11\/runiomandla.jpg\" style=\"width: 300px; margin: 5px; float: right; height: 163px;\" title=\"REUNI\u00c3OMANDALA\" width=\"413\" height=\"224\" srcset=\"https:\/\/lappis.org.br\/site\/wp-content\/uploads\/2013\/11\/runiomandla.jpg 413w, https:\/\/lappis.org.br\/site\/wp-content\/uploads\/2013\/11\/runiomandla-300x163.jpg 300w\" sizes=\"(max-width: 413px) 100vw, 413px\" \/><\/p>\n<div style=\"text-align: justify;\"> \tA equipe do Projeto Mem\u00f3ria ressignifica conceito da mandala de Fernando Diniz\u00a0\u00a0para contar a hist\u00f3ria do campo das ci\u00eancias sociais e humanas em sa\u00fade.<\/div>\n<p>  <a class=\"mh-excerpt-more\" href=\"https:\/\/lappis.org.br\/site\/identidade-visual-do-projeto-memoria-sp-135388835\/2174\" title=\"IDENTIDADE VISUAL DO PROJETO MEM\u00d3RIA\">[&#8230;]<\/a><\/p>\n<\/div>","protected":false},"author":1,"featured_media":2171,"comment_status":"open","ping_status":"open","sticky":false,"template":"","format":"standard","meta":{"_acf_changed":false,"_exactmetrics_skip_tracking":false,"_exactmetrics_sitenote_active":false,"_exactmetrics_sitenote_note":"","_exactmetrics_sitenote_category":0,"jetpack_post_was_ever_published":false,"_jetpack_newsletter_access":"","_jetpack_dont_email_post_to_subs":false,"_jetpack_newsletter_tier_id":0,"_jetpack_memberships_contains_paywalled_content":false,"_jetpack_memberships_contains_paid_content":false,"footnotes":"","jetpack_publicize_message":"","jetpack_publicize_feature_enabled":true,"jetpack_social_post_already_shared":false,"jetpack_social_options":{"image_generator_settings":{"template":"highway","enabled":false},"version":2}},"categories":[8],"tags":[],"class_list":{"0":"post-2174","1":"post","2":"type-post","3":"status-publish","4":"format-standard","5":"has-post-thumbnail","7":"category-noticia"},"jetpack_publicize_connections":[],"acf":[],"yoast_head":"<!-- This site is optimized with the Yoast SEO plugin v25.2 - https:\/\/yoast.com\/wordpress\/plugins\/seo\/ -->\n<title>IDENTIDADE VISUAL DO PROJETO MEM\u00d3RIA - Lappis 25 anos<\/title>\n<meta name=\"robots\" content=\"index, follow, max-snippet:-1, max-image-preview:large, max-video-preview:-1\" \/>\n<link rel=\"canonical\" href=\"https:\/\/lappis.org.br\/site\/identidade-visual-do-projeto-memoria-sp-135388835\/2174\" \/>\n<meta property=\"og:locale\" content=\"pt_BR\" \/>\n<meta property=\"og:type\" content=\"article\" \/>\n<meta property=\"og:title\" content=\"IDENTIDADE VISUAL DO PROJETO MEM\u00d3RIA - Lappis 25 anos\" \/>\n<meta property=\"og:description\" content=\"A equipe do Projeto Mem\u00f3ria ressignifica conceito da mandala de Fernando Diniz\u00a0\u00a0para contar a hist\u00f3ria do campo das ci\u00eancias sociais e humanas em sa\u00fade. [...]\" \/>\n<meta property=\"og:url\" content=\"https:\/\/lappis.org.br\/site\/identidade-visual-do-projeto-memoria-sp-135388835\/2174\" \/>\n<meta property=\"og:site_name\" content=\"Lappis 25 anos\" \/>\n<meta property=\"article:published_time\" content=\"2013-11-04T20:30:22+00:00\" \/>\n<meta property=\"og:image\" content=\"https:\/\/lappis.org.br\/site\/wp-content\/uploads\/2013\/11\/runiomandla.jpg\" \/>\n\t<meta property=\"og:image:width\" content=\"413\" \/>\n\t<meta property=\"og:image:height\" content=\"224\" \/>\n\t<meta property=\"og:image:type\" content=\"image\/jpeg\" \/>\n<meta name=\"author\" content=\"fw2\" \/>\n<meta name=\"twitter:card\" content=\"summary_large_image\" \/>\n<meta name=\"twitter:label1\" content=\"Escrito por\" \/>\n\t<meta name=\"twitter:data1\" content=\"fw2\" \/>\n\t<meta name=\"twitter:label2\" content=\"Est. tempo de leitura\" \/>\n\t<meta name=\"twitter:data2\" content=\"2 minutos\" \/>\n<script type=\"application\/ld+json\" class=\"yoast-schema-graph\">{\"@context\":\"https:\/\/schema.org\",\"@graph\":[{\"@type\":\"Article\",\"@id\":\"https:\/\/lappis.org.br\/site\/identidade-visual-do-projeto-memoria-sp-135388835\/2174#article\",\"isPartOf\":{\"@id\":\"https:\/\/lappis.org.br\/site\/identidade-visual-do-projeto-memoria-sp-135388835\/2174\"},\"author\":{\"name\":\"fw2\",\"@id\":\"https:\/\/lappis.org.br\/site\/#\/schema\/person\/3852381d08284b5e2716b20bd89bdbcf\"},\"headline\":\"IDENTIDADE VISUAL DO PROJETO MEM\u00d3RIA\",\"datePublished\":\"2013-11-04T20:30:22+00:00\",\"mainEntityOfPage\":{\"@id\":\"https:\/\/lappis.org.br\/site\/identidade-visual-do-projeto-memoria-sp-135388835\/2174\"},\"wordCount\":312,\"commentCount\":0,\"publisher\":{\"@id\":\"https:\/\/lappis.org.br\/site\/#organization\"},\"image\":{\"@id\":\"https:\/\/lappis.org.br\/site\/identidade-visual-do-projeto-memoria-sp-135388835\/2174#primaryimage\"},\"thumbnailUrl\":\"https:\/\/lappis.org.br\/site\/wp-content\/uploads\/2013\/11\/runiomandla.jpg\",\"articleSection\":[\"Not\u00edcia\"],\"inLanguage\":\"pt-BR\",\"potentialAction\":[{\"@type\":\"CommentAction\",\"name\":\"Comment\",\"target\":[\"https:\/\/lappis.org.br\/site\/identidade-visual-do-projeto-memoria-sp-135388835\/2174#respond\"]}]},{\"@type\":\"WebPage\",\"@id\":\"https:\/\/lappis.org.br\/site\/identidade-visual-do-projeto-memoria-sp-135388835\/2174\",\"url\":\"https:\/\/lappis.org.br\/site\/identidade-visual-do-projeto-memoria-sp-135388835\/2174\",\"name\":\"IDENTIDADE VISUAL DO PROJETO MEM\u00d3RIA - Lappis 25 anos\",\"isPartOf\":{\"@id\":\"https:\/\/lappis.org.br\/site\/#website\"},\"primaryImageOfPage\":{\"@id\":\"https:\/\/lappis.org.br\/site\/identidade-visual-do-projeto-memoria-sp-135388835\/2174#primaryimage\"},\"image\":{\"@id\":\"https:\/\/lappis.org.br\/site\/identidade-visual-do-projeto-memoria-sp-135388835\/2174#primaryimage\"},\"thumbnailUrl\":\"https:\/\/lappis.org.br\/site\/wp-content\/uploads\/2013\/11\/runiomandla.jpg\",\"datePublished\":\"2013-11-04T20:30:22+00:00\",\"breadcrumb\":{\"@id\":\"https:\/\/lappis.org.br\/site\/identidade-visual-do-projeto-memoria-sp-135388835\/2174#breadcrumb\"},\"inLanguage\":\"pt-BR\",\"potentialAction\":[{\"@type\":\"ReadAction\",\"target\":[\"https:\/\/lappis.org.br\/site\/identidade-visual-do-projeto-memoria-sp-135388835\/2174\"]}]},{\"@type\":\"ImageObject\",\"inLanguage\":\"pt-BR\",\"@id\":\"https:\/\/lappis.org.br\/site\/identidade-visual-do-projeto-memoria-sp-135388835\/2174#primaryimage\",\"url\":\"https:\/\/lappis.org.br\/site\/wp-content\/uploads\/2013\/11\/runiomandla.jpg\",\"contentUrl\":\"https:\/\/lappis.org.br\/site\/wp-content\/uploads\/2013\/11\/runiomandla.jpg\",\"width\":413,\"height\":224,\"caption\":\"alt\"},{\"@type\":\"BreadcrumbList\",\"@id\":\"https:\/\/lappis.org.br\/site\/identidade-visual-do-projeto-memoria-sp-135388835\/2174#breadcrumb\",\"itemListElement\":[{\"@type\":\"ListItem\",\"position\":1,\"name\":\"In\u00edcio\",\"item\":\"https:\/\/lappis.org.br\/site\/\"},{\"@type\":\"ListItem\",\"position\":2,\"name\":\"IDENTIDADE VISUAL DO PROJETO MEM\u00d3RIA\"}]},{\"@type\":\"WebSite\",\"@id\":\"https:\/\/lappis.org.br\/site\/#website\",\"url\":\"https:\/\/lappis.org.br\/site\/\",\"name\":\"Lappis 25 anos\",\"description\":\"Labotat\u00f3rio de Pesquisas sobre Pr\u00e1ticas de Integralidade em Sa\u00fade\",\"publisher\":{\"@id\":\"https:\/\/lappis.org.br\/site\/#organization\"},\"potentialAction\":[{\"@type\":\"SearchAction\",\"target\":{\"@type\":\"EntryPoint\",\"urlTemplate\":\"https:\/\/lappis.org.br\/site\/?s={search_term_string}\"},\"query-input\":{\"@type\":\"PropertyValueSpecification\",\"valueRequired\":true,\"valueName\":\"search_term_string\"}}],\"inLanguage\":\"pt-BR\"},{\"@type\":\"Organization\",\"@id\":\"https:\/\/lappis.org.br\/site\/#organization\",\"name\":\"Lappis 25 anos\",\"url\":\"https:\/\/lappis.org.br\/site\/\",\"logo\":{\"@type\":\"ImageObject\",\"inLanguage\":\"pt-BR\",\"@id\":\"https:\/\/lappis.org.br\/site\/#\/schema\/logo\/image\/\",\"url\":\"https:\/\/lappis.org.br\/site\/wp-content\/uploads\/2025\/03\/logo-lappis25anos.png\",\"contentUrl\":\"https:\/\/lappis.org.br\/site\/wp-content\/uploads\/2025\/03\/logo-lappis25anos.png\",\"width\":388,\"height\":146,\"caption\":\"Lappis 25 anos\"},\"image\":{\"@id\":\"https:\/\/lappis.org.br\/site\/#\/schema\/logo\/image\/\"}},{\"@type\":\"Person\",\"@id\":\"https:\/\/lappis.org.br\/site\/#\/schema\/person\/3852381d08284b5e2716b20bd89bdbcf\",\"name\":\"fw2\",\"image\":{\"@type\":\"ImageObject\",\"inLanguage\":\"pt-BR\",\"@id\":\"https:\/\/lappis.org.br\/site\/#\/schema\/person\/image\/\",\"url\":\"https:\/\/secure.gravatar.com\/avatar\/c38472c0cdbde82d9b6fcc26adb3779d?s=96&d=mm&r=g\",\"contentUrl\":\"https:\/\/secure.gravatar.com\/avatar\/c38472c0cdbde82d9b6fcc26adb3779d?s=96&d=mm&r=g\",\"caption\":\"fw2\"},\"url\":\"https:\/\/lappis.org.br\/site\/author\/fw2\"}]}<\/script>\n<!-- \/ Yoast SEO plugin. -->","yoast_head_json":{"title":"IDENTIDADE VISUAL DO PROJETO MEM\u00d3RIA - Lappis 25 anos","robots":{"index":"index","follow":"follow","max-snippet":"max-snippet:-1","max-image-preview":"max-image-preview:large","max-video-preview":"max-video-preview:-1"},"canonical":"https:\/\/lappis.org.br\/site\/identidade-visual-do-projeto-memoria-sp-135388835\/2174","og_locale":"pt_BR","og_type":"article","og_title":"IDENTIDADE VISUAL DO PROJETO MEM\u00d3RIA - Lappis 25 anos","og_description":"A equipe do Projeto Mem\u00f3ria ressignifica conceito da mandala de Fernando Diniz\u00a0\u00a0para contar a hist\u00f3ria do campo das ci\u00eancias sociais e humanas em sa\u00fade. [...]","og_url":"https:\/\/lappis.org.br\/site\/identidade-visual-do-projeto-memoria-sp-135388835\/2174","og_site_name":"Lappis 25 anos","article_published_time":"2013-11-04T20:30:22+00:00","og_image":[{"width":413,"height":224,"url":"https:\/\/lappis.org.br\/site\/wp-content\/uploads\/2013\/11\/runiomandla.jpg","type":"image\/jpeg"}],"author":"fw2","twitter_card":"summary_large_image","twitter_misc":{"Escrito por":"fw2","Est. tempo de leitura":"2 minutos"},"schema":{"@context":"https:\/\/schema.org","@graph":[{"@type":"Article","@id":"https:\/\/lappis.org.br\/site\/identidade-visual-do-projeto-memoria-sp-135388835\/2174#article","isPartOf":{"@id":"https:\/\/lappis.org.br\/site\/identidade-visual-do-projeto-memoria-sp-135388835\/2174"},"author":{"name":"fw2","@id":"https:\/\/lappis.org.br\/site\/#\/schema\/person\/3852381d08284b5e2716b20bd89bdbcf"},"headline":"IDENTIDADE VISUAL DO PROJETO MEM\u00d3RIA","datePublished":"2013-11-04T20:30:22+00:00","mainEntityOfPage":{"@id":"https:\/\/lappis.org.br\/site\/identidade-visual-do-projeto-memoria-sp-135388835\/2174"},"wordCount":312,"commentCount":0,"publisher":{"@id":"https:\/\/lappis.org.br\/site\/#organization"},"image":{"@id":"https:\/\/lappis.org.br\/site\/identidade-visual-do-projeto-memoria-sp-135388835\/2174#primaryimage"},"thumbnailUrl":"https:\/\/lappis.org.br\/site\/wp-content\/uploads\/2013\/11\/runiomandla.jpg","articleSection":["Not\u00edcia"],"inLanguage":"pt-BR","potentialAction":[{"@type":"CommentAction","name":"Comment","target":["https:\/\/lappis.org.br\/site\/identidade-visual-do-projeto-memoria-sp-135388835\/2174#respond"]}]},{"@type":"WebPage","@id":"https:\/\/lappis.org.br\/site\/identidade-visual-do-projeto-memoria-sp-135388835\/2174","url":"https:\/\/lappis.org.br\/site\/identidade-visual-do-projeto-memoria-sp-135388835\/2174","name":"IDENTIDADE VISUAL DO PROJETO MEM\u00d3RIA - Lappis 25 anos","isPartOf":{"@id":"https:\/\/lappis.org.br\/site\/#website"},"primaryImageOfPage":{"@id":"https:\/\/lappis.org.br\/site\/identidade-visual-do-projeto-memoria-sp-135388835\/2174#primaryimage"},"image":{"@id":"https:\/\/lappis.org.br\/site\/identidade-visual-do-projeto-memoria-sp-135388835\/2174#primaryimage"},"thumbnailUrl":"https:\/\/lappis.org.br\/site\/wp-content\/uploads\/2013\/11\/runiomandla.jpg","datePublished":"2013-11-04T20:30:22+00:00","breadcrumb":{"@id":"https:\/\/lappis.org.br\/site\/identidade-visual-do-projeto-memoria-sp-135388835\/2174#breadcrumb"},"inLanguage":"pt-BR","potentialAction":[{"@type":"ReadAction","target":["https:\/\/lappis.org.br\/site\/identidade-visual-do-projeto-memoria-sp-135388835\/2174"]}]},{"@type":"ImageObject","inLanguage":"pt-BR","@id":"https:\/\/lappis.org.br\/site\/identidade-visual-do-projeto-memoria-sp-135388835\/2174#primaryimage","url":"https:\/\/lappis.org.br\/site\/wp-content\/uploads\/2013\/11\/runiomandla.jpg","contentUrl":"https:\/\/lappis.org.br\/site\/wp-content\/uploads\/2013\/11\/runiomandla.jpg","width":413,"height":224,"caption":"alt"},{"@type":"BreadcrumbList","@id":"https:\/\/lappis.org.br\/site\/identidade-visual-do-projeto-memoria-sp-135388835\/2174#breadcrumb","itemListElement":[{"@type":"ListItem","position":1,"name":"In\u00edcio","item":"https:\/\/lappis.org.br\/site\/"},{"@type":"ListItem","position":2,"name":"IDENTIDADE VISUAL DO PROJETO MEM\u00d3RIA"}]},{"@type":"WebSite","@id":"https:\/\/lappis.org.br\/site\/#website","url":"https:\/\/lappis.org.br\/site\/","name":"Lappis 25 anos","description":"Labotat\u00f3rio de Pesquisas sobre Pr\u00e1ticas de Integralidade em Sa\u00fade","publisher":{"@id":"https:\/\/lappis.org.br\/site\/#organization"},"potentialAction":[{"@type":"SearchAction","target":{"@type":"EntryPoint","urlTemplate":"https:\/\/lappis.org.br\/site\/?s={search_term_string}"},"query-input":{"@type":"PropertyValueSpecification","valueRequired":true,"valueName":"search_term_string"}}],"inLanguage":"pt-BR"},{"@type":"Organization","@id":"https:\/\/lappis.org.br\/site\/#organization","name":"Lappis 25 anos","url":"https:\/\/lappis.org.br\/site\/","logo":{"@type":"ImageObject","inLanguage":"pt-BR","@id":"https:\/\/lappis.org.br\/site\/#\/schema\/logo\/image\/","url":"https:\/\/lappis.org.br\/site\/wp-content\/uploads\/2025\/03\/logo-lappis25anos.png","contentUrl":"https:\/\/lappis.org.br\/site\/wp-content\/uploads\/2025\/03\/logo-lappis25anos.png","width":388,"height":146,"caption":"Lappis 25 anos"},"image":{"@id":"https:\/\/lappis.org.br\/site\/#\/schema\/logo\/image\/"}},{"@type":"Person","@id":"https:\/\/lappis.org.br\/site\/#\/schema\/person\/3852381d08284b5e2716b20bd89bdbcf","name":"fw2","image":{"@type":"ImageObject","inLanguage":"pt-BR","@id":"https:\/\/lappis.org.br\/site\/#\/schema\/person\/image\/","url":"https:\/\/secure.gravatar.com\/avatar\/c38472c0cdbde82d9b6fcc26adb3779d?s=96&d=mm&r=g","contentUrl":"https:\/\/secure.gravatar.com\/avatar\/c38472c0cdbde82d9b6fcc26adb3779d?s=96&d=mm&r=g","caption":"fw2"},"url":"https:\/\/lappis.org.br\/site\/author\/fw2"}]}},"jetpack_featured_media_url":"https:\/\/lappis.org.br\/site\/wp-content\/uploads\/2013\/11\/runiomandla.jpg","jetpack_shortlink":"https:\/\/wp.me\/p954Nh-z4","jetpack_sharing_enabled":true,"_links":{"self":[{"href":"https:\/\/lappis.org.br\/site\/wp-json\/wp\/v2\/posts\/2174"}],"collection":[{"href":"https:\/\/lappis.org.br\/site\/wp-json\/wp\/v2\/posts"}],"about":[{"href":"https:\/\/lappis.org.br\/site\/wp-json\/wp\/v2\/types\/post"}],"author":[{"embeddable":true,"href":"https:\/\/lappis.org.br\/site\/wp-json\/wp\/v2\/users\/1"}],"replies":[{"embeddable":true,"href":"https:\/\/lappis.org.br\/site\/wp-json\/wp\/v2\/comments?post=2174"}],"version-history":[{"count":0,"href":"https:\/\/lappis.org.br\/site\/wp-json\/wp\/v2\/posts\/2174\/revisions"}],"wp:featuredmedia":[{"embeddable":true,"href":"https:\/\/lappis.org.br\/site\/wp-json\/wp\/v2\/media\/2171"}],"wp:attachment":[{"href":"https:\/\/lappis.org.br\/site\/wp-json\/wp\/v2\/media?parent=2174"}],"wp:term":[{"taxonomy":"category","embeddable":true,"href":"https:\/\/lappis.org.br\/site\/wp-json\/wp\/v2\/categories?post=2174"},{"taxonomy":"post_tag","embeddable":true,"href":"https:\/\/lappis.org.br\/site\/wp-json\/wp\/v2\/tags?post=2174"}],"curies":[{"name":"wp","href":"https:\/\/api.w.org\/{rel}","templated":true}]}}