{"id":2170,"date":"2013-11-01T14:37:43","date_gmt":"2013-11-01T16:37:43","guid":{"rendered":"http:\/\/lappis.org.br\/site\/2013\/11\/01\/convenio-de-cooperacao-tecnico-cientifico-entre-lappis-e-ufca\/"},"modified":"2013-11-01T14:37:43","modified_gmt":"2013-11-01T16:37:43","slug":"convenio-de-cooperacao-tecnico-cientifico-entre-lappis-e-ufca","status":"publish","type":"post","link":"https:\/\/lappis.org.br\/site\/convenio-de-cooperacao-tecnico-cientifico-entre-lappis-e-ufca\/2170","title":{"rendered":"CONV\u00caNIO DE COOPERA\u00c7\u00c3O ENTRE LAPPIS E UFAC"},"content":{"rendered":"<p style=\"text-align: justify;\"> \t<img fetchpriority=\"high\" decoding=\"async\" data-attachment-id=\"2169\" data-permalink=\"https:\/\/lappis.org.br\/site\/convenio-de-cooperacao-tecnico-cientifico-entre-lappis-e-ufca\/2170\/attachment-alt-182\" data-orig-file=\"https:\/\/lappis.org.br\/site\/wp-content\/uploads\/2013\/11\/convenio.jpg\" data-orig-size=\"422,224\" data-comments-opened=\"1\" data-image-meta=\"{&quot;aperture&quot;:&quot;0&quot;,&quot;credit&quot;:&quot;&quot;,&quot;camera&quot;:&quot;&quot;,&quot;caption&quot;:&quot;&quot;,&quot;created_timestamp&quot;:&quot;0&quot;,&quot;copyright&quot;:&quot;&quot;,&quot;focal_length&quot;:&quot;0&quot;,&quot;iso&quot;:&quot;0&quot;,&quot;shutter_speed&quot;:&quot;0&quot;,&quot;title&quot;:&quot;&quot;,&quot;orientation&quot;:&quot;0&quot;}\" data-image-title=\"alt\" data-image-description=\"\" data-image-caption=\"\" data-medium-file=\"https:\/\/lappis.org.br\/site\/wp-content\/uploads\/2013\/11\/convenio-300x159.jpg\" data-large-file=\"https:\/\/lappis.org.br\/site\/wp-content\/uploads\/2013\/11\/convenio.jpg\" class=\" alignleft size-full wp-image-2169\" alt=\"alt\" src=\"http:\/\/lappis.org.br\/site\/wp-content\/uploads\/2013\/11\/convenio.jpg\" style=\"height: 212px; width: 400px; margin: 5px; float: left; border-width: 0px; border-style: solid;\" width=\"422\" height=\"224\" srcset=\"https:\/\/lappis.org.br\/site\/wp-content\/uploads\/2013\/11\/convenio.jpg 422w, https:\/\/lappis.org.br\/site\/wp-content\/uploads\/2013\/11\/convenio-300x159.jpg 300w\" sizes=\"(max-width: 422px) 100vw, 422px\" \/>A parceria visa o desenvolvimento de pesquisas e a qualifica\u00e7\u00e3o profissional na \u00e1rea da sa\u00fade.<\/p>\n<p style=\"text-align: justify;\"> \tO direito \u00e0 sa\u00fade tem sido difundido junto com a no\u00e7\u00e3o de cidadania. A sa\u00fade tem fomentado intensos debates sobre os limites e possibilidades dos paradigmas que norteiam os saberes e pr\u00e1ticas em sa\u00fade, dentre os quais, se destacam a promo\u00e7\u00e3o, a preven\u00e7\u00e3o de doen\u00e7as, a recupera\u00e7\u00e3o e a reabilita\u00e7\u00e3o da sa\u00fade.<\/p>\n<p> \tConsiderando isso, a Universidade do Estado do Rio de Janeiro\/Uerj, atrav\u00e9s do Lappis, e a Universidade Federal do Acre\/UFAC assinaram, \u00a0em outubro de 2013, o conv\u00eanio de coopera\u00e7\u00e3o t\u00e9cnico-cient\u00edfica com intuito de promover e estimular o progresso cient\u00edfico na \u00e1rea da sa\u00fade e o estreitamento entre as duas universidades.<\/p>\n<p> \tAs atividades do conv\u00eanio ser\u00e3o executadas pelo Lappis\/IMS, no \u00e2mbito da Uerj, e pela Pr\u00f3-Reitoria de Gradua\u00e7\u00e3o, no \u00e2mbito da Universidade Federal do Acre. As duas universidades ficar\u00e3o respons\u00e1veis por: participar das atividades do projeto Apoio Institucional; desenvolver projetos de inicia\u00e7\u00e3o cient\u00edfica, mestrado e doutorado; promover e produzir experi\u00eancias interdisciplinares na gradua\u00e7\u00e3o, p\u00f3s-gradua\u00e7\u00e3o e pesquisa em sa\u00fade; produzir pesquisas cientificas na \u00e1rea da sa\u00fade; e articular estrutura para o funcionamento da incubadora.\u00a0<\/p>\n<p> \tPara o professor da Universidade Federal do Acre e pesquisador do Lappis, Osvaldo Leal, a parceria \u00e9 de fundamental import\u00e2ncia para o desenvolvimento qualitativo das Universidades. &ldquo;O acordo \u00e9 extremamente interessante para a qualifica\u00e7\u00e3o no desenvolvimento de pesquisas e projetos voltados para \u00e1rea da sa\u00fade&rdquo;, afirma.<\/p>\n<p> \tO conv\u00eanio foi assinado pelo reitor da Uerj, Dr. Ricardo Vieiralves de Castro, e pelo reitor da UFAC, Dr. Minoru Martins Kinpara. \u00a0<\/p>\n","protected":false},"excerpt":{"rendered":"<div class=\"mh-excerpt\"><p style=\"text-align: justify;\"> \t<img decoding=\"async\" class=\" alignleft size-full wp-image-2169\" alt=\"alt\" src=\"http:\/\/lappis.org.br\/site\/wp-content\/uploads\/2013\/11\/convenio.jpg\" style=\"height: 212px; width: 400px; margin: 5px; float: left; border-width: 0px; border-style: solid;\" width=\"422\" height=\"224\" srcset=\"https:\/\/lappis.org.br\/site\/wp-content\/uploads\/2013\/11\/convenio.jpg 422w, https:\/\/lappis.org.br\/site\/wp-content\/uploads\/2013\/11\/convenio-300x159.jpg 300w\" sizes=\"(max-width: 422px) 100vw, 422px\" \/>A parceria visa o desenvolvimento de pesquisas e a qualifica\u00e7\u00e3o profissional na \u00e1rea da sa\u00fade.<\/p>\n<p>  <a class=\"mh-excerpt-more\" href=\"https:\/\/lappis.org.br\/site\/convenio-de-cooperacao-tecnico-cientifico-entre-lappis-e-ufca\/2170\" title=\"CONV\u00caNIO DE COOPERA\u00c7\u00c3O ENTRE LAPPIS E UFAC\">[&#8230;]<\/a><\/p>\n<\/div>","protected":false},"author":1,"featured_media":2168,"comment_status":"open","ping_status":"open","sticky":false,"template":"","format":"standard","meta":{"_acf_changed":false,"_exactmetrics_skip_tracking":false,"_exactmetrics_sitenote_active":false,"_exactmetrics_sitenote_note":"","_exactmetrics_sitenote_category":0,"jetpack_post_was_ever_published":false,"_jetpack_newsletter_access":"","_jetpack_dont_email_post_to_subs":false,"_jetpack_newsletter_tier_id":0,"_jetpack_memberships_contains_paywalled_content":false,"_jetpack_memberships_contains_paid_content":false,"footnotes":"","jetpack_publicize_message":"","jetpack_publicize_feature_enabled":true,"jetpack_social_post_already_shared":false,"jetpack_social_options":{"image_generator_settings":{"template":"highway","enabled":false},"version":2}},"categories":[8],"tags":[],"class_list":{"0":"post-2170","1":"post","2":"type-post","3":"status-publish","4":"format-standard","5":"has-post-thumbnail","7":"category-noticia"},"jetpack_publicize_connections":[],"acf":[],"yoast_head":"<!-- This site is optimized with the Yoast SEO plugin v25.2 - https:\/\/yoast.com\/wordpress\/plugins\/seo\/ -->\n<title>CONV\u00caNIO DE COOPERA\u00c7\u00c3O ENTRE LAPPIS E UFAC - Lappis 25 anos<\/title>\n<meta name=\"robots\" content=\"index, follow, max-snippet:-1, max-image-preview:large, max-video-preview:-1\" \/>\n<link rel=\"canonical\" href=\"https:\/\/lappis.org.br\/site\/convenio-de-cooperacao-tecnico-cientifico-entre-lappis-e-ufca\/2170\" \/>\n<meta property=\"og:locale\" content=\"pt_BR\" \/>\n<meta property=\"og:type\" content=\"article\" \/>\n<meta property=\"og:title\" content=\"CONV\u00caNIO DE COOPERA\u00c7\u00c3O ENTRE LAPPIS E UFAC - Lappis 25 anos\" \/>\n<meta property=\"og:description\" content=\"A parceria visa o desenvolvimento de pesquisas e a qualifica\u00e7\u00e3o profissional na \u00e1rea da sa\u00fade. [...]\" \/>\n<meta property=\"og:url\" content=\"https:\/\/lappis.org.br\/site\/convenio-de-cooperacao-tecnico-cientifico-entre-lappis-e-ufca\/2170\" \/>\n<meta property=\"og:site_name\" content=\"Lappis 25 anos\" \/>\n<meta property=\"article:published_time\" content=\"2013-11-01T16:37:43+00:00\" \/>\n<meta property=\"og:image\" content=\"https:\/\/lappis.org.br\/site\/wp-content\/uploads\/2013\/11\/convenio.jpg\" \/>\n\t<meta property=\"og:image:width\" content=\"422\" \/>\n\t<meta property=\"og:image:height\" content=\"224\" \/>\n\t<meta property=\"og:image:type\" content=\"image\/jpeg\" \/>\n<meta name=\"author\" content=\"fw2\" \/>\n<meta name=\"twitter:card\" content=\"summary_large_image\" \/>\n<meta name=\"twitter:label1\" content=\"Escrito por\" \/>\n\t<meta name=\"twitter:data1\" content=\"fw2\" \/>\n\t<meta name=\"twitter:label2\" content=\"Est. tempo de leitura\" \/>\n\t<meta name=\"twitter:data2\" content=\"1 minuto\" \/>\n<script type=\"application\/ld+json\" class=\"yoast-schema-graph\">{\"@context\":\"https:\/\/schema.org\",\"@graph\":[{\"@type\":\"Article\",\"@id\":\"https:\/\/lappis.org.br\/site\/convenio-de-cooperacao-tecnico-cientifico-entre-lappis-e-ufca\/2170#article\",\"isPartOf\":{\"@id\":\"https:\/\/lappis.org.br\/site\/convenio-de-cooperacao-tecnico-cientifico-entre-lappis-e-ufca\/2170\"},\"author\":{\"name\":\"fw2\",\"@id\":\"https:\/\/lappis.org.br\/site\/#\/schema\/person\/3852381d08284b5e2716b20bd89bdbcf\"},\"headline\":\"CONV\u00caNIO DE COOPERA\u00c7\u00c3O ENTRE LAPPIS E UFAC\",\"datePublished\":\"2013-11-01T16:37:43+00:00\",\"mainEntityOfPage\":{\"@id\":\"https:\/\/lappis.org.br\/site\/convenio-de-cooperacao-tecnico-cientifico-entre-lappis-e-ufca\/2170\"},\"wordCount\":304,\"commentCount\":0,\"publisher\":{\"@id\":\"https:\/\/lappis.org.br\/site\/#organization\"},\"image\":{\"@id\":\"https:\/\/lappis.org.br\/site\/convenio-de-cooperacao-tecnico-cientifico-entre-lappis-e-ufca\/2170#primaryimage\"},\"thumbnailUrl\":\"https:\/\/lappis.org.br\/site\/wp-content\/uploads\/2013\/11\/convenio.jpg\",\"articleSection\":[\"Not\u00edcia\"],\"inLanguage\":\"pt-BR\",\"potentialAction\":[{\"@type\":\"CommentAction\",\"name\":\"Comment\",\"target\":[\"https:\/\/lappis.org.br\/site\/convenio-de-cooperacao-tecnico-cientifico-entre-lappis-e-ufca\/2170#respond\"]}]},{\"@type\":\"WebPage\",\"@id\":\"https:\/\/lappis.org.br\/site\/convenio-de-cooperacao-tecnico-cientifico-entre-lappis-e-ufca\/2170\",\"url\":\"https:\/\/lappis.org.br\/site\/convenio-de-cooperacao-tecnico-cientifico-entre-lappis-e-ufca\/2170\",\"name\":\"CONV\u00caNIO DE COOPERA\u00c7\u00c3O ENTRE LAPPIS E UFAC - Lappis 25 anos\",\"isPartOf\":{\"@id\":\"https:\/\/lappis.org.br\/site\/#website\"},\"primaryImageOfPage\":{\"@id\":\"https:\/\/lappis.org.br\/site\/convenio-de-cooperacao-tecnico-cientifico-entre-lappis-e-ufca\/2170#primaryimage\"},\"image\":{\"@id\":\"https:\/\/lappis.org.br\/site\/convenio-de-cooperacao-tecnico-cientifico-entre-lappis-e-ufca\/2170#primaryimage\"},\"thumbnailUrl\":\"https:\/\/lappis.org.br\/site\/wp-content\/uploads\/2013\/11\/convenio.jpg\",\"datePublished\":\"2013-11-01T16:37:43+00:00\",\"breadcrumb\":{\"@id\":\"https:\/\/lappis.org.br\/site\/convenio-de-cooperacao-tecnico-cientifico-entre-lappis-e-ufca\/2170#breadcrumb\"},\"inLanguage\":\"pt-BR\",\"potentialAction\":[{\"@type\":\"ReadAction\",\"target\":[\"https:\/\/lappis.org.br\/site\/convenio-de-cooperacao-tecnico-cientifico-entre-lappis-e-ufca\/2170\"]}]},{\"@type\":\"ImageObject\",\"inLanguage\":\"pt-BR\",\"@id\":\"https:\/\/lappis.org.br\/site\/convenio-de-cooperacao-tecnico-cientifico-entre-lappis-e-ufca\/2170#primaryimage\",\"url\":\"https:\/\/lappis.org.br\/site\/wp-content\/uploads\/2013\/11\/convenio.jpg\",\"contentUrl\":\"https:\/\/lappis.org.br\/site\/wp-content\/uploads\/2013\/11\/convenio.jpg\",\"width\":422,\"height\":224,\"caption\":\"alt\"},{\"@type\":\"BreadcrumbList\",\"@id\":\"https:\/\/lappis.org.br\/site\/convenio-de-cooperacao-tecnico-cientifico-entre-lappis-e-ufca\/2170#breadcrumb\",\"itemListElement\":[{\"@type\":\"ListItem\",\"position\":1,\"name\":\"In\u00edcio\",\"item\":\"https:\/\/lappis.org.br\/site\/\"},{\"@type\":\"ListItem\",\"position\":2,\"name\":\"CONV\u00caNIO DE COOPERA\u00c7\u00c3O ENTRE LAPPIS E UFAC\"}]},{\"@type\":\"WebSite\",\"@id\":\"https:\/\/lappis.org.br\/site\/#website\",\"url\":\"https:\/\/lappis.org.br\/site\/\",\"name\":\"Lappis 25 anos\",\"description\":\"Labotat\u00f3rio de Pesquisas sobre Pr\u00e1ticas de Integralidade em Sa\u00fade\",\"publisher\":{\"@id\":\"https:\/\/lappis.org.br\/site\/#organization\"},\"potentialAction\":[{\"@type\":\"SearchAction\",\"target\":{\"@type\":\"EntryPoint\",\"urlTemplate\":\"https:\/\/lappis.org.br\/site\/?s={search_term_string}\"},\"query-input\":{\"@type\":\"PropertyValueSpecification\",\"valueRequired\":true,\"valueName\":\"search_term_string\"}}],\"inLanguage\":\"pt-BR\"},{\"@type\":\"Organization\",\"@id\":\"https:\/\/lappis.org.br\/site\/#organization\",\"name\":\"Lappis 25 anos\",\"url\":\"https:\/\/lappis.org.br\/site\/\",\"logo\":{\"@type\":\"ImageObject\",\"inLanguage\":\"pt-BR\",\"@id\":\"https:\/\/lappis.org.br\/site\/#\/schema\/logo\/image\/\",\"url\":\"https:\/\/lappis.org.br\/site\/wp-content\/uploads\/2025\/03\/logo-lappis25anos.png\",\"contentUrl\":\"https:\/\/lappis.org.br\/site\/wp-content\/uploads\/2025\/03\/logo-lappis25anos.png\",\"width\":388,\"height\":146,\"caption\":\"Lappis 25 anos\"},\"image\":{\"@id\":\"https:\/\/lappis.org.br\/site\/#\/schema\/logo\/image\/\"}},{\"@type\":\"Person\",\"@id\":\"https:\/\/lappis.org.br\/site\/#\/schema\/person\/3852381d08284b5e2716b20bd89bdbcf\",\"name\":\"fw2\",\"image\":{\"@type\":\"ImageObject\",\"inLanguage\":\"pt-BR\",\"@id\":\"https:\/\/lappis.org.br\/site\/#\/schema\/person\/image\/\",\"url\":\"https:\/\/secure.gravatar.com\/avatar\/c38472c0cdbde82d9b6fcc26adb3779d?s=96&d=mm&r=g\",\"contentUrl\":\"https:\/\/secure.gravatar.com\/avatar\/c38472c0cdbde82d9b6fcc26adb3779d?s=96&d=mm&r=g\",\"caption\":\"fw2\"},\"url\":\"https:\/\/lappis.org.br\/site\/author\/fw2\"}]}<\/script>\n<!-- \/ Yoast SEO plugin. -->","yoast_head_json":{"title":"CONV\u00caNIO DE COOPERA\u00c7\u00c3O ENTRE LAPPIS E UFAC - Lappis 25 anos","robots":{"index":"index","follow":"follow","max-snippet":"max-snippet:-1","max-image-preview":"max-image-preview:large","max-video-preview":"max-video-preview:-1"},"canonical":"https:\/\/lappis.org.br\/site\/convenio-de-cooperacao-tecnico-cientifico-entre-lappis-e-ufca\/2170","og_locale":"pt_BR","og_type":"article","og_title":"CONV\u00caNIO DE COOPERA\u00c7\u00c3O ENTRE LAPPIS E UFAC - Lappis 25 anos","og_description":"A parceria visa o desenvolvimento de pesquisas e a qualifica\u00e7\u00e3o profissional na \u00e1rea da sa\u00fade. [...]","og_url":"https:\/\/lappis.org.br\/site\/convenio-de-cooperacao-tecnico-cientifico-entre-lappis-e-ufca\/2170","og_site_name":"Lappis 25 anos","article_published_time":"2013-11-01T16:37:43+00:00","og_image":[{"width":422,"height":224,"url":"https:\/\/lappis.org.br\/site\/wp-content\/uploads\/2013\/11\/convenio.jpg","type":"image\/jpeg"}],"author":"fw2","twitter_card":"summary_large_image","twitter_misc":{"Escrito por":"fw2","Est. tempo de leitura":"1 minuto"},"schema":{"@context":"https:\/\/schema.org","@graph":[{"@type":"Article","@id":"https:\/\/lappis.org.br\/site\/convenio-de-cooperacao-tecnico-cientifico-entre-lappis-e-ufca\/2170#article","isPartOf":{"@id":"https:\/\/lappis.org.br\/site\/convenio-de-cooperacao-tecnico-cientifico-entre-lappis-e-ufca\/2170"},"author":{"name":"fw2","@id":"https:\/\/lappis.org.br\/site\/#\/schema\/person\/3852381d08284b5e2716b20bd89bdbcf"},"headline":"CONV\u00caNIO DE COOPERA\u00c7\u00c3O ENTRE LAPPIS E UFAC","datePublished":"2013-11-01T16:37:43+00:00","mainEntityOfPage":{"@id":"https:\/\/lappis.org.br\/site\/convenio-de-cooperacao-tecnico-cientifico-entre-lappis-e-ufca\/2170"},"wordCount":304,"commentCount":0,"publisher":{"@id":"https:\/\/lappis.org.br\/site\/#organization"},"image":{"@id":"https:\/\/lappis.org.br\/site\/convenio-de-cooperacao-tecnico-cientifico-entre-lappis-e-ufca\/2170#primaryimage"},"thumbnailUrl":"https:\/\/lappis.org.br\/site\/wp-content\/uploads\/2013\/11\/convenio.jpg","articleSection":["Not\u00edcia"],"inLanguage":"pt-BR","potentialAction":[{"@type":"CommentAction","name":"Comment","target":["https:\/\/lappis.org.br\/site\/convenio-de-cooperacao-tecnico-cientifico-entre-lappis-e-ufca\/2170#respond"]}]},{"@type":"WebPage","@id":"https:\/\/lappis.org.br\/site\/convenio-de-cooperacao-tecnico-cientifico-entre-lappis-e-ufca\/2170","url":"https:\/\/lappis.org.br\/site\/convenio-de-cooperacao-tecnico-cientifico-entre-lappis-e-ufca\/2170","name":"CONV\u00caNIO DE COOPERA\u00c7\u00c3O ENTRE LAPPIS E UFAC - Lappis 25 anos","isPartOf":{"@id":"https:\/\/lappis.org.br\/site\/#website"},"primaryImageOfPage":{"@id":"https:\/\/lappis.org.br\/site\/convenio-de-cooperacao-tecnico-cientifico-entre-lappis-e-ufca\/2170#primaryimage"},"image":{"@id":"https:\/\/lappis.org.br\/site\/convenio-de-cooperacao-tecnico-cientifico-entre-lappis-e-ufca\/2170#primaryimage"},"thumbnailUrl":"https:\/\/lappis.org.br\/site\/wp-content\/uploads\/2013\/11\/convenio.jpg","datePublished":"2013-11-01T16:37:43+00:00","breadcrumb":{"@id":"https:\/\/lappis.org.br\/site\/convenio-de-cooperacao-tecnico-cientifico-entre-lappis-e-ufca\/2170#breadcrumb"},"inLanguage":"pt-BR","potentialAction":[{"@type":"ReadAction","target":["https:\/\/lappis.org.br\/site\/convenio-de-cooperacao-tecnico-cientifico-entre-lappis-e-ufca\/2170"]}]},{"@type":"ImageObject","inLanguage":"pt-BR","@id":"https:\/\/lappis.org.br\/site\/convenio-de-cooperacao-tecnico-cientifico-entre-lappis-e-ufca\/2170#primaryimage","url":"https:\/\/lappis.org.br\/site\/wp-content\/uploads\/2013\/11\/convenio.jpg","contentUrl":"https:\/\/lappis.org.br\/site\/wp-content\/uploads\/2013\/11\/convenio.jpg","width":422,"height":224,"caption":"alt"},{"@type":"BreadcrumbList","@id":"https:\/\/lappis.org.br\/site\/convenio-de-cooperacao-tecnico-cientifico-entre-lappis-e-ufca\/2170#breadcrumb","itemListElement":[{"@type":"ListItem","position":1,"name":"In\u00edcio","item":"https:\/\/lappis.org.br\/site\/"},{"@type":"ListItem","position":2,"name":"CONV\u00caNIO DE COOPERA\u00c7\u00c3O ENTRE LAPPIS E UFAC"}]},{"@type":"WebSite","@id":"https:\/\/lappis.org.br\/site\/#website","url":"https:\/\/lappis.org.br\/site\/","name":"Lappis 25 anos","description":"Labotat\u00f3rio de Pesquisas sobre Pr\u00e1ticas de Integralidade em Sa\u00fade","publisher":{"@id":"https:\/\/lappis.org.br\/site\/#organization"},"potentialAction":[{"@type":"SearchAction","target":{"@type":"EntryPoint","urlTemplate":"https:\/\/lappis.org.br\/site\/?s={search_term_string}"},"query-input":{"@type":"PropertyValueSpecification","valueRequired":true,"valueName":"search_term_string"}}],"inLanguage":"pt-BR"},{"@type":"Organization","@id":"https:\/\/lappis.org.br\/site\/#organization","name":"Lappis 25 anos","url":"https:\/\/lappis.org.br\/site\/","logo":{"@type":"ImageObject","inLanguage":"pt-BR","@id":"https:\/\/lappis.org.br\/site\/#\/schema\/logo\/image\/","url":"https:\/\/lappis.org.br\/site\/wp-content\/uploads\/2025\/03\/logo-lappis25anos.png","contentUrl":"https:\/\/lappis.org.br\/site\/wp-content\/uploads\/2025\/03\/logo-lappis25anos.png","width":388,"height":146,"caption":"Lappis 25 anos"},"image":{"@id":"https:\/\/lappis.org.br\/site\/#\/schema\/logo\/image\/"}},{"@type":"Person","@id":"https:\/\/lappis.org.br\/site\/#\/schema\/person\/3852381d08284b5e2716b20bd89bdbcf","name":"fw2","image":{"@type":"ImageObject","inLanguage":"pt-BR","@id":"https:\/\/lappis.org.br\/site\/#\/schema\/person\/image\/","url":"https:\/\/secure.gravatar.com\/avatar\/c38472c0cdbde82d9b6fcc26adb3779d?s=96&d=mm&r=g","contentUrl":"https:\/\/secure.gravatar.com\/avatar\/c38472c0cdbde82d9b6fcc26adb3779d?s=96&d=mm&r=g","caption":"fw2"},"url":"https:\/\/lappis.org.br\/site\/author\/fw2"}]}},"jetpack_featured_media_url":"https:\/\/lappis.org.br\/site\/wp-content\/uploads\/2013\/11\/convenio.jpg","jetpack_shortlink":"https:\/\/wp.me\/p954Nh-z0","jetpack_sharing_enabled":true,"_links":{"self":[{"href":"https:\/\/lappis.org.br\/site\/wp-json\/wp\/v2\/posts\/2170"}],"collection":[{"href":"https:\/\/lappis.org.br\/site\/wp-json\/wp\/v2\/posts"}],"about":[{"href":"https:\/\/lappis.org.br\/site\/wp-json\/wp\/v2\/types\/post"}],"author":[{"embeddable":true,"href":"https:\/\/lappis.org.br\/site\/wp-json\/wp\/v2\/users\/1"}],"replies":[{"embeddable":true,"href":"https:\/\/lappis.org.br\/site\/wp-json\/wp\/v2\/comments?post=2170"}],"version-history":[{"count":0,"href":"https:\/\/lappis.org.br\/site\/wp-json\/wp\/v2\/posts\/2170\/revisions"}],"wp:featuredmedia":[{"embeddable":true,"href":"https:\/\/lappis.org.br\/site\/wp-json\/wp\/v2\/media\/2168"}],"wp:attachment":[{"href":"https:\/\/lappis.org.br\/site\/wp-json\/wp\/v2\/media?parent=2170"}],"wp:term":[{"taxonomy":"category","embeddable":true,"href":"https:\/\/lappis.org.br\/site\/wp-json\/wp\/v2\/categories?post=2170"},{"taxonomy":"post_tag","embeddable":true,"href":"https:\/\/lappis.org.br\/site\/wp-json\/wp\/v2\/tags?post=2170"}],"curies":[{"name":"wp","href":"https:\/\/api.w.org\/{rel}","templated":true}]}}