{"id":2164,"date":"2013-10-30T15:38:54","date_gmt":"2013-10-30T17:38:54","guid":{"rendered":"http:\/\/lappis.org.br\/site\/2013\/10\/30\/professor-do-ims-recebe-premio-jabuti\/"},"modified":"2013-10-30T15:38:54","modified_gmt":"2013-10-30T17:38:54","slug":"professor-do-ims-recebe-premio-jabuti","status":"publish","type":"post","link":"https:\/\/lappis.org.br\/site\/professor-do-ims-recebe-premio-jabuti\/2164","title":{"rendered":"PROFESSOR DO IMS RECEBE PR\u00caMIO JABUTI"},"content":{"rendered":"<p style=\"text-align: justify;\"> \t<img fetchpriority=\"high\" decoding=\"async\" data-attachment-id=\"2162\" data-permalink=\"https:\/\/lappis.org.br\/site\/professor-do-ims-recebe-premio-jabuti\/2164\/attachment-alt-177\" data-orig-file=\"https:\/\/lappis.org.br\/site\/wp-content\/uploads\/2013\/10\/birman.jpg\" data-orig-size=\"418,226\" data-comments-opened=\"1\" data-image-meta=\"{&quot;aperture&quot;:&quot;0&quot;,&quot;credit&quot;:&quot;&quot;,&quot;camera&quot;:&quot;&quot;,&quot;caption&quot;:&quot;&quot;,&quot;created_timestamp&quot;:&quot;0&quot;,&quot;copyright&quot;:&quot;&quot;,&quot;focal_length&quot;:&quot;0&quot;,&quot;iso&quot;:&quot;0&quot;,&quot;shutter_speed&quot;:&quot;0&quot;,&quot;title&quot;:&quot;&quot;,&quot;orientation&quot;:&quot;0&quot;}\" data-image-title=\"alt\" data-image-description=\"\" data-image-caption=\"\" data-medium-file=\"https:\/\/lappis.org.br\/site\/wp-content\/uploads\/2013\/10\/birman-300x162.jpg\" data-large-file=\"https:\/\/lappis.org.br\/site\/wp-content\/uploads\/2013\/10\/birman.jpg\" class=\" alignleft size-full wp-image-2162\" alt=\"alt\" src=\"http:\/\/lappis.org.br\/site\/wp-content\/uploads\/2013\/10\/birman.jpg\" style=\"height: 216px; width: 400px; margin: 5px; float: left;\" width=\"418\" height=\"226\" srcset=\"https:\/\/lappis.org.br\/site\/wp-content\/uploads\/2013\/10\/birman.jpg 418w, https:\/\/lappis.org.br\/site\/wp-content\/uploads\/2013\/10\/birman-300x162.jpg 300w\" sizes=\"(max-width: 418px) 100vw, 418px\" \/>Joel Birman,\u00a0<span style=\"text-align: justify;\">professor do Instituto de Medicina Social da Uerj,<\/span>\u00a0conquistou o primeiro lugar no 55\u00ba Pr\u00eamio Jabuti, na categoria Psicologia e Psican\u00e1lise.<\/p>\n<p style=\"text-align: justify;\"> \t<img decoding=\"async\" data-attachment-id=\"2163\" data-permalink=\"https:\/\/lappis.org.br\/site\/professor-do-ims-recebe-premio-jabuti\/2164\/attachment-alt-178\" data-orig-file=\"https:\/\/lappis.org.br\/site\/wp-content\/uploads\/2013\/10\/5167921.jpg\" data-orig-size=\"300,447\" data-comments-opened=\"1\" data-image-meta=\"{&quot;aperture&quot;:&quot;0&quot;,&quot;credit&quot;:&quot;&quot;,&quot;camera&quot;:&quot;&quot;,&quot;caption&quot;:&quot;&quot;,&quot;created_timestamp&quot;:&quot;0&quot;,&quot;copyright&quot;:&quot;&quot;,&quot;focal_length&quot;:&quot;0&quot;,&quot;iso&quot;:&quot;0&quot;,&quot;shutter_speed&quot;:&quot;0&quot;,&quot;title&quot;:&quot;&quot;,&quot;orientation&quot;:&quot;0&quot;}\" data-image-title=\"alt\" data-image-description=\"\" data-image-caption=\"\" data-medium-file=\"https:\/\/lappis.org.br\/site\/wp-content\/uploads\/2013\/10\/5167921-201x300.jpg\" data-large-file=\"https:\/\/lappis.org.br\/site\/wp-content\/uploads\/2013\/10\/5167921.jpg\" class=\" alignright size-full wp-image-2163\" alt=\"alt\" src=\"http:\/\/lappis.org.br\/site\/wp-content\/uploads\/2013\/10\/5167921.jpg\" style=\"height: 373px; width: 250px; margin: 5px; float: right;\" width=\"300\" height=\"447\" srcset=\"https:\/\/lappis.org.br\/site\/wp-content\/uploads\/2013\/10\/5167921.jpg 300w, https:\/\/lappis.org.br\/site\/wp-content\/uploads\/2013\/10\/5167921-201x300.jpg 201w\" sizes=\"(max-width: 300px) 100vw, 300px\" \/>Com o livro &ldquo;O sujeito da contemporaneidade&rdquo;, Joel Birman, \u00a0foi consagrado no pr\u00eamio mais importante da literatura brasileira.<\/p>\n<p> \tDe acordo com a obra, algo de fundamental aconteceu nas categorias constitutivas do sujeito, redirecionando ent\u00e3o as linhas de for\u00e7a do seu mal estar. \u00c9 no quadro estrito desse contraste que se inscreve a espinha dorsal do livro premiado. Sem deixar de levar em conta a situa\u00e7\u00e3o socioecon\u00f4mica e cultural, mas focalizando nas formas de mal estar que assaltam o sujeito na contemporaneidade, Birman faz uma an\u00e1lise acurada das linhas de for\u00e7as em jogo nesta passagem de um sujeito da modernidade para o sujeito contempor\u00e2neo.\u00a0<\/p>\n<p style=\"text-align: justify;\"> \t\u00a0<\/p>\n<p> <\/p>\n<p style=\"text-align: justify;\"> \tO Pr\u00eamio Jabuti \u00e9 o mais importante pr\u00eamio liter\u00e1rio do Brasil. Lan\u00e7ado em 1959, foi idealizado por Edgard Cavalheiro quando presidia a C\u00e2mara Brasileira do Livro. Desde a primeira premia\u00e7\u00e3o, o Jabuti foi se aprimorando e, ao longo dos anos, ganhou novas categorias. Hoje contempla desde romances a livros did\u00e1ticos e desde livros de ilustra\u00e7\u00e3o a projetos gr\u00e1ficos.<\/p>\n<p> \tA comiss\u00e3o realizadora do Jabuti contou os votos da segunda fase da premia\u00e7\u00e3o deste ano no dia 17 de outubro, definindo os vencedores em cada uma de suas 27 categorias. A apura\u00e7\u00e3o, aberta ao p\u00fablico, foi realizada na sede da C\u00e2mara Brasileira do Livro, em Pinheiros, S\u00e3o Paulo.<\/p>\n<p> <strong>P<\/strong><strong>ara ler<\/strong><br \/> T\u00edtulo: O sujeito da contemporaneidade<br \/> Autor: Joel Birman<br \/> Editora: Civiliza\u00e7\u00e3o Brasileira<br \/> P\u00e1ginas: 160<br \/> \u00a0<\/p>\n","protected":false},"excerpt":{"rendered":"<div class=\"mh-excerpt\"><p style=\"text-align: justify;\"> \t<img decoding=\"async\" class=\" alignleft size-full wp-image-2162\" alt=\"alt\" src=\"http:\/\/lappis.org.br\/site\/wp-content\/uploads\/2013\/10\/birman.jpg\" style=\"height: 216px; width: 400px; margin: 5px; float: left;\" width=\"418\" height=\"226\" srcset=\"https:\/\/lappis.org.br\/site\/wp-content\/uploads\/2013\/10\/birman.jpg 418w, https:\/\/lappis.org.br\/site\/wp-content\/uploads\/2013\/10\/birman-300x162.jpg 300w\" sizes=\"(max-width: 418px) 100vw, 418px\" \/>Joel Birman,\u00a0<span style=\"text-align: justify;\">professor do Instituto de Medicina Social da Uerj,<\/span>\u00a0conquistou o primeiro lugar no 55\u00ba Pr\u00eamio Jabuti, na categoria Psicologia e Psican\u00e1lise.<\/p>\n<p>  <a class=\"mh-excerpt-more\" href=\"https:\/\/lappis.org.br\/site\/professor-do-ims-recebe-premio-jabuti\/2164\" title=\"PROFESSOR DO IMS RECEBE PR\u00caMIO JABUTI\">[&#8230;]<\/a><\/p>\n<\/div>","protected":false},"author":1,"featured_media":2161,"comment_status":"open","ping_status":"open","sticky":false,"template":"","format":"standard","meta":{"_acf_changed":false,"_exactmetrics_skip_tracking":false,"_exactmetrics_sitenote_active":false,"_exactmetrics_sitenote_note":"","_exactmetrics_sitenote_category":0,"jetpack_post_was_ever_published":false,"_jetpack_newsletter_access":"","_jetpack_dont_email_post_to_subs":false,"_jetpack_newsletter_tier_id":0,"_jetpack_memberships_contains_paywalled_content":false,"_jetpack_memberships_contains_paid_content":false,"footnotes":"","jetpack_publicize_message":"","jetpack_publicize_feature_enabled":true,"jetpack_social_post_already_shared":false,"jetpack_social_options":{"image_generator_settings":{"template":"highway","enabled":false},"version":2}},"categories":[8],"tags":[],"class_list":{"0":"post-2164","1":"post","2":"type-post","3":"status-publish","4":"format-standard","5":"has-post-thumbnail","7":"category-noticia"},"jetpack_publicize_connections":[],"acf":[],"yoast_head":"<!-- This site is optimized with the Yoast SEO plugin v25.2 - https:\/\/yoast.com\/wordpress\/plugins\/seo\/ -->\n<title>PROFESSOR DO IMS RECEBE PR\u00caMIO JABUTI - Lappis 25 anos<\/title>\n<meta name=\"robots\" content=\"index, follow, max-snippet:-1, max-image-preview:large, max-video-preview:-1\" \/>\n<link rel=\"canonical\" href=\"https:\/\/lappis.org.br\/site\/professor-do-ims-recebe-premio-jabuti\/2164\" \/>\n<meta property=\"og:locale\" content=\"pt_BR\" \/>\n<meta property=\"og:type\" content=\"article\" \/>\n<meta property=\"og:title\" content=\"PROFESSOR DO IMS RECEBE PR\u00caMIO JABUTI - Lappis 25 anos\" \/>\n<meta property=\"og:description\" content=\"Joel Birman,\u00a0professor do Instituto de Medicina Social da Uerj,\u00a0conquistou o primeiro lugar no 55\u00ba Pr\u00eamio Jabuti, na categoria Psicologia e Psican\u00e1lise. [...]\" \/>\n<meta property=\"og:url\" content=\"https:\/\/lappis.org.br\/site\/professor-do-ims-recebe-premio-jabuti\/2164\" \/>\n<meta property=\"og:site_name\" content=\"Lappis 25 anos\" \/>\n<meta property=\"article:published_time\" content=\"2013-10-30T17:38:54+00:00\" \/>\n<meta property=\"og:image\" content=\"https:\/\/lappis.org.br\/site\/wp-content\/uploads\/2013\/10\/birman.jpg\" \/>\n\t<meta property=\"og:image:width\" content=\"418\" \/>\n\t<meta property=\"og:image:height\" content=\"226\" \/>\n\t<meta property=\"og:image:type\" content=\"image\/jpeg\" \/>\n<meta name=\"author\" content=\"fw2\" \/>\n<meta name=\"twitter:card\" content=\"summary_large_image\" \/>\n<meta name=\"twitter:label1\" content=\"Escrito por\" \/>\n\t<meta name=\"twitter:data1\" content=\"fw2\" \/>\n\t<meta name=\"twitter:label2\" content=\"Est. tempo de leitura\" \/>\n\t<meta name=\"twitter:data2\" content=\"1 minuto\" \/>\n<script type=\"application\/ld+json\" class=\"yoast-schema-graph\">{\"@context\":\"https:\/\/schema.org\",\"@graph\":[{\"@type\":\"Article\",\"@id\":\"https:\/\/lappis.org.br\/site\/professor-do-ims-recebe-premio-jabuti\/2164#article\",\"isPartOf\":{\"@id\":\"https:\/\/lappis.org.br\/site\/professor-do-ims-recebe-premio-jabuti\/2164\"},\"author\":{\"name\":\"fw2\",\"@id\":\"https:\/\/lappis.org.br\/site\/#\/schema\/person\/3852381d08284b5e2716b20bd89bdbcf\"},\"headline\":\"PROFESSOR DO IMS RECEBE PR\u00caMIO JABUTI\",\"datePublished\":\"2013-10-30T17:38:54+00:00\",\"mainEntityOfPage\":{\"@id\":\"https:\/\/lappis.org.br\/site\/professor-do-ims-recebe-premio-jabuti\/2164\"},\"wordCount\":278,\"commentCount\":0,\"publisher\":{\"@id\":\"https:\/\/lappis.org.br\/site\/#organization\"},\"image\":{\"@id\":\"https:\/\/lappis.org.br\/site\/professor-do-ims-recebe-premio-jabuti\/2164#primaryimage\"},\"thumbnailUrl\":\"https:\/\/lappis.org.br\/site\/wp-content\/uploads\/2013\/10\/birman.jpg\",\"articleSection\":[\"Not\u00edcia\"],\"inLanguage\":\"pt-BR\",\"potentialAction\":[{\"@type\":\"CommentAction\",\"name\":\"Comment\",\"target\":[\"https:\/\/lappis.org.br\/site\/professor-do-ims-recebe-premio-jabuti\/2164#respond\"]}]},{\"@type\":\"WebPage\",\"@id\":\"https:\/\/lappis.org.br\/site\/professor-do-ims-recebe-premio-jabuti\/2164\",\"url\":\"https:\/\/lappis.org.br\/site\/professor-do-ims-recebe-premio-jabuti\/2164\",\"name\":\"PROFESSOR DO IMS RECEBE PR\u00caMIO JABUTI - Lappis 25 anos\",\"isPartOf\":{\"@id\":\"https:\/\/lappis.org.br\/site\/#website\"},\"primaryImageOfPage\":{\"@id\":\"https:\/\/lappis.org.br\/site\/professor-do-ims-recebe-premio-jabuti\/2164#primaryimage\"},\"image\":{\"@id\":\"https:\/\/lappis.org.br\/site\/professor-do-ims-recebe-premio-jabuti\/2164#primaryimage\"},\"thumbnailUrl\":\"https:\/\/lappis.org.br\/site\/wp-content\/uploads\/2013\/10\/birman.jpg\",\"datePublished\":\"2013-10-30T17:38:54+00:00\",\"breadcrumb\":{\"@id\":\"https:\/\/lappis.org.br\/site\/professor-do-ims-recebe-premio-jabuti\/2164#breadcrumb\"},\"inLanguage\":\"pt-BR\",\"potentialAction\":[{\"@type\":\"ReadAction\",\"target\":[\"https:\/\/lappis.org.br\/site\/professor-do-ims-recebe-premio-jabuti\/2164\"]}]},{\"@type\":\"ImageObject\",\"inLanguage\":\"pt-BR\",\"@id\":\"https:\/\/lappis.org.br\/site\/professor-do-ims-recebe-premio-jabuti\/2164#primaryimage\",\"url\":\"https:\/\/lappis.org.br\/site\/wp-content\/uploads\/2013\/10\/birman.jpg\",\"contentUrl\":\"https:\/\/lappis.org.br\/site\/wp-content\/uploads\/2013\/10\/birman.jpg\",\"width\":418,\"height\":226,\"caption\":\"alt\"},{\"@type\":\"BreadcrumbList\",\"@id\":\"https:\/\/lappis.org.br\/site\/professor-do-ims-recebe-premio-jabuti\/2164#breadcrumb\",\"itemListElement\":[{\"@type\":\"ListItem\",\"position\":1,\"name\":\"In\u00edcio\",\"item\":\"https:\/\/lappis.org.br\/site\/\"},{\"@type\":\"ListItem\",\"position\":2,\"name\":\"PROFESSOR DO IMS RECEBE PR\u00caMIO JABUTI\"}]},{\"@type\":\"WebSite\",\"@id\":\"https:\/\/lappis.org.br\/site\/#website\",\"url\":\"https:\/\/lappis.org.br\/site\/\",\"name\":\"Lappis 25 anos\",\"description\":\"Labotat\u00f3rio de Pesquisas sobre Pr\u00e1ticas de Integralidade em Sa\u00fade\",\"publisher\":{\"@id\":\"https:\/\/lappis.org.br\/site\/#organization\"},\"potentialAction\":[{\"@type\":\"SearchAction\",\"target\":{\"@type\":\"EntryPoint\",\"urlTemplate\":\"https:\/\/lappis.org.br\/site\/?s={search_term_string}\"},\"query-input\":{\"@type\":\"PropertyValueSpecification\",\"valueRequired\":true,\"valueName\":\"search_term_string\"}}],\"inLanguage\":\"pt-BR\"},{\"@type\":\"Organization\",\"@id\":\"https:\/\/lappis.org.br\/site\/#organization\",\"name\":\"Lappis 25 anos\",\"url\":\"https:\/\/lappis.org.br\/site\/\",\"logo\":{\"@type\":\"ImageObject\",\"inLanguage\":\"pt-BR\",\"@id\":\"https:\/\/lappis.org.br\/site\/#\/schema\/logo\/image\/\",\"url\":\"https:\/\/lappis.org.br\/site\/wp-content\/uploads\/2025\/03\/logo-lappis25anos.png\",\"contentUrl\":\"https:\/\/lappis.org.br\/site\/wp-content\/uploads\/2025\/03\/logo-lappis25anos.png\",\"width\":388,\"height\":146,\"caption\":\"Lappis 25 anos\"},\"image\":{\"@id\":\"https:\/\/lappis.org.br\/site\/#\/schema\/logo\/image\/\"}},{\"@type\":\"Person\",\"@id\":\"https:\/\/lappis.org.br\/site\/#\/schema\/person\/3852381d08284b5e2716b20bd89bdbcf\",\"name\":\"fw2\",\"image\":{\"@type\":\"ImageObject\",\"inLanguage\":\"pt-BR\",\"@id\":\"https:\/\/lappis.org.br\/site\/#\/schema\/person\/image\/\",\"url\":\"https:\/\/secure.gravatar.com\/avatar\/c38472c0cdbde82d9b6fcc26adb3779d?s=96&d=mm&r=g\",\"contentUrl\":\"https:\/\/secure.gravatar.com\/avatar\/c38472c0cdbde82d9b6fcc26adb3779d?s=96&d=mm&r=g\",\"caption\":\"fw2\"},\"url\":\"https:\/\/lappis.org.br\/site\/author\/fw2\"}]}<\/script>\n<!-- \/ Yoast SEO plugin. -->","yoast_head_json":{"title":"PROFESSOR DO IMS RECEBE PR\u00caMIO JABUTI - Lappis 25 anos","robots":{"index":"index","follow":"follow","max-snippet":"max-snippet:-1","max-image-preview":"max-image-preview:large","max-video-preview":"max-video-preview:-1"},"canonical":"https:\/\/lappis.org.br\/site\/professor-do-ims-recebe-premio-jabuti\/2164","og_locale":"pt_BR","og_type":"article","og_title":"PROFESSOR DO IMS RECEBE PR\u00caMIO JABUTI - Lappis 25 anos","og_description":"Joel Birman,\u00a0professor do Instituto de Medicina Social da Uerj,\u00a0conquistou o primeiro lugar no 55\u00ba Pr\u00eamio Jabuti, na categoria Psicologia e Psican\u00e1lise. [...]","og_url":"https:\/\/lappis.org.br\/site\/professor-do-ims-recebe-premio-jabuti\/2164","og_site_name":"Lappis 25 anos","article_published_time":"2013-10-30T17:38:54+00:00","og_image":[{"width":418,"height":226,"url":"https:\/\/lappis.org.br\/site\/wp-content\/uploads\/2013\/10\/birman.jpg","type":"image\/jpeg"}],"author":"fw2","twitter_card":"summary_large_image","twitter_misc":{"Escrito por":"fw2","Est. tempo de leitura":"1 minuto"},"schema":{"@context":"https:\/\/schema.org","@graph":[{"@type":"Article","@id":"https:\/\/lappis.org.br\/site\/professor-do-ims-recebe-premio-jabuti\/2164#article","isPartOf":{"@id":"https:\/\/lappis.org.br\/site\/professor-do-ims-recebe-premio-jabuti\/2164"},"author":{"name":"fw2","@id":"https:\/\/lappis.org.br\/site\/#\/schema\/person\/3852381d08284b5e2716b20bd89bdbcf"},"headline":"PROFESSOR DO IMS RECEBE PR\u00caMIO JABUTI","datePublished":"2013-10-30T17:38:54+00:00","mainEntityOfPage":{"@id":"https:\/\/lappis.org.br\/site\/professor-do-ims-recebe-premio-jabuti\/2164"},"wordCount":278,"commentCount":0,"publisher":{"@id":"https:\/\/lappis.org.br\/site\/#organization"},"image":{"@id":"https:\/\/lappis.org.br\/site\/professor-do-ims-recebe-premio-jabuti\/2164#primaryimage"},"thumbnailUrl":"https:\/\/lappis.org.br\/site\/wp-content\/uploads\/2013\/10\/birman.jpg","articleSection":["Not\u00edcia"],"inLanguage":"pt-BR","potentialAction":[{"@type":"CommentAction","name":"Comment","target":["https:\/\/lappis.org.br\/site\/professor-do-ims-recebe-premio-jabuti\/2164#respond"]}]},{"@type":"WebPage","@id":"https:\/\/lappis.org.br\/site\/professor-do-ims-recebe-premio-jabuti\/2164","url":"https:\/\/lappis.org.br\/site\/professor-do-ims-recebe-premio-jabuti\/2164","name":"PROFESSOR DO IMS RECEBE PR\u00caMIO JABUTI - Lappis 25 anos","isPartOf":{"@id":"https:\/\/lappis.org.br\/site\/#website"},"primaryImageOfPage":{"@id":"https:\/\/lappis.org.br\/site\/professor-do-ims-recebe-premio-jabuti\/2164#primaryimage"},"image":{"@id":"https:\/\/lappis.org.br\/site\/professor-do-ims-recebe-premio-jabuti\/2164#primaryimage"},"thumbnailUrl":"https:\/\/lappis.org.br\/site\/wp-content\/uploads\/2013\/10\/birman.jpg","datePublished":"2013-10-30T17:38:54+00:00","breadcrumb":{"@id":"https:\/\/lappis.org.br\/site\/professor-do-ims-recebe-premio-jabuti\/2164#breadcrumb"},"inLanguage":"pt-BR","potentialAction":[{"@type":"ReadAction","target":["https:\/\/lappis.org.br\/site\/professor-do-ims-recebe-premio-jabuti\/2164"]}]},{"@type":"ImageObject","inLanguage":"pt-BR","@id":"https:\/\/lappis.org.br\/site\/professor-do-ims-recebe-premio-jabuti\/2164#primaryimage","url":"https:\/\/lappis.org.br\/site\/wp-content\/uploads\/2013\/10\/birman.jpg","contentUrl":"https:\/\/lappis.org.br\/site\/wp-content\/uploads\/2013\/10\/birman.jpg","width":418,"height":226,"caption":"alt"},{"@type":"BreadcrumbList","@id":"https:\/\/lappis.org.br\/site\/professor-do-ims-recebe-premio-jabuti\/2164#breadcrumb","itemListElement":[{"@type":"ListItem","position":1,"name":"In\u00edcio","item":"https:\/\/lappis.org.br\/site\/"},{"@type":"ListItem","position":2,"name":"PROFESSOR DO IMS RECEBE PR\u00caMIO JABUTI"}]},{"@type":"WebSite","@id":"https:\/\/lappis.org.br\/site\/#website","url":"https:\/\/lappis.org.br\/site\/","name":"Lappis 25 anos","description":"Labotat\u00f3rio de Pesquisas sobre Pr\u00e1ticas de Integralidade em Sa\u00fade","publisher":{"@id":"https:\/\/lappis.org.br\/site\/#organization"},"potentialAction":[{"@type":"SearchAction","target":{"@type":"EntryPoint","urlTemplate":"https:\/\/lappis.org.br\/site\/?s={search_term_string}"},"query-input":{"@type":"PropertyValueSpecification","valueRequired":true,"valueName":"search_term_string"}}],"inLanguage":"pt-BR"},{"@type":"Organization","@id":"https:\/\/lappis.org.br\/site\/#organization","name":"Lappis 25 anos","url":"https:\/\/lappis.org.br\/site\/","logo":{"@type":"ImageObject","inLanguage":"pt-BR","@id":"https:\/\/lappis.org.br\/site\/#\/schema\/logo\/image\/","url":"https:\/\/lappis.org.br\/site\/wp-content\/uploads\/2025\/03\/logo-lappis25anos.png","contentUrl":"https:\/\/lappis.org.br\/site\/wp-content\/uploads\/2025\/03\/logo-lappis25anos.png","width":388,"height":146,"caption":"Lappis 25 anos"},"image":{"@id":"https:\/\/lappis.org.br\/site\/#\/schema\/logo\/image\/"}},{"@type":"Person","@id":"https:\/\/lappis.org.br\/site\/#\/schema\/person\/3852381d08284b5e2716b20bd89bdbcf","name":"fw2","image":{"@type":"ImageObject","inLanguage":"pt-BR","@id":"https:\/\/lappis.org.br\/site\/#\/schema\/person\/image\/","url":"https:\/\/secure.gravatar.com\/avatar\/c38472c0cdbde82d9b6fcc26adb3779d?s=96&d=mm&r=g","contentUrl":"https:\/\/secure.gravatar.com\/avatar\/c38472c0cdbde82d9b6fcc26adb3779d?s=96&d=mm&r=g","caption":"fw2"},"url":"https:\/\/lappis.org.br\/site\/author\/fw2"}]}},"jetpack_featured_media_url":"https:\/\/lappis.org.br\/site\/wp-content\/uploads\/2013\/10\/birman.jpg","jetpack_shortlink":"https:\/\/wp.me\/p954Nh-yU","jetpack_sharing_enabled":true,"_links":{"self":[{"href":"https:\/\/lappis.org.br\/site\/wp-json\/wp\/v2\/posts\/2164"}],"collection":[{"href":"https:\/\/lappis.org.br\/site\/wp-json\/wp\/v2\/posts"}],"about":[{"href":"https:\/\/lappis.org.br\/site\/wp-json\/wp\/v2\/types\/post"}],"author":[{"embeddable":true,"href":"https:\/\/lappis.org.br\/site\/wp-json\/wp\/v2\/users\/1"}],"replies":[{"embeddable":true,"href":"https:\/\/lappis.org.br\/site\/wp-json\/wp\/v2\/comments?post=2164"}],"version-history":[{"count":0,"href":"https:\/\/lappis.org.br\/site\/wp-json\/wp\/v2\/posts\/2164\/revisions"}],"wp:featuredmedia":[{"embeddable":true,"href":"https:\/\/lappis.org.br\/site\/wp-json\/wp\/v2\/media\/2161"}],"wp:attachment":[{"href":"https:\/\/lappis.org.br\/site\/wp-json\/wp\/v2\/media?parent=2164"}],"wp:term":[{"taxonomy":"category","embeddable":true,"href":"https:\/\/lappis.org.br\/site\/wp-json\/wp\/v2\/categories?post=2164"},{"taxonomy":"post_tag","embeddable":true,"href":"https:\/\/lappis.org.br\/site\/wp-json\/wp\/v2\/tags?post=2164"}],"curies":[{"name":"wp","href":"https:\/\/api.w.org\/{rel}","templated":true}]}}