{"id":2126,"date":"2013-10-22T17:40:15","date_gmt":"2013-10-22T19:40:15","guid":{"rendered":"http:\/\/lappis.org.br\/site\/2013\/10\/22\/ultimos-dias-para-inscricoes-no-concurso-selo-fiocruz-video\/"},"modified":"2013-10-22T17:40:15","modified_gmt":"2013-10-22T19:40:15","slug":"ultimos-dias-para-inscricoes-no-concurso-selo-fiocruz-video","status":"publish","type":"post","link":"https:\/\/lappis.org.br\/site\/ultimos-dias-para-inscricoes-no-concurso-selo-fiocruz-video\/2126","title":{"rendered":"\u00daltimos dias para inscri\u00e7\u00f5es no Concurso Selo Fiocruz V\u00eddeo"},"content":{"rendered":"<p style=\"text-align: justify;\"> \t<img fetchpriority=\"high\" decoding=\"async\" data-attachment-id=\"2125\" data-permalink=\"https:\/\/lappis.org.br\/site\/ultimos-dias-para-inscricoes-no-concurso-selo-fiocruz-video\/2126\/attachment-alt-151\" data-orig-file=\"https:\/\/lappis.org.br\/site\/wp-content\/uploads\/2013\/10\/cartaz.jpg\" data-orig-size=\"417,223\" data-comments-opened=\"1\" data-image-meta=\"{&quot;aperture&quot;:&quot;0&quot;,&quot;credit&quot;:&quot;&quot;,&quot;camera&quot;:&quot;&quot;,&quot;caption&quot;:&quot;&quot;,&quot;created_timestamp&quot;:&quot;0&quot;,&quot;copyright&quot;:&quot;&quot;,&quot;focal_length&quot;:&quot;0&quot;,&quot;iso&quot;:&quot;0&quot;,&quot;shutter_speed&quot;:&quot;0&quot;,&quot;title&quot;:&quot;&quot;,&quot;orientation&quot;:&quot;0&quot;}\" data-image-title=\"alt\" data-image-description=\"\" data-image-caption=\"\" data-medium-file=\"https:\/\/lappis.org.br\/site\/wp-content\/uploads\/2013\/10\/cartaz-300x160.jpg\" data-large-file=\"https:\/\/lappis.org.br\/site\/wp-content\/uploads\/2013\/10\/cartaz.jpg\" class=\" alignleft size-full wp-image-2125\" alt=\"alt\" src=\"http:\/\/lappis.org.br\/site\/wp-content\/uploads\/2013\/10\/cartaz.jpg\" style=\"width: 250px; height: 134px; margin: 5px; float: left;\" width=\"417\" height=\"223\" srcset=\"https:\/\/lappis.org.br\/site\/wp-content\/uploads\/2013\/10\/cartaz.jpg 417w, https:\/\/lappis.org.br\/site\/wp-content\/uploads\/2013\/10\/cartaz-300x160.jpg 300w\" sizes=\"(max-width: 417px) 100vw, 417px\" \/>Concurso financiar\u00e1 projetos audiovisuais de v\u00eddeo de anima\u00e7\u00e3o e document\u00e1rios voltados para a \u00e1rea de sa\u00fade.<\/p>\n<p style=\"text-align: justify;\"> \tEncerra no dia 1\u00ba de novembro de 2013, sexta-feira, as inscri\u00e7\u00f5es para o Concurso de Apoio \u00e0 Produ\u00e7\u00e3o de Obras Audiovisuais In\u00e9ditas, realizado atrav\u00e9s do Selo Fiocruz V\u00eddeo. O concurso tem por objetivo fomentar e estimular a produ\u00e7\u00e3o nacional de v\u00eddeos sobre temas relativos \u00e0 sa\u00fade p\u00fablica.<\/p>\n<p> \tCom suporte financeiro integral da Funda\u00e7\u00e3o Oswaldo Cruz, o concurso apoiar\u00e1, preferencialmente, produ\u00e7\u00f5es sobre os seguintes temas: doen\u00e7as negligenciadas; hist\u00f3ria da Sa\u00fade P\u00fablica; doen\u00e7as transmiss\u00edveis; doen\u00e7as n\u00e3o transmiss\u00edveis; viol\u00eancia e sa\u00fade; sa\u00fade da mulher e da crian\u00e7a (como, por exemplo, parto no Brasil); sa\u00fade do trabalhador; sa\u00fade mental.<\/p>\n<p> \tO valor total de financiamento \u00e9 de R$ 650.600,00. Sujeito a impostos, taxas e \u00e0s reten\u00e7\u00f5es (ISSQN, PIS\/PASEP, IR, CSLL, COFINS) previstas na legisla\u00e7\u00e3o tribut\u00e1ria federal, estadual e municipal sendo assim distribu\u00eddo:<\/p>\n<p> \ta &#8211; apoio \u00e0 produ\u00e7\u00e3o de 02 (dois) v\u00eddeos de (17 a 22 minutos) &#8211; v\u00eddeo \u00fanico ou em partes, no g\u00eanero anima\u00e7\u00e3o, no valor de R$ 114.975,00 para cada v\u00eddeo, totalizando R$ 229.950,00;<br \/> \tb &#8211; apoio \u00e0 produ\u00e7\u00e3o de 02 (dois) v\u00eddeos de ( 22 a 26 minutos) no g\u00eanero document\u00e1rio, no valor de R$ 123.388,00 para cada v\u00eddeo, no valor total de R$ 246.776,00;<br \/> \tc &#8211; apoio \u00e0 produ\u00e7\u00e3o de 01 (um) v\u00eddeo de (50 a 52 minutos) no g\u00eanero document\u00e1rio, no valor de R$ 173.874,00.<\/p>\n<p> \tAs inscri\u00e7\u00f5es s\u00e3o gratuitas e o edital pode ser acessado na p\u00e1gina do Icict (<a href=\"http:\/\/www.icict.fiocruz.br\/\">www.icict.fiocruz.br<\/a>). Outras informa\u00e7\u00f5es podem ser obtidas pelo e-mail <a href=\"mailto:fiocruzvideo@fiocruz.br\">fiocruzvideo@fiocruz.br<\/a>\u00a0ou pelos telefones(21)2290-4745, 3882-9209 e 3882-9111.\u00a0<br \/> \tPara acessar o edital, clique aqui!<br \/> \tChamada do edital no Youtube: <a href=\"http:\/\/youtu.be\/hORCYvYxAdA\">http:\/\/youtu.be\/hORCYvYxAdA<\/a>\u00a0<br \/> \t\u00a0<\/p>\n","protected":false},"excerpt":{"rendered":"<div class=\"mh-excerpt\"><p style=\"text-align: justify;\"> \t<img decoding=\"async\" class=\" alignleft size-full wp-image-2125\" alt=\"alt\" src=\"http:\/\/lappis.org.br\/site\/wp-content\/uploads\/2013\/10\/cartaz.jpg\" style=\"width: 250px; height: 134px; margin: 5px; float: left;\" width=\"417\" height=\"223\" srcset=\"https:\/\/lappis.org.br\/site\/wp-content\/uploads\/2013\/10\/cartaz.jpg 417w, https:\/\/lappis.org.br\/site\/wp-content\/uploads\/2013\/10\/cartaz-300x160.jpg 300w\" sizes=\"(max-width: 417px) 100vw, 417px\" \/>Concurso financiar\u00e1 projetos audiovisuais de v\u00eddeo de anima\u00e7\u00e3o e document\u00e1rios voltados para a \u00e1rea de sa\u00fade.<\/p>\n<p>  <a class=\"mh-excerpt-more\" href=\"https:\/\/lappis.org.br\/site\/ultimos-dias-para-inscricoes-no-concurso-selo-fiocruz-video\/2126\" title=\"\u00daltimos dias para inscri\u00e7\u00f5es no Concurso Selo Fiocruz V\u00eddeo\">[&#8230;]<\/a><\/p>\n<\/div>","protected":false},"author":1,"featured_media":2124,"comment_status":"open","ping_status":"open","sticky":false,"template":"","format":"standard","meta":{"_acf_changed":false,"_exactmetrics_skip_tracking":false,"_exactmetrics_sitenote_active":false,"_exactmetrics_sitenote_note":"","_exactmetrics_sitenote_category":0,"jetpack_post_was_ever_published":false,"_jetpack_newsletter_access":"","_jetpack_dont_email_post_to_subs":false,"_jetpack_newsletter_tier_id":0,"_jetpack_memberships_contains_paywalled_content":false,"_jetpack_memberships_contains_paid_content":false,"footnotes":"","jetpack_publicize_message":"","jetpack_publicize_feature_enabled":true,"jetpack_social_post_already_shared":false,"jetpack_social_options":{"image_generator_settings":{"template":"highway","enabled":false},"version":2}},"categories":[8],"tags":[],"class_list":{"0":"post-2126","1":"post","2":"type-post","3":"status-publish","4":"format-standard","5":"has-post-thumbnail","7":"category-noticia"},"jetpack_publicize_connections":[],"acf":[],"yoast_head":"<!-- This site is optimized with the Yoast SEO plugin v25.2 - https:\/\/yoast.com\/wordpress\/plugins\/seo\/ -->\n<title>\u00daltimos dias para inscri\u00e7\u00f5es no Concurso Selo Fiocruz V\u00eddeo - Lappis 25 anos<\/title>\n<meta name=\"robots\" content=\"index, follow, max-snippet:-1, max-image-preview:large, max-video-preview:-1\" \/>\n<link rel=\"canonical\" href=\"https:\/\/lappis.org.br\/site\/ultimos-dias-para-inscricoes-no-concurso-selo-fiocruz-video\/2126\" \/>\n<meta property=\"og:locale\" content=\"pt_BR\" \/>\n<meta property=\"og:type\" content=\"article\" \/>\n<meta property=\"og:title\" content=\"\u00daltimos dias para inscri\u00e7\u00f5es no Concurso Selo Fiocruz V\u00eddeo - Lappis 25 anos\" \/>\n<meta property=\"og:description\" content=\"Concurso financiar\u00e1 projetos audiovisuais de v\u00eddeo de anima\u00e7\u00e3o e document\u00e1rios voltados para a \u00e1rea de sa\u00fade. [...]\" \/>\n<meta property=\"og:url\" content=\"https:\/\/lappis.org.br\/site\/ultimos-dias-para-inscricoes-no-concurso-selo-fiocruz-video\/2126\" \/>\n<meta property=\"og:site_name\" content=\"Lappis 25 anos\" \/>\n<meta property=\"article:published_time\" content=\"2013-10-22T19:40:15+00:00\" \/>\n<meta property=\"og:image\" content=\"https:\/\/lappis.org.br\/site\/wp-content\/uploads\/2013\/10\/cartaz.jpg\" \/>\n\t<meta property=\"og:image:width\" content=\"417\" \/>\n\t<meta property=\"og:image:height\" content=\"223\" \/>\n\t<meta property=\"og:image:type\" content=\"image\/jpeg\" \/>\n<meta name=\"author\" content=\"fw2\" \/>\n<meta name=\"twitter:card\" content=\"summary_large_image\" \/>\n<meta name=\"twitter:label1\" content=\"Escrito por\" \/>\n\t<meta name=\"twitter:data1\" content=\"fw2\" \/>\n\t<meta name=\"twitter:label2\" content=\"Est. tempo de leitura\" \/>\n\t<meta name=\"twitter:data2\" content=\"2 minutos\" \/>\n<script type=\"application\/ld+json\" class=\"yoast-schema-graph\">{\"@context\":\"https:\/\/schema.org\",\"@graph\":[{\"@type\":\"Article\",\"@id\":\"https:\/\/lappis.org.br\/site\/ultimos-dias-para-inscricoes-no-concurso-selo-fiocruz-video\/2126#article\",\"isPartOf\":{\"@id\":\"https:\/\/lappis.org.br\/site\/ultimos-dias-para-inscricoes-no-concurso-selo-fiocruz-video\/2126\"},\"author\":{\"name\":\"fw2\",\"@id\":\"https:\/\/lappis.org.br\/site\/#\/schema\/person\/3852381d08284b5e2716b20bd89bdbcf\"},\"headline\":\"\u00daltimos dias para inscri\u00e7\u00f5es no Concurso Selo Fiocruz V\u00eddeo\",\"datePublished\":\"2013-10-22T19:40:15+00:00\",\"mainEntityOfPage\":{\"@id\":\"https:\/\/lappis.org.br\/site\/ultimos-dias-para-inscricoes-no-concurso-selo-fiocruz-video\/2126\"},\"wordCount\":322,\"commentCount\":0,\"publisher\":{\"@id\":\"https:\/\/lappis.org.br\/site\/#organization\"},\"image\":{\"@id\":\"https:\/\/lappis.org.br\/site\/ultimos-dias-para-inscricoes-no-concurso-selo-fiocruz-video\/2126#primaryimage\"},\"thumbnailUrl\":\"https:\/\/lappis.org.br\/site\/wp-content\/uploads\/2013\/10\/cartaz.jpg\",\"articleSection\":[\"Not\u00edcia\"],\"inLanguage\":\"pt-BR\",\"potentialAction\":[{\"@type\":\"CommentAction\",\"name\":\"Comment\",\"target\":[\"https:\/\/lappis.org.br\/site\/ultimos-dias-para-inscricoes-no-concurso-selo-fiocruz-video\/2126#respond\"]}]},{\"@type\":\"WebPage\",\"@id\":\"https:\/\/lappis.org.br\/site\/ultimos-dias-para-inscricoes-no-concurso-selo-fiocruz-video\/2126\",\"url\":\"https:\/\/lappis.org.br\/site\/ultimos-dias-para-inscricoes-no-concurso-selo-fiocruz-video\/2126\",\"name\":\"\u00daltimos dias para inscri\u00e7\u00f5es no Concurso Selo Fiocruz V\u00eddeo - Lappis 25 anos\",\"isPartOf\":{\"@id\":\"https:\/\/lappis.org.br\/site\/#website\"},\"primaryImageOfPage\":{\"@id\":\"https:\/\/lappis.org.br\/site\/ultimos-dias-para-inscricoes-no-concurso-selo-fiocruz-video\/2126#primaryimage\"},\"image\":{\"@id\":\"https:\/\/lappis.org.br\/site\/ultimos-dias-para-inscricoes-no-concurso-selo-fiocruz-video\/2126#primaryimage\"},\"thumbnailUrl\":\"https:\/\/lappis.org.br\/site\/wp-content\/uploads\/2013\/10\/cartaz.jpg\",\"datePublished\":\"2013-10-22T19:40:15+00:00\",\"breadcrumb\":{\"@id\":\"https:\/\/lappis.org.br\/site\/ultimos-dias-para-inscricoes-no-concurso-selo-fiocruz-video\/2126#breadcrumb\"},\"inLanguage\":\"pt-BR\",\"potentialAction\":[{\"@type\":\"ReadAction\",\"target\":[\"https:\/\/lappis.org.br\/site\/ultimos-dias-para-inscricoes-no-concurso-selo-fiocruz-video\/2126\"]}]},{\"@type\":\"ImageObject\",\"inLanguage\":\"pt-BR\",\"@id\":\"https:\/\/lappis.org.br\/site\/ultimos-dias-para-inscricoes-no-concurso-selo-fiocruz-video\/2126#primaryimage\",\"url\":\"https:\/\/lappis.org.br\/site\/wp-content\/uploads\/2013\/10\/cartaz.jpg\",\"contentUrl\":\"https:\/\/lappis.org.br\/site\/wp-content\/uploads\/2013\/10\/cartaz.jpg\",\"width\":417,\"height\":223,\"caption\":\"alt\"},{\"@type\":\"BreadcrumbList\",\"@id\":\"https:\/\/lappis.org.br\/site\/ultimos-dias-para-inscricoes-no-concurso-selo-fiocruz-video\/2126#breadcrumb\",\"itemListElement\":[{\"@type\":\"ListItem\",\"position\":1,\"name\":\"In\u00edcio\",\"item\":\"https:\/\/lappis.org.br\/site\/\"},{\"@type\":\"ListItem\",\"position\":2,\"name\":\"\u00daltimos dias para inscri\u00e7\u00f5es no Concurso Selo Fiocruz V\u00eddeo\"}]},{\"@type\":\"WebSite\",\"@id\":\"https:\/\/lappis.org.br\/site\/#website\",\"url\":\"https:\/\/lappis.org.br\/site\/\",\"name\":\"Lappis 25 anos\",\"description\":\"Labotat\u00f3rio de Pesquisas sobre Pr\u00e1ticas de Integralidade em Sa\u00fade\",\"publisher\":{\"@id\":\"https:\/\/lappis.org.br\/site\/#organization\"},\"potentialAction\":[{\"@type\":\"SearchAction\",\"target\":{\"@type\":\"EntryPoint\",\"urlTemplate\":\"https:\/\/lappis.org.br\/site\/?s={search_term_string}\"},\"query-input\":{\"@type\":\"PropertyValueSpecification\",\"valueRequired\":true,\"valueName\":\"search_term_string\"}}],\"inLanguage\":\"pt-BR\"},{\"@type\":\"Organization\",\"@id\":\"https:\/\/lappis.org.br\/site\/#organization\",\"name\":\"Lappis 25 anos\",\"url\":\"https:\/\/lappis.org.br\/site\/\",\"logo\":{\"@type\":\"ImageObject\",\"inLanguage\":\"pt-BR\",\"@id\":\"https:\/\/lappis.org.br\/site\/#\/schema\/logo\/image\/\",\"url\":\"https:\/\/lappis.org.br\/site\/wp-content\/uploads\/2025\/03\/logo-lappis25anos.png\",\"contentUrl\":\"https:\/\/lappis.org.br\/site\/wp-content\/uploads\/2025\/03\/logo-lappis25anos.png\",\"width\":388,\"height\":146,\"caption\":\"Lappis 25 anos\"},\"image\":{\"@id\":\"https:\/\/lappis.org.br\/site\/#\/schema\/logo\/image\/\"}},{\"@type\":\"Person\",\"@id\":\"https:\/\/lappis.org.br\/site\/#\/schema\/person\/3852381d08284b5e2716b20bd89bdbcf\",\"name\":\"fw2\",\"image\":{\"@type\":\"ImageObject\",\"inLanguage\":\"pt-BR\",\"@id\":\"https:\/\/lappis.org.br\/site\/#\/schema\/person\/image\/\",\"url\":\"https:\/\/secure.gravatar.com\/avatar\/c38472c0cdbde82d9b6fcc26adb3779d?s=96&d=mm&r=g\",\"contentUrl\":\"https:\/\/secure.gravatar.com\/avatar\/c38472c0cdbde82d9b6fcc26adb3779d?s=96&d=mm&r=g\",\"caption\":\"fw2\"},\"url\":\"https:\/\/lappis.org.br\/site\/author\/fw2\"}]}<\/script>\n<!-- \/ Yoast SEO plugin. -->","yoast_head_json":{"title":"\u00daltimos dias para inscri\u00e7\u00f5es no Concurso Selo Fiocruz V\u00eddeo - Lappis 25 anos","robots":{"index":"index","follow":"follow","max-snippet":"max-snippet:-1","max-image-preview":"max-image-preview:large","max-video-preview":"max-video-preview:-1"},"canonical":"https:\/\/lappis.org.br\/site\/ultimos-dias-para-inscricoes-no-concurso-selo-fiocruz-video\/2126","og_locale":"pt_BR","og_type":"article","og_title":"\u00daltimos dias para inscri\u00e7\u00f5es no Concurso Selo Fiocruz V\u00eddeo - Lappis 25 anos","og_description":"Concurso financiar\u00e1 projetos audiovisuais de v\u00eddeo de anima\u00e7\u00e3o e document\u00e1rios voltados para a \u00e1rea de sa\u00fade. [...]","og_url":"https:\/\/lappis.org.br\/site\/ultimos-dias-para-inscricoes-no-concurso-selo-fiocruz-video\/2126","og_site_name":"Lappis 25 anos","article_published_time":"2013-10-22T19:40:15+00:00","og_image":[{"width":417,"height":223,"url":"https:\/\/lappis.org.br\/site\/wp-content\/uploads\/2013\/10\/cartaz.jpg","type":"image\/jpeg"}],"author":"fw2","twitter_card":"summary_large_image","twitter_misc":{"Escrito por":"fw2","Est. tempo de leitura":"2 minutos"},"schema":{"@context":"https:\/\/schema.org","@graph":[{"@type":"Article","@id":"https:\/\/lappis.org.br\/site\/ultimos-dias-para-inscricoes-no-concurso-selo-fiocruz-video\/2126#article","isPartOf":{"@id":"https:\/\/lappis.org.br\/site\/ultimos-dias-para-inscricoes-no-concurso-selo-fiocruz-video\/2126"},"author":{"name":"fw2","@id":"https:\/\/lappis.org.br\/site\/#\/schema\/person\/3852381d08284b5e2716b20bd89bdbcf"},"headline":"\u00daltimos dias para inscri\u00e7\u00f5es no Concurso Selo Fiocruz V\u00eddeo","datePublished":"2013-10-22T19:40:15+00:00","mainEntityOfPage":{"@id":"https:\/\/lappis.org.br\/site\/ultimos-dias-para-inscricoes-no-concurso-selo-fiocruz-video\/2126"},"wordCount":322,"commentCount":0,"publisher":{"@id":"https:\/\/lappis.org.br\/site\/#organization"},"image":{"@id":"https:\/\/lappis.org.br\/site\/ultimos-dias-para-inscricoes-no-concurso-selo-fiocruz-video\/2126#primaryimage"},"thumbnailUrl":"https:\/\/lappis.org.br\/site\/wp-content\/uploads\/2013\/10\/cartaz.jpg","articleSection":["Not\u00edcia"],"inLanguage":"pt-BR","potentialAction":[{"@type":"CommentAction","name":"Comment","target":["https:\/\/lappis.org.br\/site\/ultimos-dias-para-inscricoes-no-concurso-selo-fiocruz-video\/2126#respond"]}]},{"@type":"WebPage","@id":"https:\/\/lappis.org.br\/site\/ultimos-dias-para-inscricoes-no-concurso-selo-fiocruz-video\/2126","url":"https:\/\/lappis.org.br\/site\/ultimos-dias-para-inscricoes-no-concurso-selo-fiocruz-video\/2126","name":"\u00daltimos dias para inscri\u00e7\u00f5es no Concurso Selo Fiocruz V\u00eddeo - Lappis 25 anos","isPartOf":{"@id":"https:\/\/lappis.org.br\/site\/#website"},"primaryImageOfPage":{"@id":"https:\/\/lappis.org.br\/site\/ultimos-dias-para-inscricoes-no-concurso-selo-fiocruz-video\/2126#primaryimage"},"image":{"@id":"https:\/\/lappis.org.br\/site\/ultimos-dias-para-inscricoes-no-concurso-selo-fiocruz-video\/2126#primaryimage"},"thumbnailUrl":"https:\/\/lappis.org.br\/site\/wp-content\/uploads\/2013\/10\/cartaz.jpg","datePublished":"2013-10-22T19:40:15+00:00","breadcrumb":{"@id":"https:\/\/lappis.org.br\/site\/ultimos-dias-para-inscricoes-no-concurso-selo-fiocruz-video\/2126#breadcrumb"},"inLanguage":"pt-BR","potentialAction":[{"@type":"ReadAction","target":["https:\/\/lappis.org.br\/site\/ultimos-dias-para-inscricoes-no-concurso-selo-fiocruz-video\/2126"]}]},{"@type":"ImageObject","inLanguage":"pt-BR","@id":"https:\/\/lappis.org.br\/site\/ultimos-dias-para-inscricoes-no-concurso-selo-fiocruz-video\/2126#primaryimage","url":"https:\/\/lappis.org.br\/site\/wp-content\/uploads\/2013\/10\/cartaz.jpg","contentUrl":"https:\/\/lappis.org.br\/site\/wp-content\/uploads\/2013\/10\/cartaz.jpg","width":417,"height":223,"caption":"alt"},{"@type":"BreadcrumbList","@id":"https:\/\/lappis.org.br\/site\/ultimos-dias-para-inscricoes-no-concurso-selo-fiocruz-video\/2126#breadcrumb","itemListElement":[{"@type":"ListItem","position":1,"name":"In\u00edcio","item":"https:\/\/lappis.org.br\/site\/"},{"@type":"ListItem","position":2,"name":"\u00daltimos dias para inscri\u00e7\u00f5es no Concurso Selo Fiocruz V\u00eddeo"}]},{"@type":"WebSite","@id":"https:\/\/lappis.org.br\/site\/#website","url":"https:\/\/lappis.org.br\/site\/","name":"Lappis 25 anos","description":"Labotat\u00f3rio de Pesquisas sobre Pr\u00e1ticas de Integralidade em Sa\u00fade","publisher":{"@id":"https:\/\/lappis.org.br\/site\/#organization"},"potentialAction":[{"@type":"SearchAction","target":{"@type":"EntryPoint","urlTemplate":"https:\/\/lappis.org.br\/site\/?s={search_term_string}"},"query-input":{"@type":"PropertyValueSpecification","valueRequired":true,"valueName":"search_term_string"}}],"inLanguage":"pt-BR"},{"@type":"Organization","@id":"https:\/\/lappis.org.br\/site\/#organization","name":"Lappis 25 anos","url":"https:\/\/lappis.org.br\/site\/","logo":{"@type":"ImageObject","inLanguage":"pt-BR","@id":"https:\/\/lappis.org.br\/site\/#\/schema\/logo\/image\/","url":"https:\/\/lappis.org.br\/site\/wp-content\/uploads\/2025\/03\/logo-lappis25anos.png","contentUrl":"https:\/\/lappis.org.br\/site\/wp-content\/uploads\/2025\/03\/logo-lappis25anos.png","width":388,"height":146,"caption":"Lappis 25 anos"},"image":{"@id":"https:\/\/lappis.org.br\/site\/#\/schema\/logo\/image\/"}},{"@type":"Person","@id":"https:\/\/lappis.org.br\/site\/#\/schema\/person\/3852381d08284b5e2716b20bd89bdbcf","name":"fw2","image":{"@type":"ImageObject","inLanguage":"pt-BR","@id":"https:\/\/lappis.org.br\/site\/#\/schema\/person\/image\/","url":"https:\/\/secure.gravatar.com\/avatar\/c38472c0cdbde82d9b6fcc26adb3779d?s=96&d=mm&r=g","contentUrl":"https:\/\/secure.gravatar.com\/avatar\/c38472c0cdbde82d9b6fcc26adb3779d?s=96&d=mm&r=g","caption":"fw2"},"url":"https:\/\/lappis.org.br\/site\/author\/fw2"}]}},"jetpack_featured_media_url":"https:\/\/lappis.org.br\/site\/wp-content\/uploads\/2013\/10\/cartaz.jpg","jetpack_shortlink":"https:\/\/wp.me\/p954Nh-yi","jetpack_sharing_enabled":true,"_links":{"self":[{"href":"https:\/\/lappis.org.br\/site\/wp-json\/wp\/v2\/posts\/2126"}],"collection":[{"href":"https:\/\/lappis.org.br\/site\/wp-json\/wp\/v2\/posts"}],"about":[{"href":"https:\/\/lappis.org.br\/site\/wp-json\/wp\/v2\/types\/post"}],"author":[{"embeddable":true,"href":"https:\/\/lappis.org.br\/site\/wp-json\/wp\/v2\/users\/1"}],"replies":[{"embeddable":true,"href":"https:\/\/lappis.org.br\/site\/wp-json\/wp\/v2\/comments?post=2126"}],"version-history":[{"count":0,"href":"https:\/\/lappis.org.br\/site\/wp-json\/wp\/v2\/posts\/2126\/revisions"}],"wp:featuredmedia":[{"embeddable":true,"href":"https:\/\/lappis.org.br\/site\/wp-json\/wp\/v2\/media\/2124"}],"wp:attachment":[{"href":"https:\/\/lappis.org.br\/site\/wp-json\/wp\/v2\/media?parent=2126"}],"wp:term":[{"taxonomy":"category","embeddable":true,"href":"https:\/\/lappis.org.br\/site\/wp-json\/wp\/v2\/categories?post=2126"},{"taxonomy":"post_tag","embeddable":true,"href":"https:\/\/lappis.org.br\/site\/wp-json\/wp\/v2\/tags?post=2126"}],"curies":[{"name":"wp","href":"https:\/\/api.w.org\/{rel}","templated":true}]}}