{"id":2120,"date":"2013-10-22T16:07:15","date_gmt":"2013-10-22T18:07:15","guid":{"rendered":"http:\/\/lappis.org.br\/site\/2013\/10\/22\/pesquisadoresas-da-pesquisa-apoio-se-reunem-no-rio-de-janeiro\/"},"modified":"2017-08-23T10:25:14","modified_gmt":"2017-08-23T13:25:14","slug":"pesquisadoresas-da-pesquisa-apoio-se-reunem-no-rio-de-janeiro","status":"publish","type":"post","link":"https:\/\/lappis.org.br\/site\/pesquisadoresas-da-pesquisa-apoio-se-reunem-no-rio-de-janeiro\/2120","title":{"rendered":"Pesquisadores\/as da Pesquisa Apoio se re\u00fanem"},"content":{"rendered":"<p style=\"text-align: justify;\"> \t<img fetchpriority=\"high\" decoding=\"async\" data-attachment-id=\"2117\" data-permalink=\"https:\/\/lappis.org.br\/site\/pesquisadoresas-da-pesquisa-apoio-se-reunem-no-rio-de-janeiro\/2120\/attachment-alt-145\" data-orig-file=\"https:\/\/lappis.org.br\/site\/wp-content\/uploads\/2013\/10\/reunioapio18.jpg\" data-orig-size=\"423,231\" data-comments-opened=\"1\" data-image-meta=\"{&quot;aperture&quot;:&quot;0&quot;,&quot;credit&quot;:&quot;&quot;,&quot;camera&quot;:&quot;&quot;,&quot;caption&quot;:&quot;&quot;,&quot;created_timestamp&quot;:&quot;0&quot;,&quot;copyright&quot;:&quot;&quot;,&quot;focal_length&quot;:&quot;0&quot;,&quot;iso&quot;:&quot;0&quot;,&quot;shutter_speed&quot;:&quot;0&quot;,&quot;title&quot;:&quot;&quot;,&quot;orientation&quot;:&quot;0&quot;}\" data-image-title=\"alt\" data-image-description=\"\" data-image-caption=\"\" data-medium-file=\"https:\/\/lappis.org.br\/site\/wp-content\/uploads\/2013\/10\/reunioapio18-300x164.jpg\" data-large-file=\"https:\/\/lappis.org.br\/site\/wp-content\/uploads\/2013\/10\/reunioapio18.jpg\" class=\" alignleft size-full wp-image-2117\" alt=\"alt\" src=\"http:\/\/lappis.org.br\/site\/wp-content\/uploads\/2013\/10\/reunioapio18.jpg\" style=\"border-width: 0px; border-style: solid; margin: 5px; float: left; height: 135px; width: 250px;\" width=\"423\" height=\"231\" srcset=\"https:\/\/lappis.org.br\/site\/wp-content\/uploads\/2013\/10\/reunioapio18.jpg 423w, https:\/\/lappis.org.br\/site\/wp-content\/uploads\/2013\/10\/reunioapio18-300x164.jpg 300w\" sizes=\"(max-width: 423px) 100vw, 423px\" \/>No encontro, compartilharam a experi\u00eancia de Vit\u00f3ria\/ES.<\/p>\n<p style=\"text-align: justify;\"> \tPesquisadores\/as do Laborat\u00f3rio de Pesquisas sobre Pr\u00e1ticas de Integralidade em Sa\u00fade se reuniram, no dia 18 de outubro de 2013, para relatar a visita de campo da pesquisa &ldquo;<strong>\u00c1reas Program\u00e1ticas e direito \u00e0 sa\u00fade: constru\u00e7\u00e3o da integralidade no contexto do apoio institucional&rdquo;<\/strong>, em Vit\u00f3ria\/ES<strong>.<\/strong> Al\u00e9m disso, atualizaram o cronograma das atividades, discutiram log\u00edstica e produ\u00e7\u00e3o textual.<\/p>\n<p> \tPela manh\u00e3, a pesquisadora Tatiana Coelho, Hospital Sofia Feldman\/MG, e o pesquisador Gilson Saippa, Universidade Federal Fluminense de Nova Friburgo, compartilharam a experi\u00eancia de ida a campo em Vit\u00f3ria\/ES, entre os dias 8 e 11 de outubro. Na apresenta\u00e7\u00e3o, o pesquisador Gilson Saippa fez um breve relato das caracter\u00edsticas da cidade, demarcando as unidades de atendimento b\u00e1sico de sa\u00fade.<br \/> \tA integra\u00e7\u00e3o dos profissionais de sa\u00fade no fortalecimento da gest\u00e3o foi um dos pontos destacados pelos pesquisadores. &ldquo;Observamos o envolvimento dos atores da SEMUS, da Secretaria Municipal de Sa\u00fade de Vit\u00f3ria, com os debates e agendas propositivas em torno do fortalecimento da gest\u00e3o, pautados pela constru\u00e7\u00e3o da cogest\u00e3o na dire\u00e7\u00e3o do cuidado em sa\u00fade, entendido enquanto direito&rdquo;.<\/p>\n<p> \t<img decoding=\"async\" data-attachment-id=\"2118\" data-permalink=\"https:\/\/lappis.org.br\/site\/pesquisadoresas-da-pesquisa-apoio-se-reunem-no-rio-de-janeiro\/2120\/attachment-alt-146\" data-orig-file=\"https:\/\/lappis.org.br\/site\/wp-content\/uploads\/2013\/10\/gilson.jpg\" data-orig-size=\"424,233\" data-comments-opened=\"1\" data-image-meta=\"{&quot;aperture&quot;:&quot;0&quot;,&quot;credit&quot;:&quot;&quot;,&quot;camera&quot;:&quot;&quot;,&quot;caption&quot;:&quot;&quot;,&quot;created_timestamp&quot;:&quot;0&quot;,&quot;copyright&quot;:&quot;&quot;,&quot;focal_length&quot;:&quot;0&quot;,&quot;iso&quot;:&quot;0&quot;,&quot;shutter_speed&quot;:&quot;0&quot;,&quot;title&quot;:&quot;&quot;,&quot;orientation&quot;:&quot;0&quot;}\" data-image-title=\"alt\" data-image-description=\"\" data-image-caption=\"\" data-medium-file=\"https:\/\/lappis.org.br\/site\/wp-content\/uploads\/2013\/10\/gilson-300x165.jpg\" data-large-file=\"https:\/\/lappis.org.br\/site\/wp-content\/uploads\/2013\/10\/gilson.jpg\" class=\" alignright size-full wp-image-2118\" alt=\"alt\" src=\"http:\/\/lappis.org.br\/site\/wp-content\/uploads\/2013\/10\/gilson.jpg\" style=\"height: 220px; width: 400px; margin: 5px; float: right;\" width=\"424\" height=\"233\" srcset=\"https:\/\/lappis.org.br\/site\/wp-content\/uploads\/2013\/10\/gilson.jpg 424w, https:\/\/lappis.org.br\/site\/wp-content\/uploads\/2013\/10\/gilson-300x165.jpg 300w\" sizes=\"(max-width: 424px) 100vw, 424px\" \/>De acordo com eles, a experi\u00eancia foi uma a\u00e7\u00e3o extremamente intensa e positiva, permitindo a intera\u00e7\u00e3o de saberes. &ldquo;Tivemos a oportunidade de ver o quanto o Lappis incorporou mesmo essa constru\u00e7\u00e3o de que o processo de forma\u00e7\u00e3o est\u00e1 intimamente vinculado ao processo de produ\u00e7\u00e3o do conhecimento&rdquo;, ressaltaram.<\/p>\n<p> \tAp\u00f3s a apresenta\u00e7\u00e3o da experi\u00eancia, a l\u00edder do Grupo de Pesquisa do CNPq Lappis, Roseni Pinheiro, falou sobre o processo de visibilidade do projeto apoio. &ldquo;A partir de agora temos que refletir quanto \u00e0 forma de dar visibilidade a este esfor\u00e7o, buscando a reconcilia\u00e7\u00e3o dos saberes investidos e observados, em uma perspectiva reflexiva e critica para o fortalecimento da defesa do Sistema \u00fanico de Sa\u00fade&rdquo;, observa.<\/p>\n<p> \tNo final da reuni\u00e3o, foi apresentada a plataforma EnsinaSUS, ferramenta virtual onde os pesquisadores (discentes e docentes)\u00a0 dos projetos do LAPPIS poder\u00e3o arquivar e compartilhar suas informa\u00e7\u00f5es, especialmente durante o trabalho de campo, com o grupo da pesquisa, mediante a navega\u00e7\u00e3o em ambientes coletivos e restritos, interativos durante coleta de dados acrescenta a coordenadora<br \/> \t<img decoding=\"async\" data-attachment-id=\"2119\" data-permalink=\"https:\/\/lappis.org.br\/site\/pesquisadoresas-da-pesquisa-apoio-se-reunem-no-rio-de-janeiro\/2120\/attachment-alt-147\" data-orig-file=\"https:\/\/lappis.org.br\/site\/wp-content\/uploads\/2013\/10\/sumario18.jpg\" data-orig-size=\"417,227\" data-comments-opened=\"1\" data-image-meta=\"{&quot;aperture&quot;:&quot;0&quot;,&quot;credit&quot;:&quot;&quot;,&quot;camera&quot;:&quot;&quot;,&quot;caption&quot;:&quot;&quot;,&quot;created_timestamp&quot;:&quot;0&quot;,&quot;copyright&quot;:&quot;&quot;,&quot;focal_length&quot;:&quot;0&quot;,&quot;iso&quot;:&quot;0&quot;,&quot;shutter_speed&quot;:&quot;0&quot;,&quot;title&quot;:&quot;&quot;,&quot;orientation&quot;:&quot;0&quot;}\" data-image-title=\"alt\" data-image-description=\"\" data-image-caption=\"\" data-medium-file=\"https:\/\/lappis.org.br\/site\/wp-content\/uploads\/2013\/10\/sumario18-300x163.jpg\" data-large-file=\"https:\/\/lappis.org.br\/site\/wp-content\/uploads\/2013\/10\/sumario18.jpg\" class=\" alignleft size-full wp-image-2119\" alt=\"alt\" src=\"http:\/\/lappis.org.br\/site\/wp-content\/uploads\/2013\/10\/sumario18.jpg\" style=\"height: 218px; width: 400px; margin: 5px; float: left;\" width=\"417\" height=\"227\" srcset=\"https:\/\/lappis.org.br\/site\/wp-content\/uploads\/2013\/10\/sumario18.jpg 417w, https:\/\/lappis.org.br\/site\/wp-content\/uploads\/2013\/10\/sumario18-300x163.jpg 300w\" sizes=\"(max-width: 417px) 100vw, 417px\" \/>Estiveram no encontro, realizado no Hotel Magic Palace, no Rio de Janeiro: a l\u00edder do Grupo de Pesquisa do CNPq Lappis, Roseni Pinheiro, os\/as pesquisadores\/as, Tatiana Coelho Lopes (HSF), Gilson Saippa (UFF), F\u00e1bio Hebert (UFF), Lilian Koiffman (UFF), Alo\u00edsio Gomes (UFF), Raphaella Fagundes Daros (Ufes), Jana\u00edna Mariano Cesar (Ufes) e o gestor de projetos do Lappis, Julio Evo Magro.<\/p>\n<p> \t<strong>ENTENDA<\/strong>&#8211; A pesquisa <strong>&ldquo;\u00c1reas Program\u00e1ticas e direito \u00e0 sa\u00fade: constru\u00e7\u00e3o da integralidade no contexto do apoio institucional&rdquo;<\/strong> quer conhecer e mapear atividades de apoio, mobiliza\u00e7\u00e3o, articula\u00e7\u00e3o, interlocu\u00e7\u00e3o e media\u00e7\u00e3o no \u00e2mbito do Sistema \u00danico de Sa\u00fade (SUS), para tentar conhecer melhor o trabalho do\/a apoiador\/a no territ\u00f3rio nacional e buscar uma compreens\u00e3o dos mecanismos de inser\u00e7\u00e3o do apoio.<\/p>\n<p> \t<strong>Leia mais:<\/strong><\/p>\n<div style=\"text-align: justify;\"> \t&#8211; <a href=\"http:\/\/lappis.org.br\/site\/lappis-define-proximos-passos-da-pesquisa-apoio\/1853\">Lappis realiza reuni\u00e3o metodol\u00f3gica da Pesquisa Apoio<\/a><\/div>\n<div style=\"text-align: justify;\"> \t&#8211; <a href=\"http:\/\/lappis.org.br\/site\/novos-desdobramentos-da-pesquisa-apoio-institucional-durante-agosto\/1920\">Pesquisa Apoio Institucional tem desdobramentos em agosto<\/a><\/div>\n<div style=\"text-align: justify;\"> \t&#8211; <a href=\"http:\/\/lappis.org.br\/site\/lappis-define-proximos-passos-da-pesquisa-apoio\/1853\">Lappis define pr\u00f3ximos passos da pesquisa apoio<\/a><\/div>\n<div style=\"text-align: justify;\"> \t&#8211;<a href=\"http:\/\/lappis.org.br\/site\/pesquisadores-avaliam-primeiras-visitas-da-pesquisa-apoio-institucional\/1974\"> Pesquisadores avaliam primeiras visitas da pesquisa Apoio Institucional<\/a><\/div>\n<p> \u00a0<\/p>\n","protected":false},"excerpt":{"rendered":"<div class=\"mh-excerpt\"><p style=\"text-align: justify;\"> \t<img loading=\"lazy\" decoding=\"async\" class=\" alignleft size-full wp-image-2117\" alt=\"alt\" src=\"http:\/\/lappis.org.br\/site\/wp-content\/uploads\/2013\/10\/reunioapio18.jpg\" style=\"border-width: 0px; border-style: solid; margin: 5px; float: left; height: 135px; width: 250px;\" width=\"423\" height=\"231\" srcset=\"https:\/\/lappis.org.br\/site\/wp-content\/uploads\/2013\/10\/reunioapio18.jpg 423w, https:\/\/lappis.org.br\/site\/wp-content\/uploads\/2013\/10\/reunioapio18-300x164.jpg 300w\" sizes=\"(max-width: 423px) 100vw, 423px\" \/>No encontro, compartilharam a experi\u00eancia de Vit\u00f3ria\/ES.<\/p>\n<p>  <a class=\"mh-excerpt-more\" href=\"https:\/\/lappis.org.br\/site\/pesquisadoresas-da-pesquisa-apoio-se-reunem-no-rio-de-janeiro\/2120\" title=\"Pesquisadores\/as da Pesquisa Apoio se re\u00fanem\">[&#8230;]<\/a><\/p>\n<\/div>","protected":false},"author":1,"featured_media":2116,"comment_status":"open","ping_status":"open","sticky":false,"template":"","format":"standard","meta":{"_acf_changed":false,"_exactmetrics_skip_tracking":false,"_exactmetrics_sitenote_active":false,"_exactmetrics_sitenote_note":"","_exactmetrics_sitenote_category":0,"jetpack_post_was_ever_published":false,"_jetpack_newsletter_access":"","_jetpack_dont_email_post_to_subs":false,"_jetpack_newsletter_tier_id":0,"_jetpack_memberships_contains_paywalled_content":false,"_jetpack_memberships_contains_paid_content":false,"footnotes":"","jetpack_publicize_message":"","jetpack_publicize_feature_enabled":true,"jetpack_social_post_already_shared":false,"jetpack_social_options":{"image_generator_settings":{"template":"highway","enabled":false},"version":2}},"categories":[8],"tags":[],"class_list":{"0":"post-2120","1":"post","2":"type-post","3":"status-publish","4":"format-standard","5":"has-post-thumbnail","7":"category-noticia"},"jetpack_publicize_connections":[],"acf":[],"yoast_head":"<!-- This site is optimized with the Yoast SEO plugin v25.2 - https:\/\/yoast.com\/wordpress\/plugins\/seo\/ -->\n<title>Pesquisadores\/as da Pesquisa Apoio se re\u00fanem - Lappis 25 anos<\/title>\n<meta name=\"robots\" content=\"index, follow, max-snippet:-1, max-image-preview:large, max-video-preview:-1\" \/>\n<link rel=\"canonical\" href=\"https:\/\/lappis.org.br\/site\/pesquisadoresas-da-pesquisa-apoio-se-reunem-no-rio-de-janeiro\/2120\" \/>\n<meta property=\"og:locale\" content=\"pt_BR\" \/>\n<meta property=\"og:type\" content=\"article\" \/>\n<meta property=\"og:title\" content=\"Pesquisadores\/as da Pesquisa Apoio se re\u00fanem - Lappis 25 anos\" \/>\n<meta property=\"og:description\" content=\"No encontro, compartilharam a experi\u00eancia de Vit\u00f3ria\/ES. [...]\" \/>\n<meta property=\"og:url\" content=\"https:\/\/lappis.org.br\/site\/pesquisadoresas-da-pesquisa-apoio-se-reunem-no-rio-de-janeiro\/2120\" \/>\n<meta property=\"og:site_name\" content=\"Lappis 25 anos\" \/>\n<meta property=\"article:published_time\" content=\"2013-10-22T18:07:15+00:00\" \/>\n<meta property=\"article:modified_time\" content=\"2017-08-23T13:25:14+00:00\" \/>\n<meta property=\"og:image\" content=\"https:\/\/lappis.org.br\/site\/wp-content\/uploads\/2013\/10\/reunioapio18.jpg\" \/>\n\t<meta property=\"og:image:width\" content=\"423\" \/>\n\t<meta property=\"og:image:height\" content=\"231\" \/>\n\t<meta property=\"og:image:type\" content=\"image\/jpeg\" \/>\n<meta name=\"author\" content=\"fw2\" \/>\n<meta name=\"twitter:card\" content=\"summary_large_image\" \/>\n<meta name=\"twitter:label1\" content=\"Escrito por\" \/>\n\t<meta name=\"twitter:data1\" content=\"fw2\" \/>\n\t<meta name=\"twitter:label2\" content=\"Est. tempo de leitura\" \/>\n\t<meta name=\"twitter:data2\" content=\"3 minutos\" \/>\n<script type=\"application\/ld+json\" class=\"yoast-schema-graph\">{\"@context\":\"https:\/\/schema.org\",\"@graph\":[{\"@type\":\"Article\",\"@id\":\"https:\/\/lappis.org.br\/site\/pesquisadoresas-da-pesquisa-apoio-se-reunem-no-rio-de-janeiro\/2120#article\",\"isPartOf\":{\"@id\":\"https:\/\/lappis.org.br\/site\/pesquisadoresas-da-pesquisa-apoio-se-reunem-no-rio-de-janeiro\/2120\"},\"author\":{\"name\":\"fw2\",\"@id\":\"https:\/\/lappis.org.br\/site\/#\/schema\/person\/3852381d08284b5e2716b20bd89bdbcf\"},\"headline\":\"Pesquisadores\/as da Pesquisa Apoio se re\u00fanem\",\"datePublished\":\"2013-10-22T18:07:15+00:00\",\"dateModified\":\"2017-08-23T13:25:14+00:00\",\"mainEntityOfPage\":{\"@id\":\"https:\/\/lappis.org.br\/site\/pesquisadoresas-da-pesquisa-apoio-se-reunem-no-rio-de-janeiro\/2120\"},\"wordCount\":581,\"commentCount\":0,\"publisher\":{\"@id\":\"https:\/\/lappis.org.br\/site\/#organization\"},\"image\":{\"@id\":\"https:\/\/lappis.org.br\/site\/pesquisadoresas-da-pesquisa-apoio-se-reunem-no-rio-de-janeiro\/2120#primaryimage\"},\"thumbnailUrl\":\"https:\/\/lappis.org.br\/site\/wp-content\/uploads\/2013\/10\/reunioapio18.jpg\",\"articleSection\":[\"Not\u00edcia\"],\"inLanguage\":\"pt-BR\",\"potentialAction\":[{\"@type\":\"CommentAction\",\"name\":\"Comment\",\"target\":[\"https:\/\/lappis.org.br\/site\/pesquisadoresas-da-pesquisa-apoio-se-reunem-no-rio-de-janeiro\/2120#respond\"]}]},{\"@type\":\"WebPage\",\"@id\":\"https:\/\/lappis.org.br\/site\/pesquisadoresas-da-pesquisa-apoio-se-reunem-no-rio-de-janeiro\/2120\",\"url\":\"https:\/\/lappis.org.br\/site\/pesquisadoresas-da-pesquisa-apoio-se-reunem-no-rio-de-janeiro\/2120\",\"name\":\"Pesquisadores\/as da Pesquisa Apoio se re\u00fanem - Lappis 25 anos\",\"isPartOf\":{\"@id\":\"https:\/\/lappis.org.br\/site\/#website\"},\"primaryImageOfPage\":{\"@id\":\"https:\/\/lappis.org.br\/site\/pesquisadoresas-da-pesquisa-apoio-se-reunem-no-rio-de-janeiro\/2120#primaryimage\"},\"image\":{\"@id\":\"https:\/\/lappis.org.br\/site\/pesquisadoresas-da-pesquisa-apoio-se-reunem-no-rio-de-janeiro\/2120#primaryimage\"},\"thumbnailUrl\":\"https:\/\/lappis.org.br\/site\/wp-content\/uploads\/2013\/10\/reunioapio18.jpg\",\"datePublished\":\"2013-10-22T18:07:15+00:00\",\"dateModified\":\"2017-08-23T13:25:14+00:00\",\"breadcrumb\":{\"@id\":\"https:\/\/lappis.org.br\/site\/pesquisadoresas-da-pesquisa-apoio-se-reunem-no-rio-de-janeiro\/2120#breadcrumb\"},\"inLanguage\":\"pt-BR\",\"potentialAction\":[{\"@type\":\"ReadAction\",\"target\":[\"https:\/\/lappis.org.br\/site\/pesquisadoresas-da-pesquisa-apoio-se-reunem-no-rio-de-janeiro\/2120\"]}]},{\"@type\":\"ImageObject\",\"inLanguage\":\"pt-BR\",\"@id\":\"https:\/\/lappis.org.br\/site\/pesquisadoresas-da-pesquisa-apoio-se-reunem-no-rio-de-janeiro\/2120#primaryimage\",\"url\":\"https:\/\/lappis.org.br\/site\/wp-content\/uploads\/2013\/10\/reunioapio18.jpg\",\"contentUrl\":\"https:\/\/lappis.org.br\/site\/wp-content\/uploads\/2013\/10\/reunioapio18.jpg\",\"width\":423,\"height\":231,\"caption\":\"alt\"},{\"@type\":\"BreadcrumbList\",\"@id\":\"https:\/\/lappis.org.br\/site\/pesquisadoresas-da-pesquisa-apoio-se-reunem-no-rio-de-janeiro\/2120#breadcrumb\",\"itemListElement\":[{\"@type\":\"ListItem\",\"position\":1,\"name\":\"In\u00edcio\",\"item\":\"https:\/\/lappis.org.br\/site\/\"},{\"@type\":\"ListItem\",\"position\":2,\"name\":\"Pesquisadores\/as da Pesquisa Apoio se re\u00fanem\"}]},{\"@type\":\"WebSite\",\"@id\":\"https:\/\/lappis.org.br\/site\/#website\",\"url\":\"https:\/\/lappis.org.br\/site\/\",\"name\":\"Lappis 25 anos\",\"description\":\"Labotat\u00f3rio de Pesquisas sobre Pr\u00e1ticas de Integralidade em Sa\u00fade\",\"publisher\":{\"@id\":\"https:\/\/lappis.org.br\/site\/#organization\"},\"potentialAction\":[{\"@type\":\"SearchAction\",\"target\":{\"@type\":\"EntryPoint\",\"urlTemplate\":\"https:\/\/lappis.org.br\/site\/?s={search_term_string}\"},\"query-input\":{\"@type\":\"PropertyValueSpecification\",\"valueRequired\":true,\"valueName\":\"search_term_string\"}}],\"inLanguage\":\"pt-BR\"},{\"@type\":\"Organization\",\"@id\":\"https:\/\/lappis.org.br\/site\/#organization\",\"name\":\"Lappis 25 anos\",\"url\":\"https:\/\/lappis.org.br\/site\/\",\"logo\":{\"@type\":\"ImageObject\",\"inLanguage\":\"pt-BR\",\"@id\":\"https:\/\/lappis.org.br\/site\/#\/schema\/logo\/image\/\",\"url\":\"https:\/\/lappis.org.br\/site\/wp-content\/uploads\/2025\/03\/logo-lappis25anos.png\",\"contentUrl\":\"https:\/\/lappis.org.br\/site\/wp-content\/uploads\/2025\/03\/logo-lappis25anos.png\",\"width\":388,\"height\":146,\"caption\":\"Lappis 25 anos\"},\"image\":{\"@id\":\"https:\/\/lappis.org.br\/site\/#\/schema\/logo\/image\/\"}},{\"@type\":\"Person\",\"@id\":\"https:\/\/lappis.org.br\/site\/#\/schema\/person\/3852381d08284b5e2716b20bd89bdbcf\",\"name\":\"fw2\",\"image\":{\"@type\":\"ImageObject\",\"inLanguage\":\"pt-BR\",\"@id\":\"https:\/\/lappis.org.br\/site\/#\/schema\/person\/image\/\",\"url\":\"https:\/\/secure.gravatar.com\/avatar\/c38472c0cdbde82d9b6fcc26adb3779d?s=96&d=mm&r=g\",\"contentUrl\":\"https:\/\/secure.gravatar.com\/avatar\/c38472c0cdbde82d9b6fcc26adb3779d?s=96&d=mm&r=g\",\"caption\":\"fw2\"},\"url\":\"https:\/\/lappis.org.br\/site\/author\/fw2\"}]}<\/script>\n<!-- \/ Yoast SEO plugin. -->","yoast_head_json":{"title":"Pesquisadores\/as da Pesquisa Apoio se re\u00fanem - Lappis 25 anos","robots":{"index":"index","follow":"follow","max-snippet":"max-snippet:-1","max-image-preview":"max-image-preview:large","max-video-preview":"max-video-preview:-1"},"canonical":"https:\/\/lappis.org.br\/site\/pesquisadoresas-da-pesquisa-apoio-se-reunem-no-rio-de-janeiro\/2120","og_locale":"pt_BR","og_type":"article","og_title":"Pesquisadores\/as da Pesquisa Apoio se re\u00fanem - Lappis 25 anos","og_description":"No encontro, compartilharam a experi\u00eancia de Vit\u00f3ria\/ES. [...]","og_url":"https:\/\/lappis.org.br\/site\/pesquisadoresas-da-pesquisa-apoio-se-reunem-no-rio-de-janeiro\/2120","og_site_name":"Lappis 25 anos","article_published_time":"2013-10-22T18:07:15+00:00","article_modified_time":"2017-08-23T13:25:14+00:00","og_image":[{"width":423,"height":231,"url":"https:\/\/lappis.org.br\/site\/wp-content\/uploads\/2013\/10\/reunioapio18.jpg","type":"image\/jpeg"}],"author":"fw2","twitter_card":"summary_large_image","twitter_misc":{"Escrito por":"fw2","Est. tempo de leitura":"3 minutos"},"schema":{"@context":"https:\/\/schema.org","@graph":[{"@type":"Article","@id":"https:\/\/lappis.org.br\/site\/pesquisadoresas-da-pesquisa-apoio-se-reunem-no-rio-de-janeiro\/2120#article","isPartOf":{"@id":"https:\/\/lappis.org.br\/site\/pesquisadoresas-da-pesquisa-apoio-se-reunem-no-rio-de-janeiro\/2120"},"author":{"name":"fw2","@id":"https:\/\/lappis.org.br\/site\/#\/schema\/person\/3852381d08284b5e2716b20bd89bdbcf"},"headline":"Pesquisadores\/as da Pesquisa Apoio se re\u00fanem","datePublished":"2013-10-22T18:07:15+00:00","dateModified":"2017-08-23T13:25:14+00:00","mainEntityOfPage":{"@id":"https:\/\/lappis.org.br\/site\/pesquisadoresas-da-pesquisa-apoio-se-reunem-no-rio-de-janeiro\/2120"},"wordCount":581,"commentCount":0,"publisher":{"@id":"https:\/\/lappis.org.br\/site\/#organization"},"image":{"@id":"https:\/\/lappis.org.br\/site\/pesquisadoresas-da-pesquisa-apoio-se-reunem-no-rio-de-janeiro\/2120#primaryimage"},"thumbnailUrl":"https:\/\/lappis.org.br\/site\/wp-content\/uploads\/2013\/10\/reunioapio18.jpg","articleSection":["Not\u00edcia"],"inLanguage":"pt-BR","potentialAction":[{"@type":"CommentAction","name":"Comment","target":["https:\/\/lappis.org.br\/site\/pesquisadoresas-da-pesquisa-apoio-se-reunem-no-rio-de-janeiro\/2120#respond"]}]},{"@type":"WebPage","@id":"https:\/\/lappis.org.br\/site\/pesquisadoresas-da-pesquisa-apoio-se-reunem-no-rio-de-janeiro\/2120","url":"https:\/\/lappis.org.br\/site\/pesquisadoresas-da-pesquisa-apoio-se-reunem-no-rio-de-janeiro\/2120","name":"Pesquisadores\/as da Pesquisa Apoio se re\u00fanem - Lappis 25 anos","isPartOf":{"@id":"https:\/\/lappis.org.br\/site\/#website"},"primaryImageOfPage":{"@id":"https:\/\/lappis.org.br\/site\/pesquisadoresas-da-pesquisa-apoio-se-reunem-no-rio-de-janeiro\/2120#primaryimage"},"image":{"@id":"https:\/\/lappis.org.br\/site\/pesquisadoresas-da-pesquisa-apoio-se-reunem-no-rio-de-janeiro\/2120#primaryimage"},"thumbnailUrl":"https:\/\/lappis.org.br\/site\/wp-content\/uploads\/2013\/10\/reunioapio18.jpg","datePublished":"2013-10-22T18:07:15+00:00","dateModified":"2017-08-23T13:25:14+00:00","breadcrumb":{"@id":"https:\/\/lappis.org.br\/site\/pesquisadoresas-da-pesquisa-apoio-se-reunem-no-rio-de-janeiro\/2120#breadcrumb"},"inLanguage":"pt-BR","potentialAction":[{"@type":"ReadAction","target":["https:\/\/lappis.org.br\/site\/pesquisadoresas-da-pesquisa-apoio-se-reunem-no-rio-de-janeiro\/2120"]}]},{"@type":"ImageObject","inLanguage":"pt-BR","@id":"https:\/\/lappis.org.br\/site\/pesquisadoresas-da-pesquisa-apoio-se-reunem-no-rio-de-janeiro\/2120#primaryimage","url":"https:\/\/lappis.org.br\/site\/wp-content\/uploads\/2013\/10\/reunioapio18.jpg","contentUrl":"https:\/\/lappis.org.br\/site\/wp-content\/uploads\/2013\/10\/reunioapio18.jpg","width":423,"height":231,"caption":"alt"},{"@type":"BreadcrumbList","@id":"https:\/\/lappis.org.br\/site\/pesquisadoresas-da-pesquisa-apoio-se-reunem-no-rio-de-janeiro\/2120#breadcrumb","itemListElement":[{"@type":"ListItem","position":1,"name":"In\u00edcio","item":"https:\/\/lappis.org.br\/site\/"},{"@type":"ListItem","position":2,"name":"Pesquisadores\/as da Pesquisa Apoio se re\u00fanem"}]},{"@type":"WebSite","@id":"https:\/\/lappis.org.br\/site\/#website","url":"https:\/\/lappis.org.br\/site\/","name":"Lappis 25 anos","description":"Labotat\u00f3rio de Pesquisas sobre Pr\u00e1ticas de Integralidade em Sa\u00fade","publisher":{"@id":"https:\/\/lappis.org.br\/site\/#organization"},"potentialAction":[{"@type":"SearchAction","target":{"@type":"EntryPoint","urlTemplate":"https:\/\/lappis.org.br\/site\/?s={search_term_string}"},"query-input":{"@type":"PropertyValueSpecification","valueRequired":true,"valueName":"search_term_string"}}],"inLanguage":"pt-BR"},{"@type":"Organization","@id":"https:\/\/lappis.org.br\/site\/#organization","name":"Lappis 25 anos","url":"https:\/\/lappis.org.br\/site\/","logo":{"@type":"ImageObject","inLanguage":"pt-BR","@id":"https:\/\/lappis.org.br\/site\/#\/schema\/logo\/image\/","url":"https:\/\/lappis.org.br\/site\/wp-content\/uploads\/2025\/03\/logo-lappis25anos.png","contentUrl":"https:\/\/lappis.org.br\/site\/wp-content\/uploads\/2025\/03\/logo-lappis25anos.png","width":388,"height":146,"caption":"Lappis 25 anos"},"image":{"@id":"https:\/\/lappis.org.br\/site\/#\/schema\/logo\/image\/"}},{"@type":"Person","@id":"https:\/\/lappis.org.br\/site\/#\/schema\/person\/3852381d08284b5e2716b20bd89bdbcf","name":"fw2","image":{"@type":"ImageObject","inLanguage":"pt-BR","@id":"https:\/\/lappis.org.br\/site\/#\/schema\/person\/image\/","url":"https:\/\/secure.gravatar.com\/avatar\/c38472c0cdbde82d9b6fcc26adb3779d?s=96&d=mm&r=g","contentUrl":"https:\/\/secure.gravatar.com\/avatar\/c38472c0cdbde82d9b6fcc26adb3779d?s=96&d=mm&r=g","caption":"fw2"},"url":"https:\/\/lappis.org.br\/site\/author\/fw2"}]}},"jetpack_featured_media_url":"https:\/\/lappis.org.br\/site\/wp-content\/uploads\/2013\/10\/reunioapio18.jpg","jetpack_shortlink":"https:\/\/wp.me\/p954Nh-yc","jetpack_sharing_enabled":true,"_links":{"self":[{"href":"https:\/\/lappis.org.br\/site\/wp-json\/wp\/v2\/posts\/2120"}],"collection":[{"href":"https:\/\/lappis.org.br\/site\/wp-json\/wp\/v2\/posts"}],"about":[{"href":"https:\/\/lappis.org.br\/site\/wp-json\/wp\/v2\/types\/post"}],"author":[{"embeddable":true,"href":"https:\/\/lappis.org.br\/site\/wp-json\/wp\/v2\/users\/1"}],"replies":[{"embeddable":true,"href":"https:\/\/lappis.org.br\/site\/wp-json\/wp\/v2\/comments?post=2120"}],"version-history":[{"count":1,"href":"https:\/\/lappis.org.br\/site\/wp-json\/wp\/v2\/posts\/2120\/revisions"}],"predecessor-version":[{"id":3707,"href":"https:\/\/lappis.org.br\/site\/wp-json\/wp\/v2\/posts\/2120\/revisions\/3707"}],"wp:featuredmedia":[{"embeddable":true,"href":"https:\/\/lappis.org.br\/site\/wp-json\/wp\/v2\/media\/2116"}],"wp:attachment":[{"href":"https:\/\/lappis.org.br\/site\/wp-json\/wp\/v2\/media?parent=2120"}],"wp:term":[{"taxonomy":"category","embeddable":true,"href":"https:\/\/lappis.org.br\/site\/wp-json\/wp\/v2\/categories?post=2120"},{"taxonomy":"post_tag","embeddable":true,"href":"https:\/\/lappis.org.br\/site\/wp-json\/wp\/v2\/tags?post=2120"}],"curies":[{"name":"wp","href":"https:\/\/api.w.org\/{rel}","templated":true}]}}