{"id":2115,"date":"2013-10-17T18:18:23","date_gmt":"2013-10-17T21:18:23","guid":{"rendered":"http:\/\/lappis.org.br\/site\/2013\/10\/17\/conheca-os-finalistas-do-concurso-cultural-sp-1943350228\/"},"modified":"2013-10-17T18:18:23","modified_gmt":"2013-10-17T21:18:23","slug":"conheca-os-finalistas-do-concurso-cultural-sp-1943350228","status":"publish","type":"post","link":"https:\/\/lappis.org.br\/site\/conheca-os-finalistas-do-concurso-cultural-sp-1943350228\/2115","title":{"rendered":"CONHE\u00c7A OS FINALISTAS DO CONCURSO CULTURAL"},"content":{"rendered":"<p><img fetchpriority=\"high\" decoding=\"async\" data-attachment-id=\"2114\" data-permalink=\"https:\/\/lappis.org.br\/site\/conheca-os-finalistas-do-concurso-cultural-sp-1943350228\/2115\/attachment-alt-143\" data-orig-file=\"https:\/\/lappis.org.br\/site\/wp-content\/uploads\/2013\/10\/selohumanizasus10anos.jpg\" data-orig-size=\"700,350\" data-comments-opened=\"1\" data-image-meta=\"{&quot;aperture&quot;:&quot;0&quot;,&quot;credit&quot;:&quot;&quot;,&quot;camera&quot;:&quot;&quot;,&quot;caption&quot;:&quot;&quot;,&quot;created_timestamp&quot;:&quot;0&quot;,&quot;copyright&quot;:&quot;&quot;,&quot;focal_length&quot;:&quot;0&quot;,&quot;iso&quot;:&quot;0&quot;,&quot;shutter_speed&quot;:&quot;0&quot;,&quot;title&quot;:&quot;&quot;,&quot;orientation&quot;:&quot;0&quot;}\" data-image-title=\"alt\" data-image-description=\"\" data-image-caption=\"\" data-medium-file=\"https:\/\/lappis.org.br\/site\/wp-content\/uploads\/2013\/10\/selohumanizasus10anos-300x150.jpg\" data-large-file=\"https:\/\/lappis.org.br\/site\/wp-content\/uploads\/2013\/10\/selohumanizasus10anos.jpg\" class=\" alignleft size-full wp-image-2114\" alt=\"alt\" src=\"http:\/\/lappis.org.br\/site\/wp-content\/uploads\/2013\/10\/selohumanizasus10anos.jpg\" style=\"height: 134px; width: 250px; margin: 5px; float: left;\" width=\"700\" height=\"350\" srcset=\"https:\/\/lappis.org.br\/site\/wp-content\/uploads\/2013\/10\/selohumanizasus10anos.jpg 700w, https:\/\/lappis.org.br\/site\/wp-content\/uploads\/2013\/10\/selohumanizasus10anos-300x150.jpg 300w\" sizes=\"(max-width: 700px) 100vw, 700px\" \/> Iniciativa buscou experi\u00eancias de humaniza\u00e7\u00e3o em todo o pa\u00eds.    O Concurso Cultural &ldquo;Somos Parte do SUS que d\u00e1 Certo&#8221; chega \u00e0 etapa final de avalia\u00e7\u00e3o. Dos 284 v\u00eddeos inscritos na Rede HumanizaSUS, 30 foram selecionados como finalistas e dez deles v\u00e3o compor o novo v\u00eddeo e cat\u00e1logo institucional da Pol\u00edtica Nacional de Humaniza\u00e7\u00e3o (PNH). Todos os v\u00eddeos foram assistidos por 18 apoiadores da PNH pelo Brasil, que, de maneira independente, avaliaram experi\u00eancias de regi\u00f5es diferentes daquelas em que realizam apoio institucional. Crit\u00e9rios como a criatividade e o potencial para melhorar o acesso e qualidade no SUS, fizeram parte da avalia\u00e7\u00e3o.<\/p>\n<p> Os v\u00eddeos pr\u00e9-selecionados foram encaminhados \u00e0 comiss\u00e3o julgadora do concurso, composta por representantes da PNH, Conselho Nacional dos Secret\u00e1rios de Sa\u00fade, Conselho Nacional das Secretarias Municipais de Sa\u00fade, Conselho Nacional de Sa\u00fade, Secretaria de Aten\u00e7\u00e3o \u00e0 Sa\u00fade, do Minist\u00e9rio da Sa\u00fade e Organiza\u00e7\u00e3o Panamericana da Sa\u00fade. Cada membro tem at\u00e9 o fim de outubro para realizar sua avalia\u00e7\u00e3o de maneira independente. O resultado do Concurso, com a apresenta\u00e7\u00e3o dos dez v\u00eddeos selecionados dever\u00e1 ocorrer no dia 28 de novembro, durante o Semin\u00e1rio 10 anos da PNH, em Bras\u00edlia &ndash; DF. Para a solenidade, foram convidados os autores dos 30 v\u00eddeos finalistas do concurso. Entre os 10 v\u00eddeos selecionados, haver\u00e1 ainda a premia\u00e7\u00e3o na categoria Voto Popular, com Men\u00e7\u00e3o Honrosa para o mais votado pelos internautas na Rede HumanizaSUS.<\/p>\n<p> Para o coordenador da PNH, Gustavo Nunes de Oliveira, a id\u00e9ia n\u00e3o \u00e9 dizer que esta ou aquela experi\u00eancia de humaniza\u00e7\u00e3o \u00e9 a melhor do pa\u00eds. &ldquo;Sabemos que h\u00e1 diversos modos de fazer sa\u00fade, e o concurso evidenciar\u00e1 dez, de tantas outras excelentes experi\u00eancias inscritas,&rdquo; afirma ele, que avalia a possibilidade de uma segunda edi\u00e7\u00e3o do concurso no fim de 2014. Para assistir os v\u00eddeos finalistas clique <a href=\"http:\/\/www.redehumanizasus.net\/66490-finalistas-do-concurso-cultural-somos-parte-do-sus-que-da-certo\">aqui!<\/a>.<\/p>\n<p> Fonte: Com informa\u00e7\u00f5es da Rede Huminasus. Acesse a mat\u00e9ria na \u00edntegra <a href=\"http:\/\/www.redehumanizasus.net\/66491-conheca-os-30-finalistas-do-concurso-cultural-somos-parte-do-sus-que-da-certo\">aqui!<\/a><\/p>\n","protected":false},"excerpt":{"rendered":"<div class=\"mh-excerpt\"><p><img decoding=\"async\" class=\" alignleft size-full wp-image-2114\" alt=\"alt\" src=\"http:\/\/lappis.org.br\/site\/wp-content\/uploads\/2013\/10\/selohumanizasus10anos.jpg\" style=\"height: 134px; width: 250px; margin: 5px; float: left;\" width=\"700\" height=\"350\" srcset=\"https:\/\/lappis.org.br\/site\/wp-content\/uploads\/2013\/10\/selohumanizasus10anos.jpg 700w, https:\/\/lappis.org.br\/site\/wp-content\/uploads\/2013\/10\/selohumanizasus10anos-300x150.jpg 300w\" sizes=\"(max-width: 700px) 100vw, 700px\" \/> Iniciativa buscou experi\u00eancias de humaniza\u00e7\u00e3o em todo o pa\u00eds.  <a class=\"mh-excerpt-more\" href=\"https:\/\/lappis.org.br\/site\/conheca-os-finalistas-do-concurso-cultural-sp-1943350228\/2115\" title=\"CONHE\u00c7A OS FINALISTAS DO CONCURSO CULTURAL\">[&#8230;]<\/a><\/p>\n<\/div>","protected":false},"author":1,"featured_media":2113,"comment_status":"open","ping_status":"open","sticky":false,"template":"","format":"standard","meta":{"_acf_changed":false,"_exactmetrics_skip_tracking":false,"_exactmetrics_sitenote_active":false,"_exactmetrics_sitenote_note":"","_exactmetrics_sitenote_category":0,"jetpack_post_was_ever_published":false,"_jetpack_newsletter_access":"","_jetpack_dont_email_post_to_subs":false,"_jetpack_newsletter_tier_id":0,"_jetpack_memberships_contains_paywalled_content":false,"_jetpack_memberships_contains_paid_content":false,"footnotes":"","jetpack_publicize_message":"","jetpack_publicize_feature_enabled":true,"jetpack_social_post_already_shared":false,"jetpack_social_options":{"image_generator_settings":{"template":"highway","enabled":false},"version":2}},"categories":[8],"tags":[],"class_list":{"0":"post-2115","1":"post","2":"type-post","3":"status-publish","4":"format-standard","5":"has-post-thumbnail","7":"category-noticia"},"jetpack_publicize_connections":[],"acf":[],"yoast_head":"<!-- This site is optimized with the Yoast SEO plugin v25.2 - https:\/\/yoast.com\/wordpress\/plugins\/seo\/ -->\n<title>CONHE\u00c7A OS FINALISTAS DO CONCURSO CULTURAL - Lappis 25 anos<\/title>\n<meta name=\"robots\" content=\"index, follow, max-snippet:-1, max-image-preview:large, max-video-preview:-1\" \/>\n<link rel=\"canonical\" href=\"https:\/\/lappis.org.br\/site\/conheca-os-finalistas-do-concurso-cultural-sp-1943350228\/2115\" \/>\n<meta property=\"og:locale\" content=\"pt_BR\" \/>\n<meta property=\"og:type\" content=\"article\" \/>\n<meta property=\"og:title\" content=\"CONHE\u00c7A OS FINALISTAS DO CONCURSO CULTURAL - Lappis 25 anos\" \/>\n<meta property=\"og:description\" content=\"Iniciativa buscou experi\u00eancias de humaniza\u00e7\u00e3o em todo o pa\u00eds. [...]\" \/>\n<meta property=\"og:url\" content=\"https:\/\/lappis.org.br\/site\/conheca-os-finalistas-do-concurso-cultural-sp-1943350228\/2115\" \/>\n<meta property=\"og:site_name\" content=\"Lappis 25 anos\" \/>\n<meta property=\"article:published_time\" content=\"2013-10-17T21:18:23+00:00\" \/>\n<meta property=\"og:image\" content=\"https:\/\/lappis.org.br\/site\/wp-content\/uploads\/2013\/10\/selohumanizasus10anos.jpg\" \/>\n\t<meta property=\"og:image:width\" content=\"700\" \/>\n\t<meta property=\"og:image:height\" content=\"350\" \/>\n\t<meta property=\"og:image:type\" content=\"image\/jpeg\" \/>\n<meta name=\"author\" content=\"fw2\" \/>\n<meta name=\"twitter:card\" content=\"summary_large_image\" \/>\n<meta name=\"twitter:label1\" content=\"Escrito por\" \/>\n\t<meta name=\"twitter:data1\" content=\"fw2\" \/>\n\t<meta name=\"twitter:label2\" content=\"Est. tempo de leitura\" \/>\n\t<meta name=\"twitter:data2\" content=\"2 minutos\" \/>\n<script type=\"application\/ld+json\" class=\"yoast-schema-graph\">{\"@context\":\"https:\/\/schema.org\",\"@graph\":[{\"@type\":\"Article\",\"@id\":\"https:\/\/lappis.org.br\/site\/conheca-os-finalistas-do-concurso-cultural-sp-1943350228\/2115#article\",\"isPartOf\":{\"@id\":\"https:\/\/lappis.org.br\/site\/conheca-os-finalistas-do-concurso-cultural-sp-1943350228\/2115\"},\"author\":{\"name\":\"fw2\",\"@id\":\"https:\/\/lappis.org.br\/site\/#\/schema\/person\/3852381d08284b5e2716b20bd89bdbcf\"},\"headline\":\"CONHE\u00c7A OS FINALISTAS DO CONCURSO CULTURAL\",\"datePublished\":\"2013-10-17T21:18:23+00:00\",\"mainEntityOfPage\":{\"@id\":\"https:\/\/lappis.org.br\/site\/conheca-os-finalistas-do-concurso-cultural-sp-1943350228\/2115\"},\"wordCount\":353,\"commentCount\":0,\"publisher\":{\"@id\":\"https:\/\/lappis.org.br\/site\/#organization\"},\"image\":{\"@id\":\"https:\/\/lappis.org.br\/site\/conheca-os-finalistas-do-concurso-cultural-sp-1943350228\/2115#primaryimage\"},\"thumbnailUrl\":\"https:\/\/lappis.org.br\/site\/wp-content\/uploads\/2013\/10\/selohumanizasus10anos.jpg\",\"articleSection\":[\"Not\u00edcia\"],\"inLanguage\":\"pt-BR\",\"potentialAction\":[{\"@type\":\"CommentAction\",\"name\":\"Comment\",\"target\":[\"https:\/\/lappis.org.br\/site\/conheca-os-finalistas-do-concurso-cultural-sp-1943350228\/2115#respond\"]}]},{\"@type\":\"WebPage\",\"@id\":\"https:\/\/lappis.org.br\/site\/conheca-os-finalistas-do-concurso-cultural-sp-1943350228\/2115\",\"url\":\"https:\/\/lappis.org.br\/site\/conheca-os-finalistas-do-concurso-cultural-sp-1943350228\/2115\",\"name\":\"CONHE\u00c7A OS FINALISTAS DO CONCURSO CULTURAL - Lappis 25 anos\",\"isPartOf\":{\"@id\":\"https:\/\/lappis.org.br\/site\/#website\"},\"primaryImageOfPage\":{\"@id\":\"https:\/\/lappis.org.br\/site\/conheca-os-finalistas-do-concurso-cultural-sp-1943350228\/2115#primaryimage\"},\"image\":{\"@id\":\"https:\/\/lappis.org.br\/site\/conheca-os-finalistas-do-concurso-cultural-sp-1943350228\/2115#primaryimage\"},\"thumbnailUrl\":\"https:\/\/lappis.org.br\/site\/wp-content\/uploads\/2013\/10\/selohumanizasus10anos.jpg\",\"datePublished\":\"2013-10-17T21:18:23+00:00\",\"breadcrumb\":{\"@id\":\"https:\/\/lappis.org.br\/site\/conheca-os-finalistas-do-concurso-cultural-sp-1943350228\/2115#breadcrumb\"},\"inLanguage\":\"pt-BR\",\"potentialAction\":[{\"@type\":\"ReadAction\",\"target\":[\"https:\/\/lappis.org.br\/site\/conheca-os-finalistas-do-concurso-cultural-sp-1943350228\/2115\"]}]},{\"@type\":\"ImageObject\",\"inLanguage\":\"pt-BR\",\"@id\":\"https:\/\/lappis.org.br\/site\/conheca-os-finalistas-do-concurso-cultural-sp-1943350228\/2115#primaryimage\",\"url\":\"https:\/\/lappis.org.br\/site\/wp-content\/uploads\/2013\/10\/selohumanizasus10anos.jpg\",\"contentUrl\":\"https:\/\/lappis.org.br\/site\/wp-content\/uploads\/2013\/10\/selohumanizasus10anos.jpg\",\"width\":700,\"height\":350,\"caption\":\"alt\"},{\"@type\":\"BreadcrumbList\",\"@id\":\"https:\/\/lappis.org.br\/site\/conheca-os-finalistas-do-concurso-cultural-sp-1943350228\/2115#breadcrumb\",\"itemListElement\":[{\"@type\":\"ListItem\",\"position\":1,\"name\":\"In\u00edcio\",\"item\":\"https:\/\/lappis.org.br\/site\/\"},{\"@type\":\"ListItem\",\"position\":2,\"name\":\"CONHE\u00c7A OS FINALISTAS DO CONCURSO CULTURAL\"}]},{\"@type\":\"WebSite\",\"@id\":\"https:\/\/lappis.org.br\/site\/#website\",\"url\":\"https:\/\/lappis.org.br\/site\/\",\"name\":\"Lappis 25 anos\",\"description\":\"Labotat\u00f3rio de Pesquisas sobre Pr\u00e1ticas de Integralidade em Sa\u00fade\",\"publisher\":{\"@id\":\"https:\/\/lappis.org.br\/site\/#organization\"},\"potentialAction\":[{\"@type\":\"SearchAction\",\"target\":{\"@type\":\"EntryPoint\",\"urlTemplate\":\"https:\/\/lappis.org.br\/site\/?s={search_term_string}\"},\"query-input\":{\"@type\":\"PropertyValueSpecification\",\"valueRequired\":true,\"valueName\":\"search_term_string\"}}],\"inLanguage\":\"pt-BR\"},{\"@type\":\"Organization\",\"@id\":\"https:\/\/lappis.org.br\/site\/#organization\",\"name\":\"Lappis 25 anos\",\"url\":\"https:\/\/lappis.org.br\/site\/\",\"logo\":{\"@type\":\"ImageObject\",\"inLanguage\":\"pt-BR\",\"@id\":\"https:\/\/lappis.org.br\/site\/#\/schema\/logo\/image\/\",\"url\":\"https:\/\/lappis.org.br\/site\/wp-content\/uploads\/2025\/03\/logo-lappis25anos.png\",\"contentUrl\":\"https:\/\/lappis.org.br\/site\/wp-content\/uploads\/2025\/03\/logo-lappis25anos.png\",\"width\":388,\"height\":146,\"caption\":\"Lappis 25 anos\"},\"image\":{\"@id\":\"https:\/\/lappis.org.br\/site\/#\/schema\/logo\/image\/\"}},{\"@type\":\"Person\",\"@id\":\"https:\/\/lappis.org.br\/site\/#\/schema\/person\/3852381d08284b5e2716b20bd89bdbcf\",\"name\":\"fw2\",\"image\":{\"@type\":\"ImageObject\",\"inLanguage\":\"pt-BR\",\"@id\":\"https:\/\/lappis.org.br\/site\/#\/schema\/person\/image\/\",\"url\":\"https:\/\/secure.gravatar.com\/avatar\/c38472c0cdbde82d9b6fcc26adb3779d?s=96&d=mm&r=g\",\"contentUrl\":\"https:\/\/secure.gravatar.com\/avatar\/c38472c0cdbde82d9b6fcc26adb3779d?s=96&d=mm&r=g\",\"caption\":\"fw2\"},\"url\":\"https:\/\/lappis.org.br\/site\/author\/fw2\"}]}<\/script>\n<!-- \/ Yoast SEO plugin. -->","yoast_head_json":{"title":"CONHE\u00c7A OS FINALISTAS DO CONCURSO CULTURAL - Lappis 25 anos","robots":{"index":"index","follow":"follow","max-snippet":"max-snippet:-1","max-image-preview":"max-image-preview:large","max-video-preview":"max-video-preview:-1"},"canonical":"https:\/\/lappis.org.br\/site\/conheca-os-finalistas-do-concurso-cultural-sp-1943350228\/2115","og_locale":"pt_BR","og_type":"article","og_title":"CONHE\u00c7A OS FINALISTAS DO CONCURSO CULTURAL - Lappis 25 anos","og_description":"Iniciativa buscou experi\u00eancias de humaniza\u00e7\u00e3o em todo o pa\u00eds. [...]","og_url":"https:\/\/lappis.org.br\/site\/conheca-os-finalistas-do-concurso-cultural-sp-1943350228\/2115","og_site_name":"Lappis 25 anos","article_published_time":"2013-10-17T21:18:23+00:00","og_image":[{"width":700,"height":350,"url":"https:\/\/lappis.org.br\/site\/wp-content\/uploads\/2013\/10\/selohumanizasus10anos.jpg","type":"image\/jpeg"}],"author":"fw2","twitter_card":"summary_large_image","twitter_misc":{"Escrito por":"fw2","Est. tempo de leitura":"2 minutos"},"schema":{"@context":"https:\/\/schema.org","@graph":[{"@type":"Article","@id":"https:\/\/lappis.org.br\/site\/conheca-os-finalistas-do-concurso-cultural-sp-1943350228\/2115#article","isPartOf":{"@id":"https:\/\/lappis.org.br\/site\/conheca-os-finalistas-do-concurso-cultural-sp-1943350228\/2115"},"author":{"name":"fw2","@id":"https:\/\/lappis.org.br\/site\/#\/schema\/person\/3852381d08284b5e2716b20bd89bdbcf"},"headline":"CONHE\u00c7A OS FINALISTAS DO CONCURSO CULTURAL","datePublished":"2013-10-17T21:18:23+00:00","mainEntityOfPage":{"@id":"https:\/\/lappis.org.br\/site\/conheca-os-finalistas-do-concurso-cultural-sp-1943350228\/2115"},"wordCount":353,"commentCount":0,"publisher":{"@id":"https:\/\/lappis.org.br\/site\/#organization"},"image":{"@id":"https:\/\/lappis.org.br\/site\/conheca-os-finalistas-do-concurso-cultural-sp-1943350228\/2115#primaryimage"},"thumbnailUrl":"https:\/\/lappis.org.br\/site\/wp-content\/uploads\/2013\/10\/selohumanizasus10anos.jpg","articleSection":["Not\u00edcia"],"inLanguage":"pt-BR","potentialAction":[{"@type":"CommentAction","name":"Comment","target":["https:\/\/lappis.org.br\/site\/conheca-os-finalistas-do-concurso-cultural-sp-1943350228\/2115#respond"]}]},{"@type":"WebPage","@id":"https:\/\/lappis.org.br\/site\/conheca-os-finalistas-do-concurso-cultural-sp-1943350228\/2115","url":"https:\/\/lappis.org.br\/site\/conheca-os-finalistas-do-concurso-cultural-sp-1943350228\/2115","name":"CONHE\u00c7A OS FINALISTAS DO CONCURSO CULTURAL - Lappis 25 anos","isPartOf":{"@id":"https:\/\/lappis.org.br\/site\/#website"},"primaryImageOfPage":{"@id":"https:\/\/lappis.org.br\/site\/conheca-os-finalistas-do-concurso-cultural-sp-1943350228\/2115#primaryimage"},"image":{"@id":"https:\/\/lappis.org.br\/site\/conheca-os-finalistas-do-concurso-cultural-sp-1943350228\/2115#primaryimage"},"thumbnailUrl":"https:\/\/lappis.org.br\/site\/wp-content\/uploads\/2013\/10\/selohumanizasus10anos.jpg","datePublished":"2013-10-17T21:18:23+00:00","breadcrumb":{"@id":"https:\/\/lappis.org.br\/site\/conheca-os-finalistas-do-concurso-cultural-sp-1943350228\/2115#breadcrumb"},"inLanguage":"pt-BR","potentialAction":[{"@type":"ReadAction","target":["https:\/\/lappis.org.br\/site\/conheca-os-finalistas-do-concurso-cultural-sp-1943350228\/2115"]}]},{"@type":"ImageObject","inLanguage":"pt-BR","@id":"https:\/\/lappis.org.br\/site\/conheca-os-finalistas-do-concurso-cultural-sp-1943350228\/2115#primaryimage","url":"https:\/\/lappis.org.br\/site\/wp-content\/uploads\/2013\/10\/selohumanizasus10anos.jpg","contentUrl":"https:\/\/lappis.org.br\/site\/wp-content\/uploads\/2013\/10\/selohumanizasus10anos.jpg","width":700,"height":350,"caption":"alt"},{"@type":"BreadcrumbList","@id":"https:\/\/lappis.org.br\/site\/conheca-os-finalistas-do-concurso-cultural-sp-1943350228\/2115#breadcrumb","itemListElement":[{"@type":"ListItem","position":1,"name":"In\u00edcio","item":"https:\/\/lappis.org.br\/site\/"},{"@type":"ListItem","position":2,"name":"CONHE\u00c7A OS FINALISTAS DO CONCURSO CULTURAL"}]},{"@type":"WebSite","@id":"https:\/\/lappis.org.br\/site\/#website","url":"https:\/\/lappis.org.br\/site\/","name":"Lappis 25 anos","description":"Labotat\u00f3rio de Pesquisas sobre Pr\u00e1ticas de Integralidade em Sa\u00fade","publisher":{"@id":"https:\/\/lappis.org.br\/site\/#organization"},"potentialAction":[{"@type":"SearchAction","target":{"@type":"EntryPoint","urlTemplate":"https:\/\/lappis.org.br\/site\/?s={search_term_string}"},"query-input":{"@type":"PropertyValueSpecification","valueRequired":true,"valueName":"search_term_string"}}],"inLanguage":"pt-BR"},{"@type":"Organization","@id":"https:\/\/lappis.org.br\/site\/#organization","name":"Lappis 25 anos","url":"https:\/\/lappis.org.br\/site\/","logo":{"@type":"ImageObject","inLanguage":"pt-BR","@id":"https:\/\/lappis.org.br\/site\/#\/schema\/logo\/image\/","url":"https:\/\/lappis.org.br\/site\/wp-content\/uploads\/2025\/03\/logo-lappis25anos.png","contentUrl":"https:\/\/lappis.org.br\/site\/wp-content\/uploads\/2025\/03\/logo-lappis25anos.png","width":388,"height":146,"caption":"Lappis 25 anos"},"image":{"@id":"https:\/\/lappis.org.br\/site\/#\/schema\/logo\/image\/"}},{"@type":"Person","@id":"https:\/\/lappis.org.br\/site\/#\/schema\/person\/3852381d08284b5e2716b20bd89bdbcf","name":"fw2","image":{"@type":"ImageObject","inLanguage":"pt-BR","@id":"https:\/\/lappis.org.br\/site\/#\/schema\/person\/image\/","url":"https:\/\/secure.gravatar.com\/avatar\/c38472c0cdbde82d9b6fcc26adb3779d?s=96&d=mm&r=g","contentUrl":"https:\/\/secure.gravatar.com\/avatar\/c38472c0cdbde82d9b6fcc26adb3779d?s=96&d=mm&r=g","caption":"fw2"},"url":"https:\/\/lappis.org.br\/site\/author\/fw2"}]}},"jetpack_featured_media_url":"https:\/\/lappis.org.br\/site\/wp-content\/uploads\/2013\/10\/selohumanizasus10anos.jpg","jetpack_shortlink":"https:\/\/wp.me\/p954Nh-y7","jetpack_sharing_enabled":true,"_links":{"self":[{"href":"https:\/\/lappis.org.br\/site\/wp-json\/wp\/v2\/posts\/2115"}],"collection":[{"href":"https:\/\/lappis.org.br\/site\/wp-json\/wp\/v2\/posts"}],"about":[{"href":"https:\/\/lappis.org.br\/site\/wp-json\/wp\/v2\/types\/post"}],"author":[{"embeddable":true,"href":"https:\/\/lappis.org.br\/site\/wp-json\/wp\/v2\/users\/1"}],"replies":[{"embeddable":true,"href":"https:\/\/lappis.org.br\/site\/wp-json\/wp\/v2\/comments?post=2115"}],"version-history":[{"count":0,"href":"https:\/\/lappis.org.br\/site\/wp-json\/wp\/v2\/posts\/2115\/revisions"}],"wp:featuredmedia":[{"embeddable":true,"href":"https:\/\/lappis.org.br\/site\/wp-json\/wp\/v2\/media\/2113"}],"wp:attachment":[{"href":"https:\/\/lappis.org.br\/site\/wp-json\/wp\/v2\/media?parent=2115"}],"wp:term":[{"taxonomy":"category","embeddable":true,"href":"https:\/\/lappis.org.br\/site\/wp-json\/wp\/v2\/categories?post=2115"},{"taxonomy":"post_tag","embeddable":true,"href":"https:\/\/lappis.org.br\/site\/wp-json\/wp\/v2\/tags?post=2115"}],"curies":[{"name":"wp","href":"https:\/\/api.w.org\/{rel}","templated":true}]}}