{"id":2112,"date":"2013-10-17T17:33:37","date_gmt":"2013-10-17T20:33:37","guid":{"rendered":"http:\/\/lappis.org.br\/site\/2013\/10\/17\/convocatoria-para-apresentacao-de-experiencias-de-efetivacao-do-direito-a-saude-pelo-poder-judiciario\/"},"modified":"2013-10-17T17:33:37","modified_gmt":"2013-10-17T20:33:37","slug":"convocatoria-para-apresentacao-de-experiencias-de-efetivacao-do-direito-a-saude-pelo-poder-judiciario","status":"publish","type":"post","link":"https:\/\/lappis.org.br\/site\/convocatoria-para-apresentacao-de-experiencias-de-efetivacao-do-direito-a-saude-pelo-poder-judiciario\/2112","title":{"rendered":"CONVOCAT\u00d3RIA PARA APRESENTA\u00c7\u00c3O DE EXPERI\u00caNCIAS DE EFETIVA\u00c7\u00c3O"},"content":{"rendered":"<p style=\"text-align: justify;\"> \t<img fetchpriority=\"high\" decoding=\"async\" data-attachment-id=\"2111\" data-permalink=\"https:\/\/lappis.org.br\/site\/convocatoria-para-apresentacao-de-experiencias-de-efetivacao-do-direito-a-saude-pelo-poder-judiciario\/2112\/attachment-alt-141\" data-orig-file=\"https:\/\/lappis.org.br\/site\/wp-content\/uploads\/2013\/10\/convocatoria.jpg\" data-orig-size=\"420,227\" data-comments-opened=\"1\" data-image-meta=\"{&quot;aperture&quot;:&quot;0&quot;,&quot;credit&quot;:&quot;&quot;,&quot;camera&quot;:&quot;&quot;,&quot;caption&quot;:&quot;&quot;,&quot;created_timestamp&quot;:&quot;0&quot;,&quot;copyright&quot;:&quot;&quot;,&quot;focal_length&quot;:&quot;0&quot;,&quot;iso&quot;:&quot;0&quot;,&quot;shutter_speed&quot;:&quot;0&quot;,&quot;title&quot;:&quot;&quot;,&quot;orientation&quot;:&quot;0&quot;}\" data-image-title=\"alt\" data-image-description=\"\" data-image-caption=\"\" data-medium-file=\"https:\/\/lappis.org.br\/site\/wp-content\/uploads\/2013\/10\/convocatoria-300x162.jpg\" data-large-file=\"https:\/\/lappis.org.br\/site\/wp-content\/uploads\/2013\/10\/convocatoria.jpg\" class=\" alignleft size-full wp-image-2111\" alt=\"alt\" src=\"http:\/\/lappis.org.br\/site\/wp-content\/uploads\/2013\/10\/convocatoria.jpg\" style=\"float: left; margin: 10px;\" width=\"420\" height=\"227\" srcset=\"https:\/\/lappis.org.br\/site\/wp-content\/uploads\/2013\/10\/convocatoria.jpg 420w, https:\/\/lappis.org.br\/site\/wp-content\/uploads\/2013\/10\/convocatoria-300x162.jpg 300w\" sizes=\"(max-width: 420px) 100vw, 420px\" \/>O Laborat\u00f3rio de Pesquisas sobre Pr\u00e1ticas de Integralidade em Sa\u00fade (Lappis) e o Conselho Nacional de Justi\u00e7a (CNJ) convocam membros do Poder Judici\u00e1rio a apresentarem experi\u00eancias de efetiva\u00e7\u00e3o do direito \u00e0 sa\u00fade na dimens\u00e3o publica ou suplementar (ou ambas), no per\u00edodo de 17 de outubro a 17 de novembro.<\/p>\n<p> \tA convocat\u00f3ria se insere no projeto de pesquisa &ldquo;Estudo multic\u00eantrico sobre as rela\u00e7\u00f5es entre Sociedade, Gest\u00e3o e Judici\u00e1rio na efetiva\u00e7\u00e3o do direito \u00e0 sa\u00fade&rdquo;, desenvolvida pelo Lappis, com apoio do CNJ. Ela busca mobilizar as experi\u00eancias de efetiva\u00e7\u00e3o do direito \u00e0 sa\u00fade do Poder Judici\u00e1rio destinadas \u00e0 melhoria dos processos de gest\u00e3o, trabalho e forma\u00e7\u00e3o na rela\u00e7\u00e3o entre oferta e demanda por cuidado em sa\u00fade, com vistas a conhec\u00ea-las, sistematiz\u00e1-las e promover sua divulga\u00e7\u00e3o.<\/p>\n<p> \tOs interessados em participar devem enviar seus relatos (de acordo com o formul\u00e1rio\u00a0 espec\u00edfico apresentado no\u00a0<strong>Anexos I\u00a0<\/strong>da Convocat\u00f3ria)<strong>,\u00a0<\/strong>e o termo de compromisso (<strong>Anexos II\u00a0<\/strong>da Convocat\u00f3ria) devidamente assinado,\u00a0 para o endere\u00e7o eletr\u00f4nico\u00a0<a href=\"mailto:pesquisadireitoasaude@lappis.org.br\" target=\"_blank\">pesquisadireitoasaude@lappis.org.br<\/a>. \u00a0A inscri\u00e7\u00e3o ser\u00e1 confirmada tamb\u00e9m por e-mail em at\u00e9 3 (tr\u00eas) dias. As experi\u00eancias relatadas ser\u00e3o analisadas em um prazo de 20 dias ap\u00f3s a data limite da inscri\u00e7\u00e3o.<\/p>\n<p> \tSer\u00e3o selecionadas 5 (cinco) experi\u00eancias para a pesquisa de campo, contemplando as cinco regi\u00f5es do pa\u00eds e os eixos de sa\u00fade p\u00fablica e de sa\u00fade suplementar.\u00a0 Entre janeiro e mar\u00e7o de 2014, pesquisadores do Lappis visitar\u00e3o as experi\u00eancias selecionadas para a realiza\u00e7\u00e3o do trabalho de campo, no qual ser\u00e3o utilizadas t\u00e9cnicas de coleta, registro e an\u00e1lise de dados qualitativos e quantitativos.<\/p>\n<p> \tPara outras informa\u00e7\u00f5es e detalhes da sele\u00e7\u00e3o, leia a Convocat\u00f3ria para apresenta\u00e7\u00e3o de experi\u00eancias de efetiva\u00e7\u00e3o do direito \u00e0 sa\u00fade pelo Poder Judici\u00e1rio,\u00a0<strong><a href=\"http:\/\/www.lappis.org.br\/site\/noticias\/biblioteca-de-downloads\/finish\/4-publicacoes-lappis\/39-convocatoria-para-apresentacao-de-experiencias-de-efetivacao-do-direito-a-saude-pelo-poder-judiciario.html\" target=\"_blank\">clicando aqui.<\/a><\/strong><br \/> \t\u00a0<br \/> \t\u00a0<br \/> \t\u00a0<\/p>\n","protected":false},"excerpt":{"rendered":"<div class=\"mh-excerpt\"><p>O Laborat\u00f3rio de Pesquisas sobre Pr\u00e1ticas de Integralidade em Sa\u00fade (Lappis) e o Conselho Nacional de Justi\u00e7a (CNJ) convocam membros do Poder Judici\u00e1rio a apresentarem experi\u00eancias de efetiva\u00e7\u00e3o do direito \u00e0 sa\u00fade na dimens\u00e3o publica <a class=\"mh-excerpt-more\" href=\"https:\/\/lappis.org.br\/site\/convocatoria-para-apresentacao-de-experiencias-de-efetivacao-do-direito-a-saude-pelo-poder-judiciario\/2112\" title=\"CONVOCAT\u00d3RIA PARA APRESENTA\u00c7\u00c3O DE EXPERI\u00caNCIAS DE EFETIVA\u00c7\u00c3O\">[&#8230;]<\/a><\/p>\n<\/div>","protected":false},"author":1,"featured_media":2110,"comment_status":"open","ping_status":"open","sticky":false,"template":"","format":"standard","meta":{"_acf_changed":false,"_exactmetrics_skip_tracking":false,"_exactmetrics_sitenote_active":false,"_exactmetrics_sitenote_note":"","_exactmetrics_sitenote_category":0,"jetpack_post_was_ever_published":false,"_jetpack_newsletter_access":"","_jetpack_dont_email_post_to_subs":false,"_jetpack_newsletter_tier_id":0,"_jetpack_memberships_contains_paywalled_content":false,"_jetpack_memberships_contains_paid_content":false,"footnotes":"","jetpack_publicize_message":"","jetpack_publicize_feature_enabled":true,"jetpack_social_post_already_shared":false,"jetpack_social_options":{"image_generator_settings":{"template":"highway","enabled":false},"version":2}},"categories":[8],"tags":[],"class_list":{"0":"post-2112","1":"post","2":"type-post","3":"status-publish","4":"format-standard","5":"has-post-thumbnail","7":"category-noticia"},"jetpack_publicize_connections":[],"acf":[],"yoast_head":"<!-- This site is optimized with the Yoast SEO plugin v25.2 - https:\/\/yoast.com\/wordpress\/plugins\/seo\/ -->\n<title>CONVOCAT\u00d3RIA PARA APRESENTA\u00c7\u00c3O DE EXPERI\u00caNCIAS DE EFETIVA\u00c7\u00c3O - Lappis 25 anos<\/title>\n<meta name=\"robots\" content=\"index, follow, max-snippet:-1, max-image-preview:large, max-video-preview:-1\" \/>\n<link rel=\"canonical\" href=\"https:\/\/lappis.org.br\/site\/convocatoria-para-apresentacao-de-experiencias-de-efetivacao-do-direito-a-saude-pelo-poder-judiciario\/2112\" \/>\n<meta property=\"og:locale\" content=\"pt_BR\" \/>\n<meta property=\"og:type\" content=\"article\" \/>\n<meta property=\"og:title\" content=\"CONVOCAT\u00d3RIA PARA APRESENTA\u00c7\u00c3O DE EXPERI\u00caNCIAS DE EFETIVA\u00c7\u00c3O - Lappis 25 anos\" \/>\n<meta property=\"og:description\" content=\"O Laborat\u00f3rio de Pesquisas sobre Pr\u00e1ticas de Integralidade em Sa\u00fade (Lappis) e o Conselho Nacional de Justi\u00e7a (CNJ) convocam membros do Poder Judici\u00e1rio a apresentarem experi\u00eancias de efetiva\u00e7\u00e3o do direito \u00e0 sa\u00fade na dimens\u00e3o publica [...]\" \/>\n<meta property=\"og:url\" content=\"https:\/\/lappis.org.br\/site\/convocatoria-para-apresentacao-de-experiencias-de-efetivacao-do-direito-a-saude-pelo-poder-judiciario\/2112\" \/>\n<meta property=\"og:site_name\" content=\"Lappis 25 anos\" \/>\n<meta property=\"article:published_time\" content=\"2013-10-17T20:33:37+00:00\" \/>\n<meta property=\"og:image\" content=\"https:\/\/lappis.org.br\/site\/wp-content\/uploads\/2013\/10\/convocatoria.jpg\" \/>\n\t<meta property=\"og:image:width\" content=\"420\" \/>\n\t<meta property=\"og:image:height\" content=\"227\" \/>\n\t<meta property=\"og:image:type\" content=\"image\/jpeg\" \/>\n<meta name=\"author\" content=\"fw2\" \/>\n<meta name=\"twitter:card\" content=\"summary_large_image\" \/>\n<meta name=\"twitter:label1\" content=\"Escrito por\" \/>\n\t<meta name=\"twitter:data1\" content=\"fw2\" \/>\n\t<meta name=\"twitter:label2\" content=\"Est. tempo de leitura\" \/>\n\t<meta name=\"twitter:data2\" content=\"2 minutos\" \/>\n<script type=\"application\/ld+json\" class=\"yoast-schema-graph\">{\"@context\":\"https:\/\/schema.org\",\"@graph\":[{\"@type\":\"Article\",\"@id\":\"https:\/\/lappis.org.br\/site\/convocatoria-para-apresentacao-de-experiencias-de-efetivacao-do-direito-a-saude-pelo-poder-judiciario\/2112#article\",\"isPartOf\":{\"@id\":\"https:\/\/lappis.org.br\/site\/convocatoria-para-apresentacao-de-experiencias-de-efetivacao-do-direito-a-saude-pelo-poder-judiciario\/2112\"},\"author\":{\"name\":\"fw2\",\"@id\":\"https:\/\/lappis.org.br\/site\/#\/schema\/person\/3852381d08284b5e2716b20bd89bdbcf\"},\"headline\":\"CONVOCAT\u00d3RIA PARA APRESENTA\u00c7\u00c3O DE EXPERI\u00caNCIAS DE EFETIVA\u00c7\u00c3O\",\"datePublished\":\"2013-10-17T20:33:37+00:00\",\"mainEntityOfPage\":{\"@id\":\"https:\/\/lappis.org.br\/site\/convocatoria-para-apresentacao-de-experiencias-de-efetivacao-do-direito-a-saude-pelo-poder-judiciario\/2112\"},\"wordCount\":342,\"commentCount\":0,\"publisher\":{\"@id\":\"https:\/\/lappis.org.br\/site\/#organization\"},\"image\":{\"@id\":\"https:\/\/lappis.org.br\/site\/convocatoria-para-apresentacao-de-experiencias-de-efetivacao-do-direito-a-saude-pelo-poder-judiciario\/2112#primaryimage\"},\"thumbnailUrl\":\"https:\/\/lappis.org.br\/site\/wp-content\/uploads\/2013\/10\/convocatoria.jpg\",\"articleSection\":[\"Not\u00edcia\"],\"inLanguage\":\"pt-BR\",\"potentialAction\":[{\"@type\":\"CommentAction\",\"name\":\"Comment\",\"target\":[\"https:\/\/lappis.org.br\/site\/convocatoria-para-apresentacao-de-experiencias-de-efetivacao-do-direito-a-saude-pelo-poder-judiciario\/2112#respond\"]}]},{\"@type\":\"WebPage\",\"@id\":\"https:\/\/lappis.org.br\/site\/convocatoria-para-apresentacao-de-experiencias-de-efetivacao-do-direito-a-saude-pelo-poder-judiciario\/2112\",\"url\":\"https:\/\/lappis.org.br\/site\/convocatoria-para-apresentacao-de-experiencias-de-efetivacao-do-direito-a-saude-pelo-poder-judiciario\/2112\",\"name\":\"CONVOCAT\u00d3RIA PARA APRESENTA\u00c7\u00c3O DE EXPERI\u00caNCIAS DE EFETIVA\u00c7\u00c3O - Lappis 25 anos\",\"isPartOf\":{\"@id\":\"https:\/\/lappis.org.br\/site\/#website\"},\"primaryImageOfPage\":{\"@id\":\"https:\/\/lappis.org.br\/site\/convocatoria-para-apresentacao-de-experiencias-de-efetivacao-do-direito-a-saude-pelo-poder-judiciario\/2112#primaryimage\"},\"image\":{\"@id\":\"https:\/\/lappis.org.br\/site\/convocatoria-para-apresentacao-de-experiencias-de-efetivacao-do-direito-a-saude-pelo-poder-judiciario\/2112#primaryimage\"},\"thumbnailUrl\":\"https:\/\/lappis.org.br\/site\/wp-content\/uploads\/2013\/10\/convocatoria.jpg\",\"datePublished\":\"2013-10-17T20:33:37+00:00\",\"breadcrumb\":{\"@id\":\"https:\/\/lappis.org.br\/site\/convocatoria-para-apresentacao-de-experiencias-de-efetivacao-do-direito-a-saude-pelo-poder-judiciario\/2112#breadcrumb\"},\"inLanguage\":\"pt-BR\",\"potentialAction\":[{\"@type\":\"ReadAction\",\"target\":[\"https:\/\/lappis.org.br\/site\/convocatoria-para-apresentacao-de-experiencias-de-efetivacao-do-direito-a-saude-pelo-poder-judiciario\/2112\"]}]},{\"@type\":\"ImageObject\",\"inLanguage\":\"pt-BR\",\"@id\":\"https:\/\/lappis.org.br\/site\/convocatoria-para-apresentacao-de-experiencias-de-efetivacao-do-direito-a-saude-pelo-poder-judiciario\/2112#primaryimage\",\"url\":\"https:\/\/lappis.org.br\/site\/wp-content\/uploads\/2013\/10\/convocatoria.jpg\",\"contentUrl\":\"https:\/\/lappis.org.br\/site\/wp-content\/uploads\/2013\/10\/convocatoria.jpg\",\"width\":420,\"height\":227,\"caption\":\"alt\"},{\"@type\":\"BreadcrumbList\",\"@id\":\"https:\/\/lappis.org.br\/site\/convocatoria-para-apresentacao-de-experiencias-de-efetivacao-do-direito-a-saude-pelo-poder-judiciario\/2112#breadcrumb\",\"itemListElement\":[{\"@type\":\"ListItem\",\"position\":1,\"name\":\"In\u00edcio\",\"item\":\"https:\/\/lappis.org.br\/site\/\"},{\"@type\":\"ListItem\",\"position\":2,\"name\":\"CONVOCAT\u00d3RIA PARA APRESENTA\u00c7\u00c3O DE EXPERI\u00caNCIAS DE EFETIVA\u00c7\u00c3O\"}]},{\"@type\":\"WebSite\",\"@id\":\"https:\/\/lappis.org.br\/site\/#website\",\"url\":\"https:\/\/lappis.org.br\/site\/\",\"name\":\"Lappis 25 anos\",\"description\":\"Labotat\u00f3rio de Pesquisas sobre Pr\u00e1ticas de Integralidade em Sa\u00fade\",\"publisher\":{\"@id\":\"https:\/\/lappis.org.br\/site\/#organization\"},\"potentialAction\":[{\"@type\":\"SearchAction\",\"target\":{\"@type\":\"EntryPoint\",\"urlTemplate\":\"https:\/\/lappis.org.br\/site\/?s={search_term_string}\"},\"query-input\":{\"@type\":\"PropertyValueSpecification\",\"valueRequired\":true,\"valueName\":\"search_term_string\"}}],\"inLanguage\":\"pt-BR\"},{\"@type\":\"Organization\",\"@id\":\"https:\/\/lappis.org.br\/site\/#organization\",\"name\":\"Lappis 25 anos\",\"url\":\"https:\/\/lappis.org.br\/site\/\",\"logo\":{\"@type\":\"ImageObject\",\"inLanguage\":\"pt-BR\",\"@id\":\"https:\/\/lappis.org.br\/site\/#\/schema\/logo\/image\/\",\"url\":\"https:\/\/lappis.org.br\/site\/wp-content\/uploads\/2025\/03\/logo-lappis25anos.png\",\"contentUrl\":\"https:\/\/lappis.org.br\/site\/wp-content\/uploads\/2025\/03\/logo-lappis25anos.png\",\"width\":388,\"height\":146,\"caption\":\"Lappis 25 anos\"},\"image\":{\"@id\":\"https:\/\/lappis.org.br\/site\/#\/schema\/logo\/image\/\"}},{\"@type\":\"Person\",\"@id\":\"https:\/\/lappis.org.br\/site\/#\/schema\/person\/3852381d08284b5e2716b20bd89bdbcf\",\"name\":\"fw2\",\"image\":{\"@type\":\"ImageObject\",\"inLanguage\":\"pt-BR\",\"@id\":\"https:\/\/lappis.org.br\/site\/#\/schema\/person\/image\/\",\"url\":\"https:\/\/secure.gravatar.com\/avatar\/c38472c0cdbde82d9b6fcc26adb3779d?s=96&d=mm&r=g\",\"contentUrl\":\"https:\/\/secure.gravatar.com\/avatar\/c38472c0cdbde82d9b6fcc26adb3779d?s=96&d=mm&r=g\",\"caption\":\"fw2\"},\"url\":\"https:\/\/lappis.org.br\/site\/author\/fw2\"}]}<\/script>\n<!-- \/ Yoast SEO plugin. -->","yoast_head_json":{"title":"CONVOCAT\u00d3RIA PARA APRESENTA\u00c7\u00c3O DE EXPERI\u00caNCIAS DE EFETIVA\u00c7\u00c3O - Lappis 25 anos","robots":{"index":"index","follow":"follow","max-snippet":"max-snippet:-1","max-image-preview":"max-image-preview:large","max-video-preview":"max-video-preview:-1"},"canonical":"https:\/\/lappis.org.br\/site\/convocatoria-para-apresentacao-de-experiencias-de-efetivacao-do-direito-a-saude-pelo-poder-judiciario\/2112","og_locale":"pt_BR","og_type":"article","og_title":"CONVOCAT\u00d3RIA PARA APRESENTA\u00c7\u00c3O DE EXPERI\u00caNCIAS DE EFETIVA\u00c7\u00c3O - Lappis 25 anos","og_description":"O Laborat\u00f3rio de Pesquisas sobre Pr\u00e1ticas de Integralidade em Sa\u00fade (Lappis) e o Conselho Nacional de Justi\u00e7a (CNJ) convocam membros do Poder Judici\u00e1rio a apresentarem experi\u00eancias de efetiva\u00e7\u00e3o do direito \u00e0 sa\u00fade na dimens\u00e3o publica [...]","og_url":"https:\/\/lappis.org.br\/site\/convocatoria-para-apresentacao-de-experiencias-de-efetivacao-do-direito-a-saude-pelo-poder-judiciario\/2112","og_site_name":"Lappis 25 anos","article_published_time":"2013-10-17T20:33:37+00:00","og_image":[{"width":420,"height":227,"url":"https:\/\/lappis.org.br\/site\/wp-content\/uploads\/2013\/10\/convocatoria.jpg","type":"image\/jpeg"}],"author":"fw2","twitter_card":"summary_large_image","twitter_misc":{"Escrito por":"fw2","Est. tempo de leitura":"2 minutos"},"schema":{"@context":"https:\/\/schema.org","@graph":[{"@type":"Article","@id":"https:\/\/lappis.org.br\/site\/convocatoria-para-apresentacao-de-experiencias-de-efetivacao-do-direito-a-saude-pelo-poder-judiciario\/2112#article","isPartOf":{"@id":"https:\/\/lappis.org.br\/site\/convocatoria-para-apresentacao-de-experiencias-de-efetivacao-do-direito-a-saude-pelo-poder-judiciario\/2112"},"author":{"name":"fw2","@id":"https:\/\/lappis.org.br\/site\/#\/schema\/person\/3852381d08284b5e2716b20bd89bdbcf"},"headline":"CONVOCAT\u00d3RIA PARA APRESENTA\u00c7\u00c3O DE EXPERI\u00caNCIAS DE EFETIVA\u00c7\u00c3O","datePublished":"2013-10-17T20:33:37+00:00","mainEntityOfPage":{"@id":"https:\/\/lappis.org.br\/site\/convocatoria-para-apresentacao-de-experiencias-de-efetivacao-do-direito-a-saude-pelo-poder-judiciario\/2112"},"wordCount":342,"commentCount":0,"publisher":{"@id":"https:\/\/lappis.org.br\/site\/#organization"},"image":{"@id":"https:\/\/lappis.org.br\/site\/convocatoria-para-apresentacao-de-experiencias-de-efetivacao-do-direito-a-saude-pelo-poder-judiciario\/2112#primaryimage"},"thumbnailUrl":"https:\/\/lappis.org.br\/site\/wp-content\/uploads\/2013\/10\/convocatoria.jpg","articleSection":["Not\u00edcia"],"inLanguage":"pt-BR","potentialAction":[{"@type":"CommentAction","name":"Comment","target":["https:\/\/lappis.org.br\/site\/convocatoria-para-apresentacao-de-experiencias-de-efetivacao-do-direito-a-saude-pelo-poder-judiciario\/2112#respond"]}]},{"@type":"WebPage","@id":"https:\/\/lappis.org.br\/site\/convocatoria-para-apresentacao-de-experiencias-de-efetivacao-do-direito-a-saude-pelo-poder-judiciario\/2112","url":"https:\/\/lappis.org.br\/site\/convocatoria-para-apresentacao-de-experiencias-de-efetivacao-do-direito-a-saude-pelo-poder-judiciario\/2112","name":"CONVOCAT\u00d3RIA PARA APRESENTA\u00c7\u00c3O DE EXPERI\u00caNCIAS DE EFETIVA\u00c7\u00c3O - Lappis 25 anos","isPartOf":{"@id":"https:\/\/lappis.org.br\/site\/#website"},"primaryImageOfPage":{"@id":"https:\/\/lappis.org.br\/site\/convocatoria-para-apresentacao-de-experiencias-de-efetivacao-do-direito-a-saude-pelo-poder-judiciario\/2112#primaryimage"},"image":{"@id":"https:\/\/lappis.org.br\/site\/convocatoria-para-apresentacao-de-experiencias-de-efetivacao-do-direito-a-saude-pelo-poder-judiciario\/2112#primaryimage"},"thumbnailUrl":"https:\/\/lappis.org.br\/site\/wp-content\/uploads\/2013\/10\/convocatoria.jpg","datePublished":"2013-10-17T20:33:37+00:00","breadcrumb":{"@id":"https:\/\/lappis.org.br\/site\/convocatoria-para-apresentacao-de-experiencias-de-efetivacao-do-direito-a-saude-pelo-poder-judiciario\/2112#breadcrumb"},"inLanguage":"pt-BR","potentialAction":[{"@type":"ReadAction","target":["https:\/\/lappis.org.br\/site\/convocatoria-para-apresentacao-de-experiencias-de-efetivacao-do-direito-a-saude-pelo-poder-judiciario\/2112"]}]},{"@type":"ImageObject","inLanguage":"pt-BR","@id":"https:\/\/lappis.org.br\/site\/convocatoria-para-apresentacao-de-experiencias-de-efetivacao-do-direito-a-saude-pelo-poder-judiciario\/2112#primaryimage","url":"https:\/\/lappis.org.br\/site\/wp-content\/uploads\/2013\/10\/convocatoria.jpg","contentUrl":"https:\/\/lappis.org.br\/site\/wp-content\/uploads\/2013\/10\/convocatoria.jpg","width":420,"height":227,"caption":"alt"},{"@type":"BreadcrumbList","@id":"https:\/\/lappis.org.br\/site\/convocatoria-para-apresentacao-de-experiencias-de-efetivacao-do-direito-a-saude-pelo-poder-judiciario\/2112#breadcrumb","itemListElement":[{"@type":"ListItem","position":1,"name":"In\u00edcio","item":"https:\/\/lappis.org.br\/site\/"},{"@type":"ListItem","position":2,"name":"CONVOCAT\u00d3RIA PARA APRESENTA\u00c7\u00c3O DE EXPERI\u00caNCIAS DE EFETIVA\u00c7\u00c3O"}]},{"@type":"WebSite","@id":"https:\/\/lappis.org.br\/site\/#website","url":"https:\/\/lappis.org.br\/site\/","name":"Lappis 25 anos","description":"Labotat\u00f3rio de Pesquisas sobre Pr\u00e1ticas de Integralidade em Sa\u00fade","publisher":{"@id":"https:\/\/lappis.org.br\/site\/#organization"},"potentialAction":[{"@type":"SearchAction","target":{"@type":"EntryPoint","urlTemplate":"https:\/\/lappis.org.br\/site\/?s={search_term_string}"},"query-input":{"@type":"PropertyValueSpecification","valueRequired":true,"valueName":"search_term_string"}}],"inLanguage":"pt-BR"},{"@type":"Organization","@id":"https:\/\/lappis.org.br\/site\/#organization","name":"Lappis 25 anos","url":"https:\/\/lappis.org.br\/site\/","logo":{"@type":"ImageObject","inLanguage":"pt-BR","@id":"https:\/\/lappis.org.br\/site\/#\/schema\/logo\/image\/","url":"https:\/\/lappis.org.br\/site\/wp-content\/uploads\/2025\/03\/logo-lappis25anos.png","contentUrl":"https:\/\/lappis.org.br\/site\/wp-content\/uploads\/2025\/03\/logo-lappis25anos.png","width":388,"height":146,"caption":"Lappis 25 anos"},"image":{"@id":"https:\/\/lappis.org.br\/site\/#\/schema\/logo\/image\/"}},{"@type":"Person","@id":"https:\/\/lappis.org.br\/site\/#\/schema\/person\/3852381d08284b5e2716b20bd89bdbcf","name":"fw2","image":{"@type":"ImageObject","inLanguage":"pt-BR","@id":"https:\/\/lappis.org.br\/site\/#\/schema\/person\/image\/","url":"https:\/\/secure.gravatar.com\/avatar\/c38472c0cdbde82d9b6fcc26adb3779d?s=96&d=mm&r=g","contentUrl":"https:\/\/secure.gravatar.com\/avatar\/c38472c0cdbde82d9b6fcc26adb3779d?s=96&d=mm&r=g","caption":"fw2"},"url":"https:\/\/lappis.org.br\/site\/author\/fw2"}]}},"jetpack_featured_media_url":"https:\/\/lappis.org.br\/site\/wp-content\/uploads\/2013\/10\/convocatoria.jpg","jetpack_shortlink":"https:\/\/wp.me\/p954Nh-y4","jetpack_sharing_enabled":true,"_links":{"self":[{"href":"https:\/\/lappis.org.br\/site\/wp-json\/wp\/v2\/posts\/2112"}],"collection":[{"href":"https:\/\/lappis.org.br\/site\/wp-json\/wp\/v2\/posts"}],"about":[{"href":"https:\/\/lappis.org.br\/site\/wp-json\/wp\/v2\/types\/post"}],"author":[{"embeddable":true,"href":"https:\/\/lappis.org.br\/site\/wp-json\/wp\/v2\/users\/1"}],"replies":[{"embeddable":true,"href":"https:\/\/lappis.org.br\/site\/wp-json\/wp\/v2\/comments?post=2112"}],"version-history":[{"count":0,"href":"https:\/\/lappis.org.br\/site\/wp-json\/wp\/v2\/posts\/2112\/revisions"}],"wp:featuredmedia":[{"embeddable":true,"href":"https:\/\/lappis.org.br\/site\/wp-json\/wp\/v2\/media\/2110"}],"wp:attachment":[{"href":"https:\/\/lappis.org.br\/site\/wp-json\/wp\/v2\/media?parent=2112"}],"wp:term":[{"taxonomy":"category","embeddable":true,"href":"https:\/\/lappis.org.br\/site\/wp-json\/wp\/v2\/categories?post=2112"},{"taxonomy":"post_tag","embeddable":true,"href":"https:\/\/lappis.org.br\/site\/wp-json\/wp\/v2\/tags?post=2112"}],"curies":[{"name":"wp","href":"https:\/\/api.w.org\/{rel}","templated":true}]}}