{"id":206,"date":"2011-07-26T17:11:30","date_gmt":"2011-07-26T20:11:30","guid":{"rendered":"http:\/\/lappis.org.br\/site\/2011\/07\/26\/atencao-basica-e-destaque-em-conversa-com-internautas\/"},"modified":"2011-07-26T17:11:30","modified_gmt":"2011-07-26T20:11:30","slug":"atencao-basica-e-destaque-em-conversa-com-internautas","status":"publish","type":"post","link":"https:\/\/lappis.org.br\/site\/atencao-basica-e-destaque-em-conversa-com-internautas\/206","title":{"rendered":"Aten\u00e7\u00e3o B\u00e1sica \u00e9 destaque em conversa com internautas"},"content":{"rendered":"<p><img fetchpriority=\"high\" decoding=\"async\" data-attachment-id=\"205\" data-permalink=\"https:\/\/lappis.org.br\/site\/atencao-basica-e-destaque-em-conversa-com-internautas-sp-1374669878\/207\/attachment-dr-_heider_pinto\" data-orig-file=\"https:\/\/lappis.org.br\/site\/wp-content\/uploads\/2011\/07\/dr._heider_pinto.jpg\" data-orig-size=\"465,190\" data-comments-opened=\"1\" data-image-meta=\"{&quot;aperture&quot;:&quot;0&quot;,&quot;credit&quot;:&quot;&quot;,&quot;camera&quot;:&quot;&quot;,&quot;caption&quot;:&quot;&quot;,&quot;created_timestamp&quot;:&quot;0&quot;,&quot;copyright&quot;:&quot;&quot;,&quot;focal_length&quot;:&quot;0&quot;,&quot;iso&quot;:&quot;0&quot;,&quot;shutter_speed&quot;:&quot;0&quot;,&quot;title&quot;:&quot;&quot;,&quot;orientation&quot;:&quot;0&quot;}\" data-image-title=\"dr._heider_pinto\" data-image-description=\"\" data-image-caption=\"\" data-medium-file=\"https:\/\/lappis.org.br\/site\/wp-content\/uploads\/2011\/07\/dr._heider_pinto-300x123.jpg\" data-large-file=\"https:\/\/lappis.org.br\/site\/wp-content\/uploads\/2011\/07\/dr._heider_pinto.jpg\" class=\" alignleft size-full wp-image-205\" style=\"margin-bottom: 1px; float: left; margin-right: 2px;\" alt=\"dr._heider_pinto\" src=\"http:\/\/lappis.org.br\/site\/wp-content\/uploads\/2011\/07\/dr._heider_pinto.jpg\" width=\"465\" height=\"190\" srcset=\"https:\/\/lappis.org.br\/site\/wp-content\/uploads\/2011\/07\/dr._heider_pinto.jpg 465w, https:\/\/lappis.org.br\/site\/wp-content\/uploads\/2011\/07\/dr._heider_pinto-300x123.jpg 300w\" sizes=\"(max-width: 465px) 100vw, 465px\" \/> <\/p>\n<p class=\"MsoNormal\">A nova Pol\u00edtica Nacional de Aten\u00e7\u00e3o B\u00e1sica foi o tema principal da entrevista descontra\u00edda feita por internautas com o m\u00e9dico e diretor do Departamento de Aten\u00e7\u00e3o B\u00e1sica do Minist\u00e9rio da Sa\u00fade, Heider Pinto. Durante duas horas, Heider respondeu a perguntas enviadas pelos leitores do blog Sa\u00fade com Dilma (<a href=\"http:\/\/www.saudecomdilma.com.br\/\">http:\/\/www.saudecomdilma.com.br\/<\/a>) enfatizando sempre o papel central que esse debate ocupa hoje, num momento em que a Presid\u00eancia da Rep\u00fablica e o Minist\u00e9rio da Sa\u00fade acenam com a garantia de incluir a sa\u00fade na agenda de desenvolvimento social e econ\u00f4mico do Brasil.<\/p>\n<p class=\"MsoNormal\">\n<p>\u00a0A nova Pol\u00edtica Nacional de Aten\u00e7\u00e3o B\u00e1sica foi o tema principal da entrevista descontra\u00edda feita por internautas com o m\u00e9dico e diretor do Departamento de Aten\u00e7\u00e3o B\u00e1sica do Minist\u00e9rio da Sa\u00fade, Heider Pinto. Durante duas horas, Heider respondeu a perguntas enviadas pelos leitores do blog Sa\u00fade com Dilma (http:\/\/www.saudecomdilma.com.br\/) enfatizando sempre o papel central que esse debate ocupa hoje, num momento em que a Presid\u00eancia da Rep\u00fablica e o Minist\u00e9rio da Sa\u00fade acenam com a garantia de incluir a sa\u00fade na agenda de desenvolvimento social e econ\u00f4mico do Brasil.<\/p>\n<p>Para Heider Pinto, o Sistema \u00danico de Sa\u00fade tem impacto decisivo sobre a inclus\u00e3o da popula\u00e7\u00e3o e, portanto, precisa ser consolidado de uma vez por todas como uma conquista de anos mas sem que se fechem os olhos para os problemas a serem enfrentados. Pelo contr\u00e1rio. &#8220;O SUS tem que ser olhado com lente, com \u00f3culos, com lupa&#8221;, ele enfatiza, &#8220;para que a gente dialogue com a popula\u00e7\u00e3o e identifique solu\u00e7\u00f5es&#8221;. Entre os desafios de uma pol\u00edtica p\u00fablica de sa\u00fade eficaz, ele aponta a necessidade de mais financiamentos, novos desenhos no pacto federativo, outras possibilidades de gest\u00e3o compartilhada e a urg\u00eancia em qualificar a gest\u00e3o e pensar um modelo que valorize o conjunto de trabalhadores em sa\u00fade tendo em vista sempre o usu\u00e1rio.<\/p>\n<p>Otimista, o diretor do Departamento de Aten\u00e7\u00e3o B\u00e1sica do Minist\u00e9rio da Sa\u00fade disse aos internautas que este \u00e9 o momento ideal para investir em um sistema de sa\u00fade p\u00fablico, gratuito, universal, equ\u00e2nime e de qualidade. &#8220;Dentro desse esp\u00edrito, estamos pactuando um conjunto de diretrizes para a Aten\u00e7\u00e3o B\u00e1sica&#8221;, assegura. &#8220;O Governo quer ver os recursos ampliarem no ritmo necess\u00e1rio para que a Aten\u00e7\u00e3o B\u00e1sica seja de fato a principal porta de entrada do sistema&#8221;.<\/p>\n<p>No desenho da nova Pol\u00edtica Nacional de Aten\u00e7\u00e3o B\u00e1sica para o Pa\u00eds, que vem sendo discutida pelo Minist\u00e9rio da Sa\u00fade ao longo deste semestre, a primeira quest\u00e3o que se coloca, segundo Heider Pinto, diz respeito \u00e0 amplia\u00e7\u00e3o do financiamento. Ele informa que, durante muito tempo, houve uma retirada progressiva do Governo Federal da Assist\u00eancia B\u00e1sica mas que isso vem se revertendo. &#8220;\u00c9 importante n\u00e3o deixar que o financiamento recaia apenas sobre os munic\u00edpios. E \u00e9 preciso envolver ainda os governos estaduais no co-financiamento da Aten\u00e7\u00e3o B\u00e1sica, de maneira a conseguir ampliar a cobertura do modo necess\u00e1rio&#8221;, aponta.<\/p>\n<p>Al\u00e9m disso, aumentar o n\u00famero de agentes das Equipes de Sa\u00fade da Fam\u00edlia e qualificando os profissionais com uma pol\u00edtica de fixa\u00e7\u00e3o desses trabalhadores, estabilizando as equipes e estimulando a remunera\u00e7\u00e3o ligada a desempenhos e resultados, fazem parte das estrat\u00e9gias que v\u00eam sendo levadas em conta. Por outro lado, Heider informa que haver\u00e1 uma renova\u00e7\u00e3o da rede f\u00edsica e que, ainda em 2011, ser\u00e1 realizado um censo de todas as mais de 36 mil unidades b\u00e1sicas de sa\u00fade do pa\u00eds com o objetivo de conhecer as condi\u00e7\u00f5es de trabalho e preparar a renova\u00e7\u00e3o de grande parte dessas unidades. Entre as melhorias, est\u00e1 prevista a entrada das UBS no Plano Nacional de Banda Larga, um compromisso do governo federal que vai viabilizar a informatiza\u00e7\u00e3o do atendimento, possibilitando um salto de qualidade em rela\u00e7\u00e3o ao cuidado com o usu\u00e1rio.<\/p>\n<p>\u00a0&#8220;N\u00e3o d\u00e1 pra achar que a Aten\u00e7\u00e3o B\u00e1sica \u00e9 uma pol\u00edtica focalizada, de pior qualidade, voltada para popula\u00e7\u00e3o pobre&#8221;, comentou Heider Pinto em resposta aos internautas. Se n\u00e3o, a gente refor\u00e7a a ideia de que, quem pode utiliza plano de sa\u00fade, enquanto quem n\u00e3o pode utiliza a Aten\u00e7\u00e3o B\u00e1sica&#8221;. Para ele, esse \u00e9 um racioc\u00ednio equivocado que precisa ser superado. &#8220;Temos que mostrar para popula\u00e7\u00e3o que o melhor pra ela \u00e9 consolidar o Sistema \u00danico de Sa\u00fade, apostar no SUS, e n\u00e3o em um modelo de sa\u00fade falido, a exemplo do que a gente assiste em outros pa\u00edses&#8221;.<\/p>\n<p>Na avalia\u00e7\u00e3o de Heider Pinto, a Aten\u00e7\u00e3o B\u00e1sica \u00e9 a modalidade que tem mostrado melhor resultado. &#8220;O Minist\u00e9rio da Sa\u00fade reconhece isso porque existem as evid\u00eancias e, portanto, essa \u00e9 a \u00e1rea que vai merecer um maior investimento ao longo dos pr\u00f3ximos anos&#8221;, disse na entrevista on-line. &#8220;Contudo, \u00e9 fundamental que toda a rede de Aten\u00e7\u00e3o B\u00e1sica tenha qualidade, garanta acesso, cuidado, se responsabilize territorialmente pelas quest\u00f5es relacionadas \u00e0 redu\u00e7\u00e3o de risco \u00e0 sa\u00fade e crie v\u00ednculos com os territ\u00f3rios onde as equipes est\u00e3o inseridas&#8221;.<\/p>\n<p>Para isso, duas medidas s\u00e3o fundamentais, segundo Heider: mudar o processo de trabalho na Aten\u00e7\u00e3o B\u00e1sica, de modo a garantir mais acesso, com as equipes ampliando sua capacidade em torno do campo, com a implanta\u00e7\u00e3o do acolhimento com classifica\u00e7\u00e3o de risco e diretrizes claras que respeitem a criatividade de cada equipe e a situa\u00e7\u00e3o de cada comunidade; e perceber onde a Aten\u00e7\u00e3o B\u00e1sica tem dificuldade de expans\u00e3o a fim de que sejam somados esfor\u00e7os para discutir novas modalidades de implanta\u00e7\u00e3o das Equipes de Sa\u00fade de Fam\u00edlia em \u00e1reas de dif\u00edcil acesso.<\/p>\n<p>O debate on-line aconteceu ainda no final de abril mas voc\u00ea pode conferir a \u00edntegra, com os coment\u00e1rios dos internautas,\u00a0no seguinte endere\u00e7o eletr\u00f4nico:<\/p>\n<p><a href=\"http:\/\/www.saudecomdilma.com.br\/index.php\/2011\/04\/19\/twitcam-com-heider-pinto-comecara-em-instantes\/\">http:\/\/www.saudecomdilma.com.br\/index.php\/2011\/04\/19\/twitcam-com-heider-pinto-comecara-em-instantes\/<\/a><\/p>\n<p>\u00a0<\/p>\n","protected":false},"excerpt":{"rendered":"<div class=\"mh-excerpt\"><p><img decoding=\"async\" class=\" alignleft size-full wp-image-205\" style=\"margin-bottom: 1px; float: left; margin-right: 2px;\" alt=\"dr._heider_pinto\" src=\"http:\/\/lappis.org.br\/site\/wp-content\/uploads\/2011\/07\/dr._heider_pinto.jpg\" width=\"465\" height=\"190\" srcset=\"https:\/\/lappis.org.br\/site\/wp-content\/uploads\/2011\/07\/dr._heider_pinto.jpg 465w, https:\/\/lappis.org.br\/site\/wp-content\/uploads\/2011\/07\/dr._heider_pinto-300x123.jpg 300w\" sizes=\"(max-width: 465px) 100vw, 465px\" \/> <\/p>\n<p class=\"MsoNormal\">A nova Pol\u00edtica Nacional de Aten\u00e7\u00e3o B\u00e1sica foi o tema principal da entrevista descontra\u00edda feita por internautas com o m\u00e9dico e diretor do Departamento de Aten\u00e7\u00e3o B\u00e1sica do Minist\u00e9rio da Sa\u00fade, Heider Pinto. Durante duas horas, Heider respondeu a perguntas enviadas pelos leitores do blog Sa\u00fade com Dilma (<a href=\"http:\/\/www.saudecomdilma.com.br\/\">http:\/\/www.saudecomdilma.com.br\/<\/a>) enfatizando sempre o papel central que esse debate ocupa hoje, num momento em que a Presid\u00eancia da Rep\u00fablica e o Minist\u00e9rio da Sa\u00fade acenam com a garantia de incluir a sa\u00fade na agenda de desenvolvimento social e econ\u00f4mico do Brasil.<\/p>\n<p>  <a class=\"mh-excerpt-more\" href=\"https:\/\/lappis.org.br\/site\/atencao-basica-e-destaque-em-conversa-com-internautas\/206\" title=\"Aten\u00e7\u00e3o B\u00e1sica \u00e9 destaque em conversa com internautas\">[&#8230;]<\/a><\/p>\n<\/div>","protected":false},"author":1,"featured_media":205,"comment_status":"open","ping_status":"open","sticky":false,"template":"","format":"standard","meta":{"_acf_changed":false,"_exactmetrics_skip_tracking":false,"_exactmetrics_sitenote_active":false,"_exactmetrics_sitenote_note":"","_exactmetrics_sitenote_category":0,"jetpack_post_was_ever_published":false,"_jetpack_newsletter_access":"","_jetpack_dont_email_post_to_subs":false,"_jetpack_newsletter_tier_id":0,"_jetpack_memberships_contains_paywalled_content":false,"_jetpack_memberships_contains_paid_content":false,"footnotes":"","jetpack_publicize_message":"","jetpack_publicize_feature_enabled":true,"jetpack_social_post_already_shared":false,"jetpack_social_options":{"image_generator_settings":{"template":"highway","enabled":false},"version":2}},"categories":[8],"tags":[],"class_list":{"0":"post-206","1":"post","2":"type-post","3":"status-publish","4":"format-standard","5":"has-post-thumbnail","7":"category-noticia"},"jetpack_publicize_connections":[],"acf":[],"yoast_head":"<!-- This site is optimized with the Yoast SEO plugin v25.2 - https:\/\/yoast.com\/wordpress\/plugins\/seo\/ -->\n<title>Aten\u00e7\u00e3o B\u00e1sica \u00e9 destaque em conversa com internautas - Lappis 25 anos<\/title>\n<meta name=\"robots\" content=\"index, follow, max-snippet:-1, max-image-preview:large, max-video-preview:-1\" \/>\n<link rel=\"canonical\" href=\"https:\/\/lappis.org.br\/site\/atencao-basica-e-destaque-em-conversa-com-internautas\/206\" \/>\n<meta property=\"og:locale\" content=\"pt_BR\" \/>\n<meta property=\"og:type\" content=\"article\" \/>\n<meta property=\"og:title\" content=\"Aten\u00e7\u00e3o B\u00e1sica \u00e9 destaque em conversa com internautas - Lappis 25 anos\" \/>\n<meta property=\"og:description\" content=\"A nova Pol\u00edtica Nacional de Aten\u00e7\u00e3o B\u00e1sica foi o tema principal da entrevista descontra\u00edda feita por internautas com o m\u00e9dico e diretor do Departamento de Aten\u00e7\u00e3o B\u00e1sica do Minist\u00e9rio da Sa\u00fade, Heider Pinto. Durante duas horas, Heider respondeu a perguntas enviadas pelos leitores do blog Sa\u00fade com Dilma (http:\/\/www.saudecomdilma.com.br\/) enfatizando sempre o papel central que esse debate ocupa hoje, num momento em que a Presid\u00eancia da Rep\u00fablica e o Minist\u00e9rio da Sa\u00fade acenam com a garantia de incluir a sa\u00fade na agenda de desenvolvimento social e econ\u00f4mico do Brasil. [...]\" \/>\n<meta property=\"og:url\" content=\"https:\/\/lappis.org.br\/site\/atencao-basica-e-destaque-em-conversa-com-internautas\/206\" \/>\n<meta property=\"og:site_name\" content=\"Lappis 25 anos\" \/>\n<meta property=\"article:published_time\" content=\"2011-07-26T20:11:30+00:00\" \/>\n<meta property=\"og:image\" content=\"https:\/\/lappis.org.br\/site\/wp-content\/uploads\/2011\/07\/dr._heider_pinto.jpg\" \/>\n\t<meta property=\"og:image:width\" content=\"465\" \/>\n\t<meta property=\"og:image:height\" content=\"190\" \/>\n\t<meta property=\"og:image:type\" content=\"image\/jpeg\" \/>\n<meta name=\"author\" content=\"fw2\" \/>\n<meta name=\"twitter:card\" content=\"summary_large_image\" \/>\n<meta name=\"twitter:label1\" content=\"Escrito por\" \/>\n\t<meta name=\"twitter:data1\" content=\"fw2\" \/>\n\t<meta name=\"twitter:label2\" content=\"Est. tempo de leitura\" \/>\n\t<meta name=\"twitter:data2\" content=\"5 minutos\" \/>\n<script type=\"application\/ld+json\" class=\"yoast-schema-graph\">{\"@context\":\"https:\/\/schema.org\",\"@graph\":[{\"@type\":\"Article\",\"@id\":\"https:\/\/lappis.org.br\/site\/atencao-basica-e-destaque-em-conversa-com-internautas\/206#article\",\"isPartOf\":{\"@id\":\"https:\/\/lappis.org.br\/site\/atencao-basica-e-destaque-em-conversa-com-internautas\/206\"},\"author\":{\"name\":\"fw2\",\"@id\":\"https:\/\/lappis.org.br\/site\/#\/schema\/person\/3852381d08284b5e2716b20bd89bdbcf\"},\"headline\":\"Aten\u00e7\u00e3o B\u00e1sica \u00e9 destaque em conversa com internautas\",\"datePublished\":\"2011-07-26T20:11:30+00:00\",\"mainEntityOfPage\":{\"@id\":\"https:\/\/lappis.org.br\/site\/atencao-basica-e-destaque-em-conversa-com-internautas\/206\"},\"wordCount\":1060,\"commentCount\":0,\"publisher\":{\"@id\":\"https:\/\/lappis.org.br\/site\/#organization\"},\"image\":{\"@id\":\"https:\/\/lappis.org.br\/site\/atencao-basica-e-destaque-em-conversa-com-internautas\/206#primaryimage\"},\"thumbnailUrl\":\"https:\/\/lappis.org.br\/site\/wp-content\/uploads\/2011\/07\/dr._heider_pinto.jpg\",\"articleSection\":[\"Not\u00edcia\"],\"inLanguage\":\"pt-BR\",\"potentialAction\":[{\"@type\":\"CommentAction\",\"name\":\"Comment\",\"target\":[\"https:\/\/lappis.org.br\/site\/atencao-basica-e-destaque-em-conversa-com-internautas\/206#respond\"]}]},{\"@type\":\"WebPage\",\"@id\":\"https:\/\/lappis.org.br\/site\/atencao-basica-e-destaque-em-conversa-com-internautas\/206\",\"url\":\"https:\/\/lappis.org.br\/site\/atencao-basica-e-destaque-em-conversa-com-internautas\/206\",\"name\":\"Aten\u00e7\u00e3o B\u00e1sica \u00e9 destaque em conversa com internautas - Lappis 25 anos\",\"isPartOf\":{\"@id\":\"https:\/\/lappis.org.br\/site\/#website\"},\"primaryImageOfPage\":{\"@id\":\"https:\/\/lappis.org.br\/site\/atencao-basica-e-destaque-em-conversa-com-internautas\/206#primaryimage\"},\"image\":{\"@id\":\"https:\/\/lappis.org.br\/site\/atencao-basica-e-destaque-em-conversa-com-internautas\/206#primaryimage\"},\"thumbnailUrl\":\"https:\/\/lappis.org.br\/site\/wp-content\/uploads\/2011\/07\/dr._heider_pinto.jpg\",\"datePublished\":\"2011-07-26T20:11:30+00:00\",\"breadcrumb\":{\"@id\":\"https:\/\/lappis.org.br\/site\/atencao-basica-e-destaque-em-conversa-com-internautas\/206#breadcrumb\"},\"inLanguage\":\"pt-BR\",\"potentialAction\":[{\"@type\":\"ReadAction\",\"target\":[\"https:\/\/lappis.org.br\/site\/atencao-basica-e-destaque-em-conversa-com-internautas\/206\"]}]},{\"@type\":\"ImageObject\",\"inLanguage\":\"pt-BR\",\"@id\":\"https:\/\/lappis.org.br\/site\/atencao-basica-e-destaque-em-conversa-com-internautas\/206#primaryimage\",\"url\":\"https:\/\/lappis.org.br\/site\/wp-content\/uploads\/2011\/07\/dr._heider_pinto.jpg\",\"contentUrl\":\"https:\/\/lappis.org.br\/site\/wp-content\/uploads\/2011\/07\/dr._heider_pinto.jpg\",\"width\":465,\"height\":190,\"caption\":\"dr._heider_pinto\"},{\"@type\":\"BreadcrumbList\",\"@id\":\"https:\/\/lappis.org.br\/site\/atencao-basica-e-destaque-em-conversa-com-internautas\/206#breadcrumb\",\"itemListElement\":[{\"@type\":\"ListItem\",\"position\":1,\"name\":\"In\u00edcio\",\"item\":\"https:\/\/lappis.org.br\/site\/\"},{\"@type\":\"ListItem\",\"position\":2,\"name\":\"Aten\u00e7\u00e3o B\u00e1sica \u00e9 destaque em conversa com internautas\"}]},{\"@type\":\"WebSite\",\"@id\":\"https:\/\/lappis.org.br\/site\/#website\",\"url\":\"https:\/\/lappis.org.br\/site\/\",\"name\":\"Lappis 25 anos\",\"description\":\"Labotat\u00f3rio de Pesquisas sobre Pr\u00e1ticas de Integralidade em Sa\u00fade\",\"publisher\":{\"@id\":\"https:\/\/lappis.org.br\/site\/#organization\"},\"potentialAction\":[{\"@type\":\"SearchAction\",\"target\":{\"@type\":\"EntryPoint\",\"urlTemplate\":\"https:\/\/lappis.org.br\/site\/?s={search_term_string}\"},\"query-input\":{\"@type\":\"PropertyValueSpecification\",\"valueRequired\":true,\"valueName\":\"search_term_string\"}}],\"inLanguage\":\"pt-BR\"},{\"@type\":\"Organization\",\"@id\":\"https:\/\/lappis.org.br\/site\/#organization\",\"name\":\"Lappis 25 anos\",\"url\":\"https:\/\/lappis.org.br\/site\/\",\"logo\":{\"@type\":\"ImageObject\",\"inLanguage\":\"pt-BR\",\"@id\":\"https:\/\/lappis.org.br\/site\/#\/schema\/logo\/image\/\",\"url\":\"https:\/\/lappis.org.br\/site\/wp-content\/uploads\/2025\/03\/logo-lappis25anos.png\",\"contentUrl\":\"https:\/\/lappis.org.br\/site\/wp-content\/uploads\/2025\/03\/logo-lappis25anos.png\",\"width\":388,\"height\":146,\"caption\":\"Lappis 25 anos\"},\"image\":{\"@id\":\"https:\/\/lappis.org.br\/site\/#\/schema\/logo\/image\/\"}},{\"@type\":\"Person\",\"@id\":\"https:\/\/lappis.org.br\/site\/#\/schema\/person\/3852381d08284b5e2716b20bd89bdbcf\",\"name\":\"fw2\",\"image\":{\"@type\":\"ImageObject\",\"inLanguage\":\"pt-BR\",\"@id\":\"https:\/\/lappis.org.br\/site\/#\/schema\/person\/image\/\",\"url\":\"https:\/\/secure.gravatar.com\/avatar\/c38472c0cdbde82d9b6fcc26adb3779d?s=96&d=mm&r=g\",\"contentUrl\":\"https:\/\/secure.gravatar.com\/avatar\/c38472c0cdbde82d9b6fcc26adb3779d?s=96&d=mm&r=g\",\"caption\":\"fw2\"},\"url\":\"https:\/\/lappis.org.br\/site\/author\/fw2\"}]}<\/script>\n<!-- \/ Yoast SEO plugin. -->","yoast_head_json":{"title":"Aten\u00e7\u00e3o B\u00e1sica \u00e9 destaque em conversa com internautas - Lappis 25 anos","robots":{"index":"index","follow":"follow","max-snippet":"max-snippet:-1","max-image-preview":"max-image-preview:large","max-video-preview":"max-video-preview:-1"},"canonical":"https:\/\/lappis.org.br\/site\/atencao-basica-e-destaque-em-conversa-com-internautas\/206","og_locale":"pt_BR","og_type":"article","og_title":"Aten\u00e7\u00e3o B\u00e1sica \u00e9 destaque em conversa com internautas - Lappis 25 anos","og_description":"A nova Pol\u00edtica Nacional de Aten\u00e7\u00e3o B\u00e1sica foi o tema principal da entrevista descontra\u00edda feita por internautas com o m\u00e9dico e diretor do Departamento de Aten\u00e7\u00e3o B\u00e1sica do Minist\u00e9rio da Sa\u00fade, Heider Pinto. Durante duas horas, Heider respondeu a perguntas enviadas pelos leitores do blog Sa\u00fade com Dilma (http:\/\/www.saudecomdilma.com.br\/) enfatizando sempre o papel central que esse debate ocupa hoje, num momento em que a Presid\u00eancia da Rep\u00fablica e o Minist\u00e9rio da Sa\u00fade acenam com a garantia de incluir a sa\u00fade na agenda de desenvolvimento social e econ\u00f4mico do Brasil. [...]","og_url":"https:\/\/lappis.org.br\/site\/atencao-basica-e-destaque-em-conversa-com-internautas\/206","og_site_name":"Lappis 25 anos","article_published_time":"2011-07-26T20:11:30+00:00","og_image":[{"width":465,"height":190,"url":"https:\/\/lappis.org.br\/site\/wp-content\/uploads\/2011\/07\/dr._heider_pinto.jpg","type":"image\/jpeg"}],"author":"fw2","twitter_card":"summary_large_image","twitter_misc":{"Escrito por":"fw2","Est. tempo de leitura":"5 minutos"},"schema":{"@context":"https:\/\/schema.org","@graph":[{"@type":"Article","@id":"https:\/\/lappis.org.br\/site\/atencao-basica-e-destaque-em-conversa-com-internautas\/206#article","isPartOf":{"@id":"https:\/\/lappis.org.br\/site\/atencao-basica-e-destaque-em-conversa-com-internautas\/206"},"author":{"name":"fw2","@id":"https:\/\/lappis.org.br\/site\/#\/schema\/person\/3852381d08284b5e2716b20bd89bdbcf"},"headline":"Aten\u00e7\u00e3o B\u00e1sica \u00e9 destaque em conversa com internautas","datePublished":"2011-07-26T20:11:30+00:00","mainEntityOfPage":{"@id":"https:\/\/lappis.org.br\/site\/atencao-basica-e-destaque-em-conversa-com-internautas\/206"},"wordCount":1060,"commentCount":0,"publisher":{"@id":"https:\/\/lappis.org.br\/site\/#organization"},"image":{"@id":"https:\/\/lappis.org.br\/site\/atencao-basica-e-destaque-em-conversa-com-internautas\/206#primaryimage"},"thumbnailUrl":"https:\/\/lappis.org.br\/site\/wp-content\/uploads\/2011\/07\/dr._heider_pinto.jpg","articleSection":["Not\u00edcia"],"inLanguage":"pt-BR","potentialAction":[{"@type":"CommentAction","name":"Comment","target":["https:\/\/lappis.org.br\/site\/atencao-basica-e-destaque-em-conversa-com-internautas\/206#respond"]}]},{"@type":"WebPage","@id":"https:\/\/lappis.org.br\/site\/atencao-basica-e-destaque-em-conversa-com-internautas\/206","url":"https:\/\/lappis.org.br\/site\/atencao-basica-e-destaque-em-conversa-com-internautas\/206","name":"Aten\u00e7\u00e3o B\u00e1sica \u00e9 destaque em conversa com internautas - Lappis 25 anos","isPartOf":{"@id":"https:\/\/lappis.org.br\/site\/#website"},"primaryImageOfPage":{"@id":"https:\/\/lappis.org.br\/site\/atencao-basica-e-destaque-em-conversa-com-internautas\/206#primaryimage"},"image":{"@id":"https:\/\/lappis.org.br\/site\/atencao-basica-e-destaque-em-conversa-com-internautas\/206#primaryimage"},"thumbnailUrl":"https:\/\/lappis.org.br\/site\/wp-content\/uploads\/2011\/07\/dr._heider_pinto.jpg","datePublished":"2011-07-26T20:11:30+00:00","breadcrumb":{"@id":"https:\/\/lappis.org.br\/site\/atencao-basica-e-destaque-em-conversa-com-internautas\/206#breadcrumb"},"inLanguage":"pt-BR","potentialAction":[{"@type":"ReadAction","target":["https:\/\/lappis.org.br\/site\/atencao-basica-e-destaque-em-conversa-com-internautas\/206"]}]},{"@type":"ImageObject","inLanguage":"pt-BR","@id":"https:\/\/lappis.org.br\/site\/atencao-basica-e-destaque-em-conversa-com-internautas\/206#primaryimage","url":"https:\/\/lappis.org.br\/site\/wp-content\/uploads\/2011\/07\/dr._heider_pinto.jpg","contentUrl":"https:\/\/lappis.org.br\/site\/wp-content\/uploads\/2011\/07\/dr._heider_pinto.jpg","width":465,"height":190,"caption":"dr._heider_pinto"},{"@type":"BreadcrumbList","@id":"https:\/\/lappis.org.br\/site\/atencao-basica-e-destaque-em-conversa-com-internautas\/206#breadcrumb","itemListElement":[{"@type":"ListItem","position":1,"name":"In\u00edcio","item":"https:\/\/lappis.org.br\/site\/"},{"@type":"ListItem","position":2,"name":"Aten\u00e7\u00e3o B\u00e1sica \u00e9 destaque em conversa com internautas"}]},{"@type":"WebSite","@id":"https:\/\/lappis.org.br\/site\/#website","url":"https:\/\/lappis.org.br\/site\/","name":"Lappis 25 anos","description":"Labotat\u00f3rio de Pesquisas sobre Pr\u00e1ticas de Integralidade em Sa\u00fade","publisher":{"@id":"https:\/\/lappis.org.br\/site\/#organization"},"potentialAction":[{"@type":"SearchAction","target":{"@type":"EntryPoint","urlTemplate":"https:\/\/lappis.org.br\/site\/?s={search_term_string}"},"query-input":{"@type":"PropertyValueSpecification","valueRequired":true,"valueName":"search_term_string"}}],"inLanguage":"pt-BR"},{"@type":"Organization","@id":"https:\/\/lappis.org.br\/site\/#organization","name":"Lappis 25 anos","url":"https:\/\/lappis.org.br\/site\/","logo":{"@type":"ImageObject","inLanguage":"pt-BR","@id":"https:\/\/lappis.org.br\/site\/#\/schema\/logo\/image\/","url":"https:\/\/lappis.org.br\/site\/wp-content\/uploads\/2025\/03\/logo-lappis25anos.png","contentUrl":"https:\/\/lappis.org.br\/site\/wp-content\/uploads\/2025\/03\/logo-lappis25anos.png","width":388,"height":146,"caption":"Lappis 25 anos"},"image":{"@id":"https:\/\/lappis.org.br\/site\/#\/schema\/logo\/image\/"}},{"@type":"Person","@id":"https:\/\/lappis.org.br\/site\/#\/schema\/person\/3852381d08284b5e2716b20bd89bdbcf","name":"fw2","image":{"@type":"ImageObject","inLanguage":"pt-BR","@id":"https:\/\/lappis.org.br\/site\/#\/schema\/person\/image\/","url":"https:\/\/secure.gravatar.com\/avatar\/c38472c0cdbde82d9b6fcc26adb3779d?s=96&d=mm&r=g","contentUrl":"https:\/\/secure.gravatar.com\/avatar\/c38472c0cdbde82d9b6fcc26adb3779d?s=96&d=mm&r=g","caption":"fw2"},"url":"https:\/\/lappis.org.br\/site\/author\/fw2"}]}},"jetpack_featured_media_url":"https:\/\/lappis.org.br\/site\/wp-content\/uploads\/2011\/07\/dr._heider_pinto.jpg","jetpack_shortlink":"https:\/\/wp.me\/p954Nh-3k","jetpack_sharing_enabled":true,"_links":{"self":[{"href":"https:\/\/lappis.org.br\/site\/wp-json\/wp\/v2\/posts\/206"}],"collection":[{"href":"https:\/\/lappis.org.br\/site\/wp-json\/wp\/v2\/posts"}],"about":[{"href":"https:\/\/lappis.org.br\/site\/wp-json\/wp\/v2\/types\/post"}],"author":[{"embeddable":true,"href":"https:\/\/lappis.org.br\/site\/wp-json\/wp\/v2\/users\/1"}],"replies":[{"embeddable":true,"href":"https:\/\/lappis.org.br\/site\/wp-json\/wp\/v2\/comments?post=206"}],"version-history":[{"count":0,"href":"https:\/\/lappis.org.br\/site\/wp-json\/wp\/v2\/posts\/206\/revisions"}],"wp:featuredmedia":[{"embeddable":true,"href":"https:\/\/lappis.org.br\/site\/wp-json\/wp\/v2\/media\/205"}],"wp:attachment":[{"href":"https:\/\/lappis.org.br\/site\/wp-json\/wp\/v2\/media?parent=206"}],"wp:term":[{"taxonomy":"category","embeddable":true,"href":"https:\/\/lappis.org.br\/site\/wp-json\/wp\/v2\/categories?post=206"},{"taxonomy":"post_tag","embeddable":true,"href":"https:\/\/lappis.org.br\/site\/wp-json\/wp\/v2\/tags?post=206"}],"curies":[{"name":"wp","href":"https:\/\/api.w.org\/{rel}","templated":true}]}}