{"id":2052,"date":"2013-10-01T16:10:39","date_gmt":"2013-10-01T19:10:39","guid":{"rendered":"http:\/\/lappis.org.br\/site\/2013\/10\/01\/projeto-memoria\/"},"modified":"2013-10-01T16:10:39","modified_gmt":"2013-10-01T19:10:39","slug":"projeto-memoria","status":"publish","type":"post","link":"https:\/\/lappis.org.br\/site\/projeto-memoria\/2052","title":{"rendered":"Projeto Mem\u00f3ria"},"content":{"rendered":"<p><img fetchpriority=\"high\" decoding=\"async\" data-attachment-id=\"2051\" data-permalink=\"https:\/\/lappis.org.br\/site\/projeto-memoria\/2052\/attachment-alt-99\" data-orig-file=\"https:\/\/lappis.org.br\/site\/wp-content\/uploads\/2013\/10\/projeto memoria.jpg\" data-orig-size=\"420,225\" data-comments-opened=\"1\" data-image-meta=\"{&quot;aperture&quot;:&quot;0&quot;,&quot;credit&quot;:&quot;Lappis&quot;,&quot;camera&quot;:&quot;&quot;,&quot;caption&quot;:&quot;&quot;,&quot;created_timestamp&quot;:&quot;1380534032&quot;,&quot;copyright&quot;:&quot;&quot;,&quot;focal_length&quot;:&quot;0&quot;,&quot;iso&quot;:&quot;0&quot;,&quot;shutter_speed&quot;:&quot;0&quot;,&quot;title&quot;:&quot;&quot;,&quot;orientation&quot;:&quot;0&quot;}\" data-image-title=\"alt\" data-image-description=\"\" data-image-caption=\"\" data-medium-file=\"https:\/\/lappis.org.br\/site\/wp-content\/uploads\/2013\/10\/projeto memoria-300x161.jpg\" data-large-file=\"https:\/\/lappis.org.br\/site\/wp-content\/uploads\/2013\/10\/projeto memoria.jpg\" class=\" alignleft size-full wp-image-2051\" alt=\"alt\" src=\"http:\/\/lappis.org.br\/site\/wp-content\/uploads\/2013\/10\/projeto%20memoria.jpg\" style=\"height: 134px; width: 250px; margin: 5px; float: left;\" width=\"420\" height=\"225\" \/>Acervo<strong> <\/strong>reunir\u00e1 em imagens e entrevistas a hist\u00f3ria das Ci\u00eancias Sociais e Humanas em Sa\u00fade, nos \u00faltimos 20 anos.   Documentos, fotografias, v\u00eddeos, entrevistas, literatura. Em sintonia direta com\u00a0<a href=\"http:\/\/www.cienciassociaisesaude2013.com.br\/inscricoes\/index.php\">o VI Congresso Brasileiro de Ci\u00eancias Sociais e Humanas em Sa\u00fade<\/a>, que ocorrer\u00e1 em novembro, na UERJ, no Rio, o Projeto Mem\u00f3ria vai reunir vasta produ\u00e7\u00e3o na programa\u00e7\u00e3o do evento.\u00a0Como explica Roseni Pinheiro, vice-presidente da comiss\u00e3o nacional, o Projeto Mem\u00f3ria tem o objetivo de dialogar com todas as atividades do congresso. &ldquo;Al\u00e9m do estudo documental, que vai resgatar a mem\u00f3ria de todas as edi\u00e7\u00f5es do CBCSHS, teremos atividades culturais e art\u00edsticas, entrevistas, acervos fotogr\u00e1ficos&rdquo;, revela Roseni.<\/p>\n<p> O resgate da mem\u00f3ria dos eventos \u00e9 uma inova\u00e7\u00e3o, j\u00e1 que as informa\u00e7\u00f5es est\u00e3o desorganizadas e em lugares separados. Tr\u00eas frentes principais fazem parte do Projeto Mem\u00f3ria: as entrevistas, as imagens dos eventos e os documentos. Esse acervo far\u00e1 parte da &ldquo;linha do tempo&rdquo;, que vai contar uma hist\u00f3ria cronol\u00f3gica da \u00e1rea. Somada \u00e0 linha tempo h\u00e1 a parte liter\u00e1ria. As &ldquo;p\u00edlulas audiovisuais&rdquo;, entrevista de no m\u00e1ximo 2 minutos, j\u00e1 est\u00e3o sendo produzidas. Ana Maria Canesqui, Sandra Caponi, Leny Trad, Madel Luz e Nelson Felice Barros j\u00e1 foram entrevistados. Entretanto, outros nomes j\u00e1 est\u00e3o cotados como os de Regina Marsiglia e Paulette Goldenberg.<\/p>\n<p> De acordo com Martinho Silva, um dos respons\u00e1veis pela organiza\u00e7\u00e3o do acervo do Projeto Mem\u00f3ria, s\u00e3o aproximadamente 20 anos de hist\u00f3ria que ser\u00e3o apresentadas ao p\u00fablico do VI Congresso. &ldquo;Muito material j\u00e1 existe, s\u00f3 queremos organizar e criar um acervo rico e cronol\u00f3gico. Outro ponto importante \u00e9 reunir 20 anos at\u00e9 o momento ganhando materialidade, vida. Essa \u00e9 a proposta principal das entrevistas, da uni\u00e3o e organiza\u00e7\u00e3o das fotografias produzidas durante todo esse tempo&rdquo;, disse.<br \/> <a href=\"http:\/\/www.abrasco.org.br\/noticias\/noticia_int.php?id_noticia=1522\"><br \/> Por Flaviano Quaresma\/ABRASCO<\/a><\/p>\n","protected":false},"excerpt":{"rendered":"<div class=\"mh-excerpt\"><p><img decoding=\"async\" class=\" alignleft size-full wp-image-2051\" alt=\"alt\" src=\"http:\/\/lappis.org.br\/site\/wp-content\/uploads\/2013\/10\/projeto%20memoria.jpg\" style=\"height: 134px; width: 250px; margin: 5px; float: left;\" width=\"420\" height=\"225\" \/>Acervo<strong> <\/strong>reunir\u00e1 em imagens e entrevistas a hist\u00f3ria das Ci\u00eancias Sociais e Humanas em Sa\u00fade, nos \u00faltimos 20 anos.  <a class=\"mh-excerpt-more\" href=\"https:\/\/lappis.org.br\/site\/projeto-memoria\/2052\" title=\"Projeto Mem\u00f3ria\">[&#8230;]<\/a><\/p>\n<\/div>","protected":false},"author":1,"featured_media":2050,"comment_status":"open","ping_status":"open","sticky":false,"template":"","format":"standard","meta":{"_acf_changed":false,"_exactmetrics_skip_tracking":false,"_exactmetrics_sitenote_active":false,"_exactmetrics_sitenote_note":"","_exactmetrics_sitenote_category":0,"jetpack_post_was_ever_published":false,"_jetpack_newsletter_access":"","_jetpack_dont_email_post_to_subs":false,"_jetpack_newsletter_tier_id":0,"_jetpack_memberships_contains_paywalled_content":false,"_jetpack_memberships_contains_paid_content":false,"footnotes":"","jetpack_publicize_message":"","jetpack_publicize_feature_enabled":true,"jetpack_social_post_already_shared":false,"jetpack_social_options":{"image_generator_settings":{"template":"highway","enabled":false},"version":2}},"categories":[8],"tags":[],"class_list":{"0":"post-2052","1":"post","2":"type-post","3":"status-publish","4":"format-standard","5":"has-post-thumbnail","7":"category-noticia"},"jetpack_publicize_connections":[],"acf":[],"yoast_head":"<!-- This site is optimized with the Yoast SEO plugin v25.2 - https:\/\/yoast.com\/wordpress\/plugins\/seo\/ -->\n<title>Projeto Mem\u00f3ria - Lappis 25 anos<\/title>\n<meta name=\"robots\" content=\"index, follow, max-snippet:-1, max-image-preview:large, max-video-preview:-1\" \/>\n<link rel=\"canonical\" href=\"https:\/\/lappis.org.br\/site\/projeto-memoria\/2052\" \/>\n<meta property=\"og:locale\" content=\"pt_BR\" \/>\n<meta property=\"og:type\" content=\"article\" \/>\n<meta property=\"og:title\" content=\"Projeto Mem\u00f3ria - Lappis 25 anos\" \/>\n<meta property=\"og:description\" content=\"Acervo reunir\u00e1 em imagens e entrevistas a hist\u00f3ria das Ci\u00eancias Sociais e Humanas em Sa\u00fade, nos \u00faltimos 20 anos. [...]\" \/>\n<meta property=\"og:url\" content=\"https:\/\/lappis.org.br\/site\/projeto-memoria\/2052\" \/>\n<meta property=\"og:site_name\" content=\"Lappis 25 anos\" \/>\n<meta property=\"article:published_time\" content=\"2013-10-01T19:10:39+00:00\" \/>\n<meta property=\"og:image\" content=\"https:\/\/lappis.org.br\/site\/wp-content\/uploads\/2013\/10\/projeto%20memoria.jpg\" \/>\n\t<meta property=\"og:image:width\" content=\"420\" \/>\n\t<meta property=\"og:image:height\" content=\"225\" \/>\n\t<meta property=\"og:image:type\" content=\"image\/jpeg\" \/>\n<meta name=\"author\" content=\"fw2\" \/>\n<meta name=\"twitter:card\" content=\"summary_large_image\" \/>\n<meta name=\"twitter:label1\" content=\"Escrito por\" \/>\n\t<meta name=\"twitter:data1\" content=\"fw2\" \/>\n\t<meta name=\"twitter:label2\" content=\"Est. tempo de leitura\" \/>\n\t<meta name=\"twitter:data2\" content=\"2 minutos\" \/>\n<script type=\"application\/ld+json\" class=\"yoast-schema-graph\">{\"@context\":\"https:\/\/schema.org\",\"@graph\":[{\"@type\":\"Article\",\"@id\":\"https:\/\/lappis.org.br\/site\/projeto-memoria\/2052#article\",\"isPartOf\":{\"@id\":\"https:\/\/lappis.org.br\/site\/projeto-memoria\/2052\"},\"author\":{\"name\":\"fw2\",\"@id\":\"https:\/\/lappis.org.br\/site\/#\/schema\/person\/3852381d08284b5e2716b20bd89bdbcf\"},\"headline\":\"Projeto Mem\u00f3ria\",\"datePublished\":\"2013-10-01T19:10:39+00:00\",\"mainEntityOfPage\":{\"@id\":\"https:\/\/lappis.org.br\/site\/projeto-memoria\/2052\"},\"wordCount\":329,\"commentCount\":0,\"publisher\":{\"@id\":\"https:\/\/lappis.org.br\/site\/#organization\"},\"image\":{\"@id\":\"https:\/\/lappis.org.br\/site\/projeto-memoria\/2052#primaryimage\"},\"thumbnailUrl\":\"https:\/\/lappis.org.br\/site\/wp-content\/uploads\/2013\/10\/projeto memoria.jpg\",\"articleSection\":[\"Not\u00edcia\"],\"inLanguage\":\"pt-BR\",\"potentialAction\":[{\"@type\":\"CommentAction\",\"name\":\"Comment\",\"target\":[\"https:\/\/lappis.org.br\/site\/projeto-memoria\/2052#respond\"]}]},{\"@type\":\"WebPage\",\"@id\":\"https:\/\/lappis.org.br\/site\/projeto-memoria\/2052\",\"url\":\"https:\/\/lappis.org.br\/site\/projeto-memoria\/2052\",\"name\":\"Projeto Mem\u00f3ria - Lappis 25 anos\",\"isPartOf\":{\"@id\":\"https:\/\/lappis.org.br\/site\/#website\"},\"primaryImageOfPage\":{\"@id\":\"https:\/\/lappis.org.br\/site\/projeto-memoria\/2052#primaryimage\"},\"image\":{\"@id\":\"https:\/\/lappis.org.br\/site\/projeto-memoria\/2052#primaryimage\"},\"thumbnailUrl\":\"https:\/\/lappis.org.br\/site\/wp-content\/uploads\/2013\/10\/projeto memoria.jpg\",\"datePublished\":\"2013-10-01T19:10:39+00:00\",\"breadcrumb\":{\"@id\":\"https:\/\/lappis.org.br\/site\/projeto-memoria\/2052#breadcrumb\"},\"inLanguage\":\"pt-BR\",\"potentialAction\":[{\"@type\":\"ReadAction\",\"target\":[\"https:\/\/lappis.org.br\/site\/projeto-memoria\/2052\"]}]},{\"@type\":\"ImageObject\",\"inLanguage\":\"pt-BR\",\"@id\":\"https:\/\/lappis.org.br\/site\/projeto-memoria\/2052#primaryimage\",\"url\":\"https:\/\/lappis.org.br\/site\/wp-content\/uploads\/2013\/10\/projeto memoria.jpg\",\"contentUrl\":\"https:\/\/lappis.org.br\/site\/wp-content\/uploads\/2013\/10\/projeto memoria.jpg\",\"width\":420,\"height\":225,\"caption\":\"alt\"},{\"@type\":\"BreadcrumbList\",\"@id\":\"https:\/\/lappis.org.br\/site\/projeto-memoria\/2052#breadcrumb\",\"itemListElement\":[{\"@type\":\"ListItem\",\"position\":1,\"name\":\"In\u00edcio\",\"item\":\"https:\/\/lappis.org.br\/site\/\"},{\"@type\":\"ListItem\",\"position\":2,\"name\":\"Projeto Mem\u00f3ria\"}]},{\"@type\":\"WebSite\",\"@id\":\"https:\/\/lappis.org.br\/site\/#website\",\"url\":\"https:\/\/lappis.org.br\/site\/\",\"name\":\"Lappis 25 anos\",\"description\":\"Labotat\u00f3rio de Pesquisas sobre Pr\u00e1ticas de Integralidade em Sa\u00fade\",\"publisher\":{\"@id\":\"https:\/\/lappis.org.br\/site\/#organization\"},\"potentialAction\":[{\"@type\":\"SearchAction\",\"target\":{\"@type\":\"EntryPoint\",\"urlTemplate\":\"https:\/\/lappis.org.br\/site\/?s={search_term_string}\"},\"query-input\":{\"@type\":\"PropertyValueSpecification\",\"valueRequired\":true,\"valueName\":\"search_term_string\"}}],\"inLanguage\":\"pt-BR\"},{\"@type\":\"Organization\",\"@id\":\"https:\/\/lappis.org.br\/site\/#organization\",\"name\":\"Lappis 25 anos\",\"url\":\"https:\/\/lappis.org.br\/site\/\",\"logo\":{\"@type\":\"ImageObject\",\"inLanguage\":\"pt-BR\",\"@id\":\"https:\/\/lappis.org.br\/site\/#\/schema\/logo\/image\/\",\"url\":\"https:\/\/lappis.org.br\/site\/wp-content\/uploads\/2025\/03\/logo-lappis25anos.png\",\"contentUrl\":\"https:\/\/lappis.org.br\/site\/wp-content\/uploads\/2025\/03\/logo-lappis25anos.png\",\"width\":388,\"height\":146,\"caption\":\"Lappis 25 anos\"},\"image\":{\"@id\":\"https:\/\/lappis.org.br\/site\/#\/schema\/logo\/image\/\"}},{\"@type\":\"Person\",\"@id\":\"https:\/\/lappis.org.br\/site\/#\/schema\/person\/3852381d08284b5e2716b20bd89bdbcf\",\"name\":\"fw2\",\"image\":{\"@type\":\"ImageObject\",\"inLanguage\":\"pt-BR\",\"@id\":\"https:\/\/lappis.org.br\/site\/#\/schema\/person\/image\/\",\"url\":\"https:\/\/secure.gravatar.com\/avatar\/c38472c0cdbde82d9b6fcc26adb3779d?s=96&d=mm&r=g\",\"contentUrl\":\"https:\/\/secure.gravatar.com\/avatar\/c38472c0cdbde82d9b6fcc26adb3779d?s=96&d=mm&r=g\",\"caption\":\"fw2\"},\"url\":\"https:\/\/lappis.org.br\/site\/author\/fw2\"}]}<\/script>\n<!-- \/ Yoast SEO plugin. -->","yoast_head_json":{"title":"Projeto Mem\u00f3ria - Lappis 25 anos","robots":{"index":"index","follow":"follow","max-snippet":"max-snippet:-1","max-image-preview":"max-image-preview:large","max-video-preview":"max-video-preview:-1"},"canonical":"https:\/\/lappis.org.br\/site\/projeto-memoria\/2052","og_locale":"pt_BR","og_type":"article","og_title":"Projeto Mem\u00f3ria - Lappis 25 anos","og_description":"Acervo reunir\u00e1 em imagens e entrevistas a hist\u00f3ria das Ci\u00eancias Sociais e Humanas em Sa\u00fade, nos \u00faltimos 20 anos. [...]","og_url":"https:\/\/lappis.org.br\/site\/projeto-memoria\/2052","og_site_name":"Lappis 25 anos","article_published_time":"2013-10-01T19:10:39+00:00","og_image":[{"width":420,"height":225,"url":"https:\/\/lappis.org.br\/site\/wp-content\/uploads\/2013\/10\/projeto memoria.jpg","type":"image\/jpeg"}],"author":"fw2","twitter_card":"summary_large_image","twitter_misc":{"Escrito por":"fw2","Est. tempo de leitura":"2 minutos"},"schema":{"@context":"https:\/\/schema.org","@graph":[{"@type":"Article","@id":"https:\/\/lappis.org.br\/site\/projeto-memoria\/2052#article","isPartOf":{"@id":"https:\/\/lappis.org.br\/site\/projeto-memoria\/2052"},"author":{"name":"fw2","@id":"https:\/\/lappis.org.br\/site\/#\/schema\/person\/3852381d08284b5e2716b20bd89bdbcf"},"headline":"Projeto Mem\u00f3ria","datePublished":"2013-10-01T19:10:39+00:00","mainEntityOfPage":{"@id":"https:\/\/lappis.org.br\/site\/projeto-memoria\/2052"},"wordCount":329,"commentCount":0,"publisher":{"@id":"https:\/\/lappis.org.br\/site\/#organization"},"image":{"@id":"https:\/\/lappis.org.br\/site\/projeto-memoria\/2052#primaryimage"},"thumbnailUrl":"https:\/\/lappis.org.br\/site\/wp-content\/uploads\/2013\/10\/projeto memoria.jpg","articleSection":["Not\u00edcia"],"inLanguage":"pt-BR","potentialAction":[{"@type":"CommentAction","name":"Comment","target":["https:\/\/lappis.org.br\/site\/projeto-memoria\/2052#respond"]}]},{"@type":"WebPage","@id":"https:\/\/lappis.org.br\/site\/projeto-memoria\/2052","url":"https:\/\/lappis.org.br\/site\/projeto-memoria\/2052","name":"Projeto Mem\u00f3ria - Lappis 25 anos","isPartOf":{"@id":"https:\/\/lappis.org.br\/site\/#website"},"primaryImageOfPage":{"@id":"https:\/\/lappis.org.br\/site\/projeto-memoria\/2052#primaryimage"},"image":{"@id":"https:\/\/lappis.org.br\/site\/projeto-memoria\/2052#primaryimage"},"thumbnailUrl":"https:\/\/lappis.org.br\/site\/wp-content\/uploads\/2013\/10\/projeto memoria.jpg","datePublished":"2013-10-01T19:10:39+00:00","breadcrumb":{"@id":"https:\/\/lappis.org.br\/site\/projeto-memoria\/2052#breadcrumb"},"inLanguage":"pt-BR","potentialAction":[{"@type":"ReadAction","target":["https:\/\/lappis.org.br\/site\/projeto-memoria\/2052"]}]},{"@type":"ImageObject","inLanguage":"pt-BR","@id":"https:\/\/lappis.org.br\/site\/projeto-memoria\/2052#primaryimage","url":"https:\/\/lappis.org.br\/site\/wp-content\/uploads\/2013\/10\/projeto memoria.jpg","contentUrl":"https:\/\/lappis.org.br\/site\/wp-content\/uploads\/2013\/10\/projeto memoria.jpg","width":420,"height":225,"caption":"alt"},{"@type":"BreadcrumbList","@id":"https:\/\/lappis.org.br\/site\/projeto-memoria\/2052#breadcrumb","itemListElement":[{"@type":"ListItem","position":1,"name":"In\u00edcio","item":"https:\/\/lappis.org.br\/site\/"},{"@type":"ListItem","position":2,"name":"Projeto Mem\u00f3ria"}]},{"@type":"WebSite","@id":"https:\/\/lappis.org.br\/site\/#website","url":"https:\/\/lappis.org.br\/site\/","name":"Lappis 25 anos","description":"Labotat\u00f3rio de Pesquisas sobre Pr\u00e1ticas de Integralidade em Sa\u00fade","publisher":{"@id":"https:\/\/lappis.org.br\/site\/#organization"},"potentialAction":[{"@type":"SearchAction","target":{"@type":"EntryPoint","urlTemplate":"https:\/\/lappis.org.br\/site\/?s={search_term_string}"},"query-input":{"@type":"PropertyValueSpecification","valueRequired":true,"valueName":"search_term_string"}}],"inLanguage":"pt-BR"},{"@type":"Organization","@id":"https:\/\/lappis.org.br\/site\/#organization","name":"Lappis 25 anos","url":"https:\/\/lappis.org.br\/site\/","logo":{"@type":"ImageObject","inLanguage":"pt-BR","@id":"https:\/\/lappis.org.br\/site\/#\/schema\/logo\/image\/","url":"https:\/\/lappis.org.br\/site\/wp-content\/uploads\/2025\/03\/logo-lappis25anos.png","contentUrl":"https:\/\/lappis.org.br\/site\/wp-content\/uploads\/2025\/03\/logo-lappis25anos.png","width":388,"height":146,"caption":"Lappis 25 anos"},"image":{"@id":"https:\/\/lappis.org.br\/site\/#\/schema\/logo\/image\/"}},{"@type":"Person","@id":"https:\/\/lappis.org.br\/site\/#\/schema\/person\/3852381d08284b5e2716b20bd89bdbcf","name":"fw2","image":{"@type":"ImageObject","inLanguage":"pt-BR","@id":"https:\/\/lappis.org.br\/site\/#\/schema\/person\/image\/","url":"https:\/\/secure.gravatar.com\/avatar\/c38472c0cdbde82d9b6fcc26adb3779d?s=96&d=mm&r=g","contentUrl":"https:\/\/secure.gravatar.com\/avatar\/c38472c0cdbde82d9b6fcc26adb3779d?s=96&d=mm&r=g","caption":"fw2"},"url":"https:\/\/lappis.org.br\/site\/author\/fw2"}]}},"jetpack_featured_media_url":"https:\/\/lappis.org.br\/site\/wp-content\/uploads\/2013\/10\/projeto memoria.jpg","jetpack_shortlink":"https:\/\/wp.me\/p954Nh-x6","jetpack_sharing_enabled":true,"_links":{"self":[{"href":"https:\/\/lappis.org.br\/site\/wp-json\/wp\/v2\/posts\/2052"}],"collection":[{"href":"https:\/\/lappis.org.br\/site\/wp-json\/wp\/v2\/posts"}],"about":[{"href":"https:\/\/lappis.org.br\/site\/wp-json\/wp\/v2\/types\/post"}],"author":[{"embeddable":true,"href":"https:\/\/lappis.org.br\/site\/wp-json\/wp\/v2\/users\/1"}],"replies":[{"embeddable":true,"href":"https:\/\/lappis.org.br\/site\/wp-json\/wp\/v2\/comments?post=2052"}],"version-history":[{"count":0,"href":"https:\/\/lappis.org.br\/site\/wp-json\/wp\/v2\/posts\/2052\/revisions"}],"wp:featuredmedia":[{"embeddable":true,"href":"https:\/\/lappis.org.br\/site\/wp-json\/wp\/v2\/media\/2050"}],"wp:attachment":[{"href":"https:\/\/lappis.org.br\/site\/wp-json\/wp\/v2\/media?parent=2052"}],"wp:term":[{"taxonomy":"category","embeddable":true,"href":"https:\/\/lappis.org.br\/site\/wp-json\/wp\/v2\/categories?post=2052"},{"taxonomy":"post_tag","embeddable":true,"href":"https:\/\/lappis.org.br\/site\/wp-json\/wp\/v2\/tags?post=2052"}],"curies":[{"name":"wp","href":"https:\/\/api.w.org\/{rel}","templated":true}]}}