{"id":2038,"date":"2013-09-27T20:39:19","date_gmt":"2013-09-27T23:39:19","guid":{"rendered":"http:\/\/lappis.org.br\/site\/2013\/09\/27\/seminario-debate-os-25-anos-do-direito-a-saude\/"},"modified":"2013-09-27T20:39:19","modified_gmt":"2013-09-27T23:39:19","slug":"seminario-debate-os-25-anos-do-direito-a-saude","status":"publish","type":"post","link":"https:\/\/lappis.org.br\/site\/seminario-debate-os-25-anos-do-direito-a-saude\/2038","title":{"rendered":"Semin\u00e1rio debate os 25 anos do Direito \u00e0 Sa\u00fade"},"content":{"rendered":"<p><img fetchpriority=\"high\" decoding=\"async\" data-attachment-id=\"2034\" data-permalink=\"https:\/\/lappis.org.br\/site\/seminario-debate-os-25-anos-do-direito-a-saude\/2038\/attachment-alt-86\" data-orig-file=\"https:\/\/lappis.org.br\/site\/wp-content\/uploads\/2013\/09\/seminrio 25 anos 2.jpg\" data-orig-size=\"420,225\" data-comments-opened=\"1\" data-image-meta=\"{&quot;aperture&quot;:&quot;3.2&quot;,&quot;credit&quot;:&quot;&quot;,&quot;camera&quot;:&quot;DSC-HX1&quot;,&quot;caption&quot;:&quot;&quot;,&quot;created_timestamp&quot;:&quot;1310495895&quot;,&quot;copyright&quot;:&quot;&quot;,&quot;focal_length&quot;:&quot;8.7&quot;,&quot;iso&quot;:&quot;400&quot;,&quot;shutter_speed&quot;:&quot;0.0769230769231&quot;,&quot;title&quot;:&quot;&quot;,&quot;orientation&quot;:&quot;0&quot;}\" data-image-title=\"alt\" data-image-description=\"\" data-image-caption=\"\" data-medium-file=\"https:\/\/lappis.org.br\/site\/wp-content\/uploads\/2013\/09\/seminrio 25 anos 2-300x161.jpg\" data-large-file=\"https:\/\/lappis.org.br\/site\/wp-content\/uploads\/2013\/09\/seminrio 25 anos 2.jpg\" class=\" alignleft size-full wp-image-2034\" alt=\"alt\" src=\"http:\/\/lappis.org.br\/site\/wp-content\/uploads\/2013\/09\/seminrio%2025%20anos%202.jpg\" style=\"float: left; height: 134px; width: 250px; margin: 5px;\" width=\"420\" height=\"225\" \/><em>Evento reflete sobre os diferentes arranjos, estrat\u00e9gias, desafios e processos de efetiva\u00e7\u00e3o do direito \u00e0 sa\u00fade no Brasil.<\/em>   <br \/> Com o tema <strong>Integralidade, Responsabilidade e Interdisciplinaridade &ndash; Afinal, do que se trata?<\/strong>,\u00a0teve inicio na manh\u00e3 desta quinta-feira, 26 de setembro, o <strong>Semin\u00e1rio 25 anos do Direito \u00e0 Sa\u00fade<\/strong>, promovido pelo Laborat\u00f3rio de Pesquisas e Pr\u00e1ticas de Integralidade em Sa\u00fade (Lappis).<\/p>\n<p> A palestra de abertura foi proferida pelo desembargador Milton Nobre (TJ\/PA). A primeira mesa-redonda do dia, mediada pela coordenadora do Lappis, Roseni Pinheiro, reuniu: Hesio Cordeiro, um dos pioneiros na constru\u00e7\u00e3o do SUS; Sueli Dallarri, professora titular da Faculdade de Sa\u00fade P\u00fablica da USP; Santinha Tavares, do Conselho Nacional de Sa\u00fade (CNS) e Gustavo Nunes, coordenador da Pol\u00edtica Nacional de Humaniza\u00e7\u00e3o do Minist\u00e9rio da Sa\u00fade (PNH\/MS), para debater sobre os <strong>25 anos de direito \u00e0 sa\u00fade: balan\u00e7os e perspectivas<\/strong>. \u00a0<\/p>\n<p> Nobre discorreu sobre os paradoxos entre o sistema p\u00fablico e privado de sa\u00fade e fez uma an\u00e1lise cr\u00edtica do modelo assistencial brasileiro, ressaltando que n\u00e3o tem como pensar no Sistema \u00danico de Sa\u00fade (SUS) sem pensar na sa\u00fade suplementar, \u00e9 preciso valorizar um e redirecionar o outro.\u00a0 Para o desembargador, apesar de todas as cr\u00edticas e problemas recorrentes, o SUS \u00e9 uma das grandes li\u00e7\u00f5es que o Brasil est\u00e1 dando para o mundo. &#8220;O SUS \u00e9 um exemplo de brasilidade para a humanidade&#8221;, afirma.<\/p>\n<p> <strong>DEBATES &#8211; <\/strong>A primeira mesa redonda come\u00e7ou com a exposi\u00e7\u00e3o de Sueli Dallari, que ressaltou a necessidade de mudan\u00e7as que visam \u00e0 humaniza\u00e7\u00e3o deste processo. &#8220;Temos uma necessidade de amarrar e burocratizar tudo. N\u00e3o estou jogando fora a lei, a representa\u00e7\u00e3o. S\u00f3 que eu tenho que temperar isso. E esse tempero \u00e9 democr\u00e1tico, pois existem as exce\u00e7\u00f5es&#8221;. Uma realidade, que segundo ela, j\u00e1 est\u00e1 avan\u00e7ando positivamente. &#8220;Muitos ju\u00edzes j\u00e1 entendem a import\u00e2ncia da realidade social em suas decis\u00f5es&#8221;, comemora.<\/p>\n<p> <img decoding=\"async\" data-attachment-id=\"2035\" data-permalink=\"https:\/\/lappis.org.br\/site\/seminario-debate-os-25-anos-do-direito-a-saude\/2038\/attachment-alt-87\" data-orig-file=\"https:\/\/lappis.org.br\/site\/wp-content\/uploads\/2013\/09\/seminrio 25 anos 5.jpg\" data-orig-size=\"420,225\" data-comments-opened=\"1\" data-image-meta=\"{&quot;aperture&quot;:&quot;4&quot;,&quot;credit&quot;:&quot;&quot;,&quot;camera&quot;:&quot;DSC-HX1&quot;,&quot;caption&quot;:&quot;&quot;,&quot;created_timestamp&quot;:&quot;1310500736&quot;,&quot;copyright&quot;:&quot;&quot;,&quot;focal_length&quot;:&quot;17.8&quot;,&quot;iso&quot;:&quot;400&quot;,&quot;shutter_speed&quot;:&quot;0.0769230769231&quot;,&quot;title&quot;:&quot;&quot;,&quot;orientation&quot;:&quot;0&quot;}\" data-image-title=\"alt\" data-image-description=\"\" data-image-caption=\"\" data-medium-file=\"https:\/\/lappis.org.br\/site\/wp-content\/uploads\/2013\/09\/seminrio 25 anos 5-300x161.jpg\" data-large-file=\"https:\/\/lappis.org.br\/site\/wp-content\/uploads\/2013\/09\/seminrio 25 anos 5.jpg\" class=\" alignright size-full wp-image-2035\" alt=\"alt\" src=\"http:\/\/lappis.org.br\/site\/wp-content\/uploads\/2013\/09\/seminrio%2025%20anos%205.jpg\" style=\"float: right; height: 134px; width: 250px; margin: 5px;\" width=\"420\" height=\"225\" \/>Hesio Cordeiro falou sobre as ra\u00edzes que deram origem ao SUS e lembrou a import\u00e2ncia da reforma sanitarista na consolida\u00e7\u00e3o do SUS como conhecemos hoje. &ldquo;As diretrizes do SUS, universalidade, integralidade, equidade e regionaliza\u00e7\u00e3o, foram consolidadas durante a reforma sanitarista nos anos 70&rdquo;, lembra. Autor do documento &#8211; &ldquo;<a href=\"http:\/\/bvsms.saude.gov.br\/bvs\/publicacoes\/carta_montes_claros.pdf\" target=\"_blank\">Carta de Montes Claros<\/a>&rdquo;\u00a0&#8211; que deu origem ao SUS, diz que houve uma invers\u00e3ono objetivo original, que \u00a0era a universaliza\u00e7\u00e3o do acesso \u00e0 sa\u00fade, sem privilegiar o lucro e os servi\u00e7os privados. A sa\u00fade suplementar passou a se valer da p\u00fablica, que acabou se tornando suplementar a iniciativa privada. E n\u00e3o o inverso. &ldquo;Precisamos de regulamenta\u00e7\u00f5es que sirvam para o p\u00fablico e para o privado&rdquo;.<\/p>\n<p> Com a palavra, Santinha Tavares levantou quest\u00f5es pertinentes \u00e0 sa\u00fade da mulher, pontuando aspectos como mortalidade materna e aborto inseguro, principalmente em popula\u00e7\u00f5es vulner\u00e1veis. \u00a0&ldquo;N\u00f3s mulheres somos o SUS, mas n\u00e3o temos o SUS&rdquo;, provoca. Para ela, o p\u00fablico e o privado padecem de defeitos semelhantes, porque &ldquo;um, lamentavelmente, imita o outro e isso, sinceramente, n\u00e3o imita a vida&rdquo;, afirma ressaltando que faz a sua cr\u00edtica ao modelo brasileiro e que vai &ldquo;trabalhar para cada vez mais incluir as quest\u00f5es de inequidade na Sa\u00fade&rdquo;.<\/p>\n<p> Finalizando a manh\u00e3 de debates, Gustavo Nunes falou da Pol\u00edtica Nacional de Humaniza\u00e7\u00e3o, apresentando dados e provocando reflex\u00f5es sobre como fazer uma gest\u00e3o mais humanizada do sistema p\u00fablico de Sa\u00fade. &ldquo;No SUS o que dever\u00edamos buscar \u00e9 um servi\u00e7o de sa\u00fade onde o profissional tenha uma horizontalidade com v\u00ednculos naquele atendimento&rdquo;, disse complementando que, ao inv\u00e9s do modelo tradicional, devemos buscar o aprendizado de novos modelos. &ldquo;O SUS faz parte de uma produ\u00e7\u00e3o que aponta para um novo padr\u00e3o de sociabilidade&rdquo;, disse.<\/p>\n<p> <img decoding=\"async\" data-attachment-id=\"2036\" data-permalink=\"https:\/\/lappis.org.br\/site\/seminario-debate-os-25-anos-do-direito-a-saude\/2038\/attachment-alt-88\" data-orig-file=\"https:\/\/lappis.org.br\/site\/wp-content\/uploads\/2013\/09\/seminrio 25 anos 7.jpg\" data-orig-size=\"420,225\" data-comments-opened=\"1\" data-image-meta=\"{&quot;aperture&quot;:&quot;3.2&quot;,&quot;credit&quot;:&quot;&quot;,&quot;camera&quot;:&quot;DSC-HX1&quot;,&quot;caption&quot;:&quot;&quot;,&quot;created_timestamp&quot;:&quot;1310520284&quot;,&quot;copyright&quot;:&quot;&quot;,&quot;focal_length&quot;:&quot;7.6&quot;,&quot;iso&quot;:&quot;400&quot;,&quot;shutter_speed&quot;:&quot;0.0666666666667&quot;,&quot;title&quot;:&quot;&quot;,&quot;orientation&quot;:&quot;0&quot;}\" data-image-title=\"alt\" data-image-description=\"\" data-image-caption=\"\" data-medium-file=\"https:\/\/lappis.org.br\/site\/wp-content\/uploads\/2013\/09\/seminrio 25 anos 7-300x161.jpg\" data-large-file=\"https:\/\/lappis.org.br\/site\/wp-content\/uploads\/2013\/09\/seminrio 25 anos 7.jpg\" class=\" alignleft size-full wp-image-2036\" alt=\"alt\" src=\"http:\/\/lappis.org.br\/site\/wp-content\/uploads\/2013\/09\/seminrio%2025%20anos%207.jpg\" style=\"float: left; height: 134px; width: 250px; margin: 5px;\" width=\"420\" height=\"225\" \/><strong>SEGUNDA PARTE &ndash; <\/strong>Na parte da tarde do Semin\u00e1rio, a mesa-redonda <strong>Sa\u00fade e institui\u00e7\u00f5es jur\u00eddicas e pol\u00edticas,<\/strong> mediada por um dos coordenadores do evento, Felipe Asensi (Lappis\/FGV), reuniu Daniel Giotti de Paula, Procurador da Fazenda Nacional (PFN); Alu\u00edsio Silva professor do Instituto de Sa\u00fade da Comunidade da Universidade Federal Fluminense (ISC\/UFF); e o promotor Glaucio Oshiro, do Minist\u00e9rio P\u00fablico do Acre (MP\/AC).<\/p>\n<p> Para Daniel de Paula, as quest\u00f5es de judicializa\u00e7\u00e3o da sa\u00fade, necessariamente v\u00e3o passar pelo Minist\u00e9rio P\u00fablico. Ele apresentou um panorama sobre o direito \u00e0 sa\u00fade, para refletir qual o papel dos profissionais da sa\u00fade neste debate. &ldquo;A sa\u00fade deixou de ser um favor e passou a ser um direito de todos&rdquo;, disse. Para ele, &ldquo;se a ci\u00eancia puder tudo vamos chegar a um momento em que o estado n\u00e3o vai conseguir cumprir as demandas&rdquo;, provocou, acrescentando que devemos &ldquo;judicializar com cuidado, preferindo demandas quest\u00f5es coletivas, \u00e0s individuais&rdquo;.<\/p>\n<p> Por sua vez, Alu\u00edsio Silva Jr. falou sobre formas de enfrentamento, a partir de iniciativas de racionaliza\u00e7\u00e3o do atendimento das demandas, no Estado do Rio de Janeiro nos \u00faltimos anos, fazendo um paralelo com casos que foram veiculados pela m\u00eddia. Para ele, boa parte da judicializa\u00e7\u00e3o para a padroniza\u00e7\u00e3o de medicamentos no SUS adv\u00e9m das chamadas &ldquo;press\u00f5es especulativas&rdquo; para o aumento da press\u00e3o por cobertura desses novos itens. Alu\u00edsio citou como exemplo mat\u00e9rias sobre esquemas de fraude ou de favorecimento de algumas marcas em que m\u00e9dicos atuaram, resultando em preju\u00edzos aos cofres p\u00fablicos. \u00a0<\/p>\n<p> Glaucio Oshiro finalizou o debate concordando com as coloca\u00e7\u00f5es de Alu\u00edsio e lembrou que, na quest\u00e3o da judicializa\u00e7\u00e3o da sa\u00fade, a demanda por medicamentos padronizados pode esbarrar na influ\u00eancia da propaganda, que fideliza a clientela e faz com que marcas estejam arraigadas no mercado, mesmo quando a qualidade delas n\u00e3o satisfaz a necessidade do paciente. &ldquo;Muitas vezes o pr\u00f3prio paciente pede para que seja prescrita aquela medica\u00e7\u00e3o e isso gera demanda&rdquo;,\u00a0obs <\/p>\n<div> \tervou. Para ele, \u00e9 fundamental que o Minist\u00e9rio P\u00fablico participe destas a\u00e7\u00f5es, &ldquo;j\u00e1 que possui mecanismos e ferramentas extrajudiciais que podem resolver as demandas fora do\u00a0\u00a0mbito do judici\u00e1rio, seguindo ritos legais, como a concilia\u00e7\u00e3o e instaura\u00e7\u00e3o de inqu\u00e9ritos para n\u00e3o judicializar a quest\u00e3o.<img loading=\"lazy\" decoding=\"async\" data-attachment-id=\"2037\" data-permalink=\"https:\/\/lappis.org.br\/site\/seminario-debate-os-25-anos-do-direito-a-saude\/2038\/attachment-alt-89\" data-orig-file=\"https:\/\/lappis.org.br\/site\/wp-content\/uploads\/2013\/09\/seminrio 25 anos 1.jpg\" data-orig-size=\"420,225\" data-comments-opened=\"1\" data-image-meta=\"{&quot;aperture&quot;:&quot;2.8&quot;,&quot;credit&quot;:&quot;&quot;,&quot;camera&quot;:&quot;DSC-HX1&quot;,&quot;caption&quot;:&quot;&quot;,&quot;created_timestamp&quot;:&quot;1310527455&quot;,&quot;copyright&quot;:&quot;&quot;,&quot;focal_length&quot;:&quot;5&quot;,&quot;iso&quot;:&quot;400&quot;,&quot;shutter_speed&quot;:&quot;0.0769230769231&quot;,&quot;title&quot;:&quot;&quot;,&quot;orientation&quot;:&quot;0&quot;}\" data-image-title=\"alt\" data-image-description=\"\" data-image-caption=\"\" data-medium-file=\"https:\/\/lappis.org.br\/site\/wp-content\/uploads\/2013\/09\/seminrio 25 anos 1-300x161.jpg\" data-large-file=\"https:\/\/lappis.org.br\/site\/wp-content\/uploads\/2013\/09\/seminrio 25 anos 1.jpg\" class=\" alignright size-full wp-image-2037\" alt=\"alt\" src=\"http:\/\/lappis.org.br\/site\/wp-content\/uploads\/2013\/09\/seminrio%2025%20anos%201.jpg\" style=\"float: right; height: 134px; width: 250px; margin: 5px;\" width=\"420\" height=\"225\" \/><\/div>\n<div> \t<strong>Lan\u00e7amento de Livro<\/strong> &ndash; No final do Semin\u00e1rio, o Milton Nobre e Ricardo Dias lan\u00e7aram o livro &ldquo;CNJ e os Desafios de efetiva\u00e7\u00e3o do direito \u00e0 sa\u00fade&rdquo; (Editora F\u00f3rum). A obra que re\u00fane artigos cient\u00edficos a judicializa\u00e7\u00e3o da sa\u00fade.<\/div>\n<div>\n<div>\n<p> \t\t\u00a0<\/p><\/div>\n<\/p><\/div>\n","protected":false},"excerpt":{"rendered":"<div class=\"mh-excerpt\"><p><img loading=\"lazy\" decoding=\"async\" class=\" alignleft size-full wp-image-2034\" alt=\"alt\" src=\"http:\/\/lappis.org.br\/site\/wp-content\/uploads\/2013\/09\/seminrio%2025%20anos%202.jpg\" style=\"float: left; height: 134px; width: 250px; margin: 5px;\" width=\"420\" height=\"225\" \/><em>Evento reflete sobre os diferentes arranjos, estrat\u00e9gias, desafios e processos de efetiva\u00e7\u00e3o do direito \u00e0 sa\u00fade no Brasil.<\/em>  <a class=\"mh-excerpt-more\" href=\"https:\/\/lappis.org.br\/site\/seminario-debate-os-25-anos-do-direito-a-saude\/2038\" title=\"Semin\u00e1rio debate os 25 anos do Direito \u00e0 Sa\u00fade\">[&#8230;]<\/a><\/p>\n<\/div>","protected":false},"author":1,"featured_media":2033,"comment_status":"open","ping_status":"open","sticky":false,"template":"","format":"standard","meta":{"_acf_changed":false,"_exactmetrics_skip_tracking":false,"_exactmetrics_sitenote_active":false,"_exactmetrics_sitenote_note":"","_exactmetrics_sitenote_category":0,"jetpack_post_was_ever_published":false,"_jetpack_newsletter_access":"","_jetpack_dont_email_post_to_subs":false,"_jetpack_newsletter_tier_id":0,"_jetpack_memberships_contains_paywalled_content":false,"_jetpack_memberships_contains_paid_content":false,"footnotes":"","jetpack_publicize_message":"","jetpack_publicize_feature_enabled":true,"jetpack_social_post_already_shared":false,"jetpack_social_options":{"image_generator_settings":{"template":"highway","enabled":false},"version":2}},"categories":[8],"tags":[],"class_list":{"0":"post-2038","1":"post","2":"type-post","3":"status-publish","4":"format-standard","5":"has-post-thumbnail","7":"category-noticia"},"jetpack_publicize_connections":[],"acf":[],"yoast_head":"<!-- This site is optimized with the Yoast SEO plugin v25.2 - https:\/\/yoast.com\/wordpress\/plugins\/seo\/ -->\n<title>Semin\u00e1rio debate os 25 anos do Direito \u00e0 Sa\u00fade - Lappis 25 anos<\/title>\n<meta name=\"robots\" content=\"index, follow, max-snippet:-1, max-image-preview:large, max-video-preview:-1\" \/>\n<link rel=\"canonical\" href=\"https:\/\/lappis.org.br\/site\/seminario-debate-os-25-anos-do-direito-a-saude\/2038\" \/>\n<meta property=\"og:locale\" content=\"pt_BR\" \/>\n<meta property=\"og:type\" content=\"article\" \/>\n<meta property=\"og:title\" content=\"Semin\u00e1rio debate os 25 anos do Direito \u00e0 Sa\u00fade - Lappis 25 anos\" \/>\n<meta property=\"og:description\" content=\"Evento reflete sobre os diferentes arranjos, estrat\u00e9gias, desafios e processos de efetiva\u00e7\u00e3o do direito \u00e0 sa\u00fade no Brasil. [...]\" \/>\n<meta property=\"og:url\" content=\"https:\/\/lappis.org.br\/site\/seminario-debate-os-25-anos-do-direito-a-saude\/2038\" \/>\n<meta property=\"og:site_name\" content=\"Lappis 25 anos\" \/>\n<meta property=\"article:published_time\" content=\"2013-09-27T23:39:19+00:00\" \/>\n<meta property=\"og:image\" content=\"https:\/\/lappis.org.br\/site\/wp-content\/uploads\/2013\/09\/seminrio%2025%20anos%202.jpg\" \/>\n\t<meta property=\"og:image:width\" content=\"420\" \/>\n\t<meta property=\"og:image:height\" content=\"225\" \/>\n\t<meta property=\"og:image:type\" content=\"image\/jpeg\" \/>\n<meta name=\"author\" content=\"fw2\" \/>\n<meta name=\"twitter:card\" content=\"summary_large_image\" \/>\n<meta name=\"twitter:label1\" content=\"Escrito por\" \/>\n\t<meta name=\"twitter:data1\" content=\"fw2\" \/>\n\t<meta name=\"twitter:label2\" content=\"Est. tempo de leitura\" \/>\n\t<meta name=\"twitter:data2\" content=\"6 minutos\" \/>\n<script type=\"application\/ld+json\" class=\"yoast-schema-graph\">{\"@context\":\"https:\/\/schema.org\",\"@graph\":[{\"@type\":\"Article\",\"@id\":\"https:\/\/lappis.org.br\/site\/seminario-debate-os-25-anos-do-direito-a-saude\/2038#article\",\"isPartOf\":{\"@id\":\"https:\/\/lappis.org.br\/site\/seminario-debate-os-25-anos-do-direito-a-saude\/2038\"},\"author\":{\"name\":\"fw2\",\"@id\":\"https:\/\/lappis.org.br\/site\/#\/schema\/person\/3852381d08284b5e2716b20bd89bdbcf\"},\"headline\":\"Semin\u00e1rio debate os 25 anos do Direito \u00e0 Sa\u00fade\",\"datePublished\":\"2013-09-27T23:39:19+00:00\",\"mainEntityOfPage\":{\"@id\":\"https:\/\/lappis.org.br\/site\/seminario-debate-os-25-anos-do-direito-a-saude\/2038\"},\"wordCount\":1142,\"commentCount\":0,\"publisher\":{\"@id\":\"https:\/\/lappis.org.br\/site\/#organization\"},\"image\":{\"@id\":\"https:\/\/lappis.org.br\/site\/seminario-debate-os-25-anos-do-direito-a-saude\/2038#primaryimage\"},\"thumbnailUrl\":\"https:\/\/lappis.org.br\/site\/wp-content\/uploads\/2013\/09\/seminrio 25 anos 2.jpg\",\"articleSection\":[\"Not\u00edcia\"],\"inLanguage\":\"pt-BR\",\"potentialAction\":[{\"@type\":\"CommentAction\",\"name\":\"Comment\",\"target\":[\"https:\/\/lappis.org.br\/site\/seminario-debate-os-25-anos-do-direito-a-saude\/2038#respond\"]}]},{\"@type\":\"WebPage\",\"@id\":\"https:\/\/lappis.org.br\/site\/seminario-debate-os-25-anos-do-direito-a-saude\/2038\",\"url\":\"https:\/\/lappis.org.br\/site\/seminario-debate-os-25-anos-do-direito-a-saude\/2038\",\"name\":\"Semin\u00e1rio debate os 25 anos do Direito \u00e0 Sa\u00fade - Lappis 25 anos\",\"isPartOf\":{\"@id\":\"https:\/\/lappis.org.br\/site\/#website\"},\"primaryImageOfPage\":{\"@id\":\"https:\/\/lappis.org.br\/site\/seminario-debate-os-25-anos-do-direito-a-saude\/2038#primaryimage\"},\"image\":{\"@id\":\"https:\/\/lappis.org.br\/site\/seminario-debate-os-25-anos-do-direito-a-saude\/2038#primaryimage\"},\"thumbnailUrl\":\"https:\/\/lappis.org.br\/site\/wp-content\/uploads\/2013\/09\/seminrio 25 anos 2.jpg\",\"datePublished\":\"2013-09-27T23:39:19+00:00\",\"breadcrumb\":{\"@id\":\"https:\/\/lappis.org.br\/site\/seminario-debate-os-25-anos-do-direito-a-saude\/2038#breadcrumb\"},\"inLanguage\":\"pt-BR\",\"potentialAction\":[{\"@type\":\"ReadAction\",\"target\":[\"https:\/\/lappis.org.br\/site\/seminario-debate-os-25-anos-do-direito-a-saude\/2038\"]}]},{\"@type\":\"ImageObject\",\"inLanguage\":\"pt-BR\",\"@id\":\"https:\/\/lappis.org.br\/site\/seminario-debate-os-25-anos-do-direito-a-saude\/2038#primaryimage\",\"url\":\"https:\/\/lappis.org.br\/site\/wp-content\/uploads\/2013\/09\/seminrio 25 anos 2.jpg\",\"contentUrl\":\"https:\/\/lappis.org.br\/site\/wp-content\/uploads\/2013\/09\/seminrio 25 anos 2.jpg\",\"width\":420,\"height\":225,\"caption\":\"alt\"},{\"@type\":\"BreadcrumbList\",\"@id\":\"https:\/\/lappis.org.br\/site\/seminario-debate-os-25-anos-do-direito-a-saude\/2038#breadcrumb\",\"itemListElement\":[{\"@type\":\"ListItem\",\"position\":1,\"name\":\"In\u00edcio\",\"item\":\"https:\/\/lappis.org.br\/site\/\"},{\"@type\":\"ListItem\",\"position\":2,\"name\":\"Semin\u00e1rio debate os 25 anos do Direito \u00e0 Sa\u00fade\"}]},{\"@type\":\"WebSite\",\"@id\":\"https:\/\/lappis.org.br\/site\/#website\",\"url\":\"https:\/\/lappis.org.br\/site\/\",\"name\":\"Lappis 25 anos\",\"description\":\"Labotat\u00f3rio de Pesquisas sobre Pr\u00e1ticas de Integralidade em Sa\u00fade\",\"publisher\":{\"@id\":\"https:\/\/lappis.org.br\/site\/#organization\"},\"potentialAction\":[{\"@type\":\"SearchAction\",\"target\":{\"@type\":\"EntryPoint\",\"urlTemplate\":\"https:\/\/lappis.org.br\/site\/?s={search_term_string}\"},\"query-input\":{\"@type\":\"PropertyValueSpecification\",\"valueRequired\":true,\"valueName\":\"search_term_string\"}}],\"inLanguage\":\"pt-BR\"},{\"@type\":\"Organization\",\"@id\":\"https:\/\/lappis.org.br\/site\/#organization\",\"name\":\"Lappis 25 anos\",\"url\":\"https:\/\/lappis.org.br\/site\/\",\"logo\":{\"@type\":\"ImageObject\",\"inLanguage\":\"pt-BR\",\"@id\":\"https:\/\/lappis.org.br\/site\/#\/schema\/logo\/image\/\",\"url\":\"https:\/\/lappis.org.br\/site\/wp-content\/uploads\/2025\/03\/logo-lappis25anos.png\",\"contentUrl\":\"https:\/\/lappis.org.br\/site\/wp-content\/uploads\/2025\/03\/logo-lappis25anos.png\",\"width\":388,\"height\":146,\"caption\":\"Lappis 25 anos\"},\"image\":{\"@id\":\"https:\/\/lappis.org.br\/site\/#\/schema\/logo\/image\/\"}},{\"@type\":\"Person\",\"@id\":\"https:\/\/lappis.org.br\/site\/#\/schema\/person\/3852381d08284b5e2716b20bd89bdbcf\",\"name\":\"fw2\",\"image\":{\"@type\":\"ImageObject\",\"inLanguage\":\"pt-BR\",\"@id\":\"https:\/\/lappis.org.br\/site\/#\/schema\/person\/image\/\",\"url\":\"https:\/\/secure.gravatar.com\/avatar\/c38472c0cdbde82d9b6fcc26adb3779d?s=96&d=mm&r=g\",\"contentUrl\":\"https:\/\/secure.gravatar.com\/avatar\/c38472c0cdbde82d9b6fcc26adb3779d?s=96&d=mm&r=g\",\"caption\":\"fw2\"},\"url\":\"https:\/\/lappis.org.br\/site\/author\/fw2\"}]}<\/script>\n<!-- \/ Yoast SEO plugin. -->","yoast_head_json":{"title":"Semin\u00e1rio debate os 25 anos do Direito \u00e0 Sa\u00fade - Lappis 25 anos","robots":{"index":"index","follow":"follow","max-snippet":"max-snippet:-1","max-image-preview":"max-image-preview:large","max-video-preview":"max-video-preview:-1"},"canonical":"https:\/\/lappis.org.br\/site\/seminario-debate-os-25-anos-do-direito-a-saude\/2038","og_locale":"pt_BR","og_type":"article","og_title":"Semin\u00e1rio debate os 25 anos do Direito \u00e0 Sa\u00fade - Lappis 25 anos","og_description":"Evento reflete sobre os diferentes arranjos, estrat\u00e9gias, desafios e processos de efetiva\u00e7\u00e3o do direito \u00e0 sa\u00fade no Brasil. [...]","og_url":"https:\/\/lappis.org.br\/site\/seminario-debate-os-25-anos-do-direito-a-saude\/2038","og_site_name":"Lappis 25 anos","article_published_time":"2013-09-27T23:39:19+00:00","og_image":[{"width":420,"height":225,"url":"https:\/\/lappis.org.br\/site\/wp-content\/uploads\/2013\/09\/seminrio 25 anos 2.jpg","type":"image\/jpeg"}],"author":"fw2","twitter_card":"summary_large_image","twitter_misc":{"Escrito por":"fw2","Est. tempo de leitura":"6 minutos"},"schema":{"@context":"https:\/\/schema.org","@graph":[{"@type":"Article","@id":"https:\/\/lappis.org.br\/site\/seminario-debate-os-25-anos-do-direito-a-saude\/2038#article","isPartOf":{"@id":"https:\/\/lappis.org.br\/site\/seminario-debate-os-25-anos-do-direito-a-saude\/2038"},"author":{"name":"fw2","@id":"https:\/\/lappis.org.br\/site\/#\/schema\/person\/3852381d08284b5e2716b20bd89bdbcf"},"headline":"Semin\u00e1rio debate os 25 anos do Direito \u00e0 Sa\u00fade","datePublished":"2013-09-27T23:39:19+00:00","mainEntityOfPage":{"@id":"https:\/\/lappis.org.br\/site\/seminario-debate-os-25-anos-do-direito-a-saude\/2038"},"wordCount":1142,"commentCount":0,"publisher":{"@id":"https:\/\/lappis.org.br\/site\/#organization"},"image":{"@id":"https:\/\/lappis.org.br\/site\/seminario-debate-os-25-anos-do-direito-a-saude\/2038#primaryimage"},"thumbnailUrl":"https:\/\/lappis.org.br\/site\/wp-content\/uploads\/2013\/09\/seminrio 25 anos 2.jpg","articleSection":["Not\u00edcia"],"inLanguage":"pt-BR","potentialAction":[{"@type":"CommentAction","name":"Comment","target":["https:\/\/lappis.org.br\/site\/seminario-debate-os-25-anos-do-direito-a-saude\/2038#respond"]}]},{"@type":"WebPage","@id":"https:\/\/lappis.org.br\/site\/seminario-debate-os-25-anos-do-direito-a-saude\/2038","url":"https:\/\/lappis.org.br\/site\/seminario-debate-os-25-anos-do-direito-a-saude\/2038","name":"Semin\u00e1rio debate os 25 anos do Direito \u00e0 Sa\u00fade - Lappis 25 anos","isPartOf":{"@id":"https:\/\/lappis.org.br\/site\/#website"},"primaryImageOfPage":{"@id":"https:\/\/lappis.org.br\/site\/seminario-debate-os-25-anos-do-direito-a-saude\/2038#primaryimage"},"image":{"@id":"https:\/\/lappis.org.br\/site\/seminario-debate-os-25-anos-do-direito-a-saude\/2038#primaryimage"},"thumbnailUrl":"https:\/\/lappis.org.br\/site\/wp-content\/uploads\/2013\/09\/seminrio 25 anos 2.jpg","datePublished":"2013-09-27T23:39:19+00:00","breadcrumb":{"@id":"https:\/\/lappis.org.br\/site\/seminario-debate-os-25-anos-do-direito-a-saude\/2038#breadcrumb"},"inLanguage":"pt-BR","potentialAction":[{"@type":"ReadAction","target":["https:\/\/lappis.org.br\/site\/seminario-debate-os-25-anos-do-direito-a-saude\/2038"]}]},{"@type":"ImageObject","inLanguage":"pt-BR","@id":"https:\/\/lappis.org.br\/site\/seminario-debate-os-25-anos-do-direito-a-saude\/2038#primaryimage","url":"https:\/\/lappis.org.br\/site\/wp-content\/uploads\/2013\/09\/seminrio 25 anos 2.jpg","contentUrl":"https:\/\/lappis.org.br\/site\/wp-content\/uploads\/2013\/09\/seminrio 25 anos 2.jpg","width":420,"height":225,"caption":"alt"},{"@type":"BreadcrumbList","@id":"https:\/\/lappis.org.br\/site\/seminario-debate-os-25-anos-do-direito-a-saude\/2038#breadcrumb","itemListElement":[{"@type":"ListItem","position":1,"name":"In\u00edcio","item":"https:\/\/lappis.org.br\/site\/"},{"@type":"ListItem","position":2,"name":"Semin\u00e1rio debate os 25 anos do Direito \u00e0 Sa\u00fade"}]},{"@type":"WebSite","@id":"https:\/\/lappis.org.br\/site\/#website","url":"https:\/\/lappis.org.br\/site\/","name":"Lappis 25 anos","description":"Labotat\u00f3rio de Pesquisas sobre Pr\u00e1ticas de Integralidade em Sa\u00fade","publisher":{"@id":"https:\/\/lappis.org.br\/site\/#organization"},"potentialAction":[{"@type":"SearchAction","target":{"@type":"EntryPoint","urlTemplate":"https:\/\/lappis.org.br\/site\/?s={search_term_string}"},"query-input":{"@type":"PropertyValueSpecification","valueRequired":true,"valueName":"search_term_string"}}],"inLanguage":"pt-BR"},{"@type":"Organization","@id":"https:\/\/lappis.org.br\/site\/#organization","name":"Lappis 25 anos","url":"https:\/\/lappis.org.br\/site\/","logo":{"@type":"ImageObject","inLanguage":"pt-BR","@id":"https:\/\/lappis.org.br\/site\/#\/schema\/logo\/image\/","url":"https:\/\/lappis.org.br\/site\/wp-content\/uploads\/2025\/03\/logo-lappis25anos.png","contentUrl":"https:\/\/lappis.org.br\/site\/wp-content\/uploads\/2025\/03\/logo-lappis25anos.png","width":388,"height":146,"caption":"Lappis 25 anos"},"image":{"@id":"https:\/\/lappis.org.br\/site\/#\/schema\/logo\/image\/"}},{"@type":"Person","@id":"https:\/\/lappis.org.br\/site\/#\/schema\/person\/3852381d08284b5e2716b20bd89bdbcf","name":"fw2","image":{"@type":"ImageObject","inLanguage":"pt-BR","@id":"https:\/\/lappis.org.br\/site\/#\/schema\/person\/image\/","url":"https:\/\/secure.gravatar.com\/avatar\/c38472c0cdbde82d9b6fcc26adb3779d?s=96&d=mm&r=g","contentUrl":"https:\/\/secure.gravatar.com\/avatar\/c38472c0cdbde82d9b6fcc26adb3779d?s=96&d=mm&r=g","caption":"fw2"},"url":"https:\/\/lappis.org.br\/site\/author\/fw2"}]}},"jetpack_featured_media_url":"https:\/\/lappis.org.br\/site\/wp-content\/uploads\/2013\/09\/seminrio 25 anos 2.jpg","jetpack_shortlink":"https:\/\/wp.me\/p954Nh-wS","jetpack_sharing_enabled":true,"_links":{"self":[{"href":"https:\/\/lappis.org.br\/site\/wp-json\/wp\/v2\/posts\/2038"}],"collection":[{"href":"https:\/\/lappis.org.br\/site\/wp-json\/wp\/v2\/posts"}],"about":[{"href":"https:\/\/lappis.org.br\/site\/wp-json\/wp\/v2\/types\/post"}],"author":[{"embeddable":true,"href":"https:\/\/lappis.org.br\/site\/wp-json\/wp\/v2\/users\/1"}],"replies":[{"embeddable":true,"href":"https:\/\/lappis.org.br\/site\/wp-json\/wp\/v2\/comments?post=2038"}],"version-history":[{"count":0,"href":"https:\/\/lappis.org.br\/site\/wp-json\/wp\/v2\/posts\/2038\/revisions"}],"wp:featuredmedia":[{"embeddable":true,"href":"https:\/\/lappis.org.br\/site\/wp-json\/wp\/v2\/media\/2033"}],"wp:attachment":[{"href":"https:\/\/lappis.org.br\/site\/wp-json\/wp\/v2\/media?parent=2038"}],"wp:term":[{"taxonomy":"category","embeddable":true,"href":"https:\/\/lappis.org.br\/site\/wp-json\/wp\/v2\/categories?post=2038"},{"taxonomy":"post_tag","embeddable":true,"href":"https:\/\/lappis.org.br\/site\/wp-json\/wp\/v2\/tags?post=2038"}],"curies":[{"name":"wp","href":"https:\/\/api.w.org\/{rel}","templated":true}]}}