{"id":1991,"date":"2013-09-24T13:48:33","date_gmt":"2013-09-24T16:48:33","guid":{"rendered":"http:\/\/lappis.org.br\/site\/2013\/09\/24\/reuniao-da-pesquisa-apoio\/"},"modified":"2017-08-23T10:25:12","modified_gmt":"2017-08-23T13:25:12","slug":"reuniao-da-pesquisa-apoio","status":"publish","type":"post","link":"https:\/\/lappis.org.br\/site\/reuniao-da-pesquisa-apoio\/1991","title":{"rendered":"Pesquisadores discutem metodologia da Pesquisa Apoio"},"content":{"rendered":"<p><img fetchpriority=\"high\" decoding=\"async\" data-attachment-id=\"1990\" data-permalink=\"https:\/\/lappis.org.br\/site\/reuniao-da-pesquisa-apoio\/1991\/attachment-alt-76\" data-orig-file=\"https:\/\/lappis.org.br\/site\/wp-content\/uploads\/2013\/09\/13-09 pesquisa apoio materia.jpg\" data-orig-size=\"419,225\" data-comments-opened=\"1\" data-image-meta=\"{&quot;aperture&quot;:&quot;0&quot;,&quot;credit&quot;:&quot;&quot;,&quot;camera&quot;:&quot;&quot;,&quot;caption&quot;:&quot;&quot;,&quot;created_timestamp&quot;:&quot;0&quot;,&quot;copyright&quot;:&quot;&quot;,&quot;focal_length&quot;:&quot;0&quot;,&quot;iso&quot;:&quot;0&quot;,&quot;shutter_speed&quot;:&quot;0&quot;,&quot;title&quot;:&quot;&quot;,&quot;orientation&quot;:&quot;0&quot;}\" data-image-title=\"alt\" data-image-description=\"\" data-image-caption=\"\" data-medium-file=\"https:\/\/lappis.org.br\/site\/wp-content\/uploads\/2013\/09\/13-09 pesquisa apoio materia-300x161.jpg\" data-large-file=\"https:\/\/lappis.org.br\/site\/wp-content\/uploads\/2013\/09\/13-09 pesquisa apoio materia.jpg\" class=\" alignleft size-full wp-image-1990\" alt=\"alt\" src=\"http:\/\/lappis.org.br\/site\/wp-content\/uploads\/2013\/09\/13-09%20pesquisa%20apoio%20materia.jpg\" style=\"height: 134px; width: 250px; margin: 5px; float: left;\" width=\"419\" height=\"225\" \/><em>Equipe da pesquisa\u00a0Apoio institucional\u00a0realiza encontro para sistematiza\u00e7\u00e3o metodol\u00f3gica do projeto e defini\u00e7\u00e3o de agenda.<\/em><br \/>   Participantes da pesquisa\u00a0<strong>&ldquo;\u00c1reas Program\u00e1ticas e direito \u00e0 sa\u00fade: constru\u00e7\u00e3o da integralidade no contexto do apoio institucional&rdquo;<\/strong>\u00a0estiveram reunidos para sistematizar, compartilhar e definir os pr\u00f3ximos passos do projeto.<\/p>\n<p> A coordenadora do Lappis Roseni Pinheiro, iniciando os trabalhos, apresentou o objetivo do encontro, discutindo os pressupostos te\u00f3ricos e metodol\u00f3gicos pertinentes para a discuss\u00e3o da sistematiza\u00e7\u00e3o da pesquisa apoio. Em seguida, Tatiana Lopes compartilhou a sistematiza\u00e7\u00e3o da banca de sele\u00e7\u00e3o das experi\u00eancias e a ida acampopara conhecera viv\u00eancia de apoio institucional de Aragua\u00edna\/TO, uma das 11 selecionadas. &ldquo;Existe uma grande expectativa do grupo para a continuidade das visitas. O contato j\u00e1 iniciou e os respons\u00e1veis pela inscri\u00e7\u00e3o t\u00eam articulado com a rede local para a ida dos pesquisadores a estas localidades&rdquo;, disse.<\/p>\n<p> Liane Righi, pesquisadora da Universidade Federal de Santa Maria (UFSM), trouxe o relato de apoio institucional que tem sido realizado em Palmeira das Miss\u00f5es\/RS. Ela relatou a sistematiza\u00e7\u00e3o da viv\u00eancia em curso e os referencias da \u00e1rea ambiental que t\u00eam ajudado nessa tarefa. J\u00e1 Gustavo Nunes, coordenador da Pol\u00edtica Nacional de Humaniza\u00e7\u00e3o do Minist\u00e9rio da Sa\u00fade (PNH\/MS), trouxe quest\u00f5es sobre a fun\u00e7\u00e3o apoio e as reflex\u00f5es realizadas por ele no doutorado, sobre a experi\u00eancia de apoio em Vit\u00f3ria\/ES. Para ele, a &ldquo;interven\u00e7\u00e3o de apoio visa mobilizar os vetores de for\u00e7a na experi\u00eancia no sentido de democratiza\u00e7\u00e3o da gest\u00e3o e o modo como a interven\u00e7\u00e3o se forma \u00e9 secund\u00e1ria quando se considera que o objetivo de recomposi\u00e7\u00e3o dos regimes de for\u00e7a estabelecidos na a\u00e7\u00e3o de apoio&rdquo;.<\/p>\n<p> <strong>M\u00e9todo de Pesquisa<\/strong>&#8211; \u00a0No segundo dia, Gustavo Nunes retomou a discuss\u00e3o falando sobre a narrativa como m\u00e9todo de pesquisa. No debate, o grupo considerou a temporalidade de cada experi\u00eancia, mas ressaltou a import\u00e2ncia da compreens\u00e3o de que tais viv\u00eancias ser\u00e3o compartilhadas e n\u00e3o comparadas.\u00a0<\/p>\n<p> Para Tatiana Lopes, pesquisadora do Hospital Sofia Feldman (HSF\/MG), o encontro propiciou que o grupo discutisse quest\u00f5es sobre a sistematiza\u00e7\u00e3o das experi\u00eancias que ainda ser\u00e3o visitadas, o uso da narrativa como possibilidade t\u00e9cnica e metodol\u00f3gica e o uso dessa estrat\u00e9gia na amplia\u00e7\u00e3o da capacidade de an\u00e1lise das experi\u00eancias com as pessoas envolvidas. Outro ponto evidenciado foi como a inser\u00e7\u00e3o da experi\u00eancia na convocat\u00f3ria possibilitou a continuidade e visibilidade das experi\u00eancias na gest\u00e3o dos servi\u00e7os no qual est\u00e3o inseridos.<\/p>\n<p> No final dos dois dias de reuni\u00e3o, os pesquisadores\/as confirmaram a agenda para as pr\u00f3ximas visitas a campo e definiram como pauta para o pr\u00f3ximo encontro, ainda sem data marcada, a &ldquo;continuidade da discuss\u00e3o e compartilhamento das experi\u00eancias e formas de publiciza\u00e7\u00e3o e divulga\u00e7\u00e3o da Pesquisa Apoio&rdquo;.<\/p>\n<p> <strong>ENCONTRO &#8211;\u00a0<\/strong>Estiveram presentes na reuni\u00e3o, realizada nos dias 12 e 13 de setembro de 2013, no Hotel Magic Palace no Rio de Janeiro:\u00a0a coordenadora do Lappis\/IMS\/Uerj Roseni Pinheiro, o coordenador da Pol\u00edtica Nacional de Humaniza\u00e7\u00e3o do Minist\u00e9rio da Sa\u00fade (PNH\/MS) Gustavo Nunes; os\/as pesquisadores\/as, Tatiana Coelho Lopes (HSF), F\u00e1bio Hebert (UFF), Rafael Gomes (Ufes), Lilian Koiffman (UFF), Alo\u00edsio Gomes (UFF), Raphaella Fagundes Daros (Ufes), Jana\u00edna Mariano Cesar (Lappis\/Uerj), Jana\u00edna Cardoso (UnB); o gestor de projetos do Lappis Julio Evo Magro; e os\/as bolsistas de inicia\u00e7\u00e3o cient\u00edfica Gabriel Velloso (Lappis) e Ruani Machado (UFF\/Lappis). Tamb\u00e9m estiveram no encontro Liane Righi (UFSM) e Gilson Saippa (UFF), que est\u00e3o se aproximando da pesquisa.<\/p>\n<p> <strong>A PESQUISA &#8211;<\/strong><strong>&ldquo;\u00c1reas Program\u00e1ticas e direito \u00e0 sa\u00fade: constru\u00e7\u00e3o da integralidade no contexto do apoio institucional&rdquo;<\/strong> quer conhecer e mapear atividades de apoio, mobiliza\u00e7\u00e3o, articula\u00e7\u00e3o, interlocu\u00e7\u00e3o e media\u00e7\u00e3o no \u00e2mbito do Sistema \u00danico de Sa\u00fade (SUS), para tentar conhecer melhor o trabalho do\/a apoiador\/a no territ\u00f3rio nacional e buscar uma compreens\u00e3odos mecanismos de inser\u00e7\u00e3o do apoio.<\/p>\n<p> Para a tabula\u00e7\u00e3o desses dados, a pesquisa ir\u00e1 considerar aspectos como especificidades locais e regionais, desafios da realiza\u00e7\u00e3o do trabalho, garantia do direito humano \u00e0 sa\u00fade e a rela\u00e7\u00e3o entre integralidade e apoio como eixo orientador das atividades e a\u00e7\u00f5es, aproximando as diferentes \u00e1reas program\u00e1ticas e a gest\u00e3o das pol\u00edticas de sa\u00fade.<\/p>\n<p> <em>Leia mais:<\/em><\/p>\n<p> &#8211; <a href=\"http:\/\/lappis.org.br\/site\/novos-desdobramentos-da-pesquisa-apoio-institucional-durante-agosto\/1920\" target=\"_blank\">Pesquisa Apoio Institucional tem desdobramentos em agosto<\/a><br \/> &#8211; <a href=\"http:\/\/lappis.org.br\/site\/lappis-define-proximos-passos-da-pesquisa-apoio\/1853\" target=\"_blank\">Lappis define pr\u00f3ximos passos da pesquisa apoio<\/a><br \/> &#8211; P<a href=\"http:\/\/lappis.org.br\/site\/pesquisadores-avaliam-primeiras-visitas-da-pesquisa-apoio-institucional\/1974\" target=\"_blank\">esquisadores avaliam primeiras visitas da pesquisa Apoio Institucional\u00a0<\/a><\/p>\n","protected":false},"excerpt":{"rendered":"<div class=\"mh-excerpt\"><p><img decoding=\"async\" class=\" alignleft size-full wp-image-1990\" alt=\"alt\" src=\"http:\/\/lappis.org.br\/site\/wp-content\/uploads\/2013\/09\/13-09%20pesquisa%20apoio%20materia.jpg\" style=\"height: 134px; width: 250px; margin: 5px; float: left;\" width=\"419\" height=\"225\" \/><em>Equipe da pesquisa\u00a0Apoio institucional\u00a0realiza encontro para sistematiza\u00e7\u00e3o metodol\u00f3gica do projeto e defini\u00e7\u00e3o de agenda.<\/em><br \/>  <a class=\"mh-excerpt-more\" href=\"https:\/\/lappis.org.br\/site\/reuniao-da-pesquisa-apoio\/1991\" title=\"Pesquisadores discutem metodologia da Pesquisa Apoio\">[&#8230;]<\/a><\/p>\n<\/div>","protected":false},"author":1,"featured_media":1989,"comment_status":"open","ping_status":"open","sticky":false,"template":"","format":"standard","meta":{"_acf_changed":false,"_exactmetrics_skip_tracking":false,"_exactmetrics_sitenote_active":false,"_exactmetrics_sitenote_note":"","_exactmetrics_sitenote_category":0,"jetpack_post_was_ever_published":false,"_jetpack_newsletter_access":"","_jetpack_dont_email_post_to_subs":false,"_jetpack_newsletter_tier_id":0,"_jetpack_memberships_contains_paywalled_content":false,"_jetpack_memberships_contains_paid_content":false,"footnotes":"","jetpack_publicize_message":"","jetpack_publicize_feature_enabled":true,"jetpack_social_post_already_shared":false,"jetpack_social_options":{"image_generator_settings":{"template":"highway","enabled":false},"version":2}},"categories":[8],"tags":[],"class_list":{"0":"post-1991","1":"post","2":"type-post","3":"status-publish","4":"format-standard","5":"has-post-thumbnail","7":"category-noticia"},"jetpack_publicize_connections":[],"acf":[],"yoast_head":"<!-- This site is optimized with the Yoast SEO plugin v25.2 - https:\/\/yoast.com\/wordpress\/plugins\/seo\/ -->\n<title>Pesquisadores discutem metodologia da Pesquisa Apoio - Lappis 25 anos<\/title>\n<meta name=\"robots\" content=\"index, follow, max-snippet:-1, max-image-preview:large, max-video-preview:-1\" \/>\n<link rel=\"canonical\" href=\"https:\/\/lappis.org.br\/site\/reuniao-da-pesquisa-apoio\/1991\" \/>\n<meta property=\"og:locale\" content=\"pt_BR\" \/>\n<meta property=\"og:type\" content=\"article\" \/>\n<meta property=\"og:title\" content=\"Pesquisadores discutem metodologia da Pesquisa Apoio - Lappis 25 anos\" \/>\n<meta property=\"og:description\" content=\"Equipe da pesquisa\u00a0Apoio institucional\u00a0realiza encontro para sistematiza\u00e7\u00e3o metodol\u00f3gica do projeto e defini\u00e7\u00e3o de agenda. [...]\" \/>\n<meta property=\"og:url\" content=\"https:\/\/lappis.org.br\/site\/reuniao-da-pesquisa-apoio\/1991\" \/>\n<meta property=\"og:site_name\" content=\"Lappis 25 anos\" \/>\n<meta property=\"article:published_time\" content=\"2013-09-24T16:48:33+00:00\" \/>\n<meta property=\"article:modified_time\" content=\"2017-08-23T13:25:12+00:00\" \/>\n<meta property=\"og:image\" content=\"https:\/\/lappis.org.br\/site\/wp-content\/uploads\/2013\/09\/13-09%20pesquisa%20apoio%20materia.jpg\" \/>\n\t<meta property=\"og:image:width\" content=\"419\" \/>\n\t<meta property=\"og:image:height\" content=\"225\" \/>\n\t<meta property=\"og:image:type\" content=\"image\/jpeg\" \/>\n<meta name=\"author\" content=\"fw2\" \/>\n<meta name=\"twitter:card\" content=\"summary_large_image\" \/>\n<meta name=\"twitter:label1\" content=\"Escrito por\" \/>\n\t<meta name=\"twitter:data1\" content=\"fw2\" \/>\n\t<meta name=\"twitter:label2\" content=\"Est. tempo de leitura\" \/>\n\t<meta name=\"twitter:data2\" content=\"4 minutos\" \/>\n<script type=\"application\/ld+json\" class=\"yoast-schema-graph\">{\"@context\":\"https:\/\/schema.org\",\"@graph\":[{\"@type\":\"Article\",\"@id\":\"https:\/\/lappis.org.br\/site\/reuniao-da-pesquisa-apoio\/1991#article\",\"isPartOf\":{\"@id\":\"https:\/\/lappis.org.br\/site\/reuniao-da-pesquisa-apoio\/1991\"},\"author\":{\"name\":\"fw2\",\"@id\":\"https:\/\/lappis.org.br\/site\/#\/schema\/person\/3852381d08284b5e2716b20bd89bdbcf\"},\"headline\":\"Pesquisadores discutem metodologia da Pesquisa Apoio\",\"datePublished\":\"2013-09-24T16:48:33+00:00\",\"dateModified\":\"2017-08-23T13:25:12+00:00\",\"mainEntityOfPage\":{\"@id\":\"https:\/\/lappis.org.br\/site\/reuniao-da-pesquisa-apoio\/1991\"},\"wordCount\":812,\"commentCount\":0,\"publisher\":{\"@id\":\"https:\/\/lappis.org.br\/site\/#organization\"},\"image\":{\"@id\":\"https:\/\/lappis.org.br\/site\/reuniao-da-pesquisa-apoio\/1991#primaryimage\"},\"thumbnailUrl\":\"https:\/\/lappis.org.br\/site\/wp-content\/uploads\/2013\/09\/13-09 pesquisa apoio materia.jpg\",\"articleSection\":[\"Not\u00edcia\"],\"inLanguage\":\"pt-BR\",\"potentialAction\":[{\"@type\":\"CommentAction\",\"name\":\"Comment\",\"target\":[\"https:\/\/lappis.org.br\/site\/reuniao-da-pesquisa-apoio\/1991#respond\"]}]},{\"@type\":\"WebPage\",\"@id\":\"https:\/\/lappis.org.br\/site\/reuniao-da-pesquisa-apoio\/1991\",\"url\":\"https:\/\/lappis.org.br\/site\/reuniao-da-pesquisa-apoio\/1991\",\"name\":\"Pesquisadores discutem metodologia da Pesquisa Apoio - Lappis 25 anos\",\"isPartOf\":{\"@id\":\"https:\/\/lappis.org.br\/site\/#website\"},\"primaryImageOfPage\":{\"@id\":\"https:\/\/lappis.org.br\/site\/reuniao-da-pesquisa-apoio\/1991#primaryimage\"},\"image\":{\"@id\":\"https:\/\/lappis.org.br\/site\/reuniao-da-pesquisa-apoio\/1991#primaryimage\"},\"thumbnailUrl\":\"https:\/\/lappis.org.br\/site\/wp-content\/uploads\/2013\/09\/13-09 pesquisa apoio materia.jpg\",\"datePublished\":\"2013-09-24T16:48:33+00:00\",\"dateModified\":\"2017-08-23T13:25:12+00:00\",\"breadcrumb\":{\"@id\":\"https:\/\/lappis.org.br\/site\/reuniao-da-pesquisa-apoio\/1991#breadcrumb\"},\"inLanguage\":\"pt-BR\",\"potentialAction\":[{\"@type\":\"ReadAction\",\"target\":[\"https:\/\/lappis.org.br\/site\/reuniao-da-pesquisa-apoio\/1991\"]}]},{\"@type\":\"ImageObject\",\"inLanguage\":\"pt-BR\",\"@id\":\"https:\/\/lappis.org.br\/site\/reuniao-da-pesquisa-apoio\/1991#primaryimage\",\"url\":\"https:\/\/lappis.org.br\/site\/wp-content\/uploads\/2013\/09\/13-09 pesquisa apoio materia.jpg\",\"contentUrl\":\"https:\/\/lappis.org.br\/site\/wp-content\/uploads\/2013\/09\/13-09 pesquisa apoio materia.jpg\",\"width\":419,\"height\":225,\"caption\":\"alt\"},{\"@type\":\"BreadcrumbList\",\"@id\":\"https:\/\/lappis.org.br\/site\/reuniao-da-pesquisa-apoio\/1991#breadcrumb\",\"itemListElement\":[{\"@type\":\"ListItem\",\"position\":1,\"name\":\"In\u00edcio\",\"item\":\"https:\/\/lappis.org.br\/site\/\"},{\"@type\":\"ListItem\",\"position\":2,\"name\":\"Pesquisadores discutem metodologia da Pesquisa Apoio\"}]},{\"@type\":\"WebSite\",\"@id\":\"https:\/\/lappis.org.br\/site\/#website\",\"url\":\"https:\/\/lappis.org.br\/site\/\",\"name\":\"Lappis 25 anos\",\"description\":\"Labotat\u00f3rio de Pesquisas sobre Pr\u00e1ticas de Integralidade em Sa\u00fade\",\"publisher\":{\"@id\":\"https:\/\/lappis.org.br\/site\/#organization\"},\"potentialAction\":[{\"@type\":\"SearchAction\",\"target\":{\"@type\":\"EntryPoint\",\"urlTemplate\":\"https:\/\/lappis.org.br\/site\/?s={search_term_string}\"},\"query-input\":{\"@type\":\"PropertyValueSpecification\",\"valueRequired\":true,\"valueName\":\"search_term_string\"}}],\"inLanguage\":\"pt-BR\"},{\"@type\":\"Organization\",\"@id\":\"https:\/\/lappis.org.br\/site\/#organization\",\"name\":\"Lappis 25 anos\",\"url\":\"https:\/\/lappis.org.br\/site\/\",\"logo\":{\"@type\":\"ImageObject\",\"inLanguage\":\"pt-BR\",\"@id\":\"https:\/\/lappis.org.br\/site\/#\/schema\/logo\/image\/\",\"url\":\"https:\/\/lappis.org.br\/site\/wp-content\/uploads\/2025\/03\/logo-lappis25anos.png\",\"contentUrl\":\"https:\/\/lappis.org.br\/site\/wp-content\/uploads\/2025\/03\/logo-lappis25anos.png\",\"width\":388,\"height\":146,\"caption\":\"Lappis 25 anos\"},\"image\":{\"@id\":\"https:\/\/lappis.org.br\/site\/#\/schema\/logo\/image\/\"}},{\"@type\":\"Person\",\"@id\":\"https:\/\/lappis.org.br\/site\/#\/schema\/person\/3852381d08284b5e2716b20bd89bdbcf\",\"name\":\"fw2\",\"image\":{\"@type\":\"ImageObject\",\"inLanguage\":\"pt-BR\",\"@id\":\"https:\/\/lappis.org.br\/site\/#\/schema\/person\/image\/\",\"url\":\"https:\/\/secure.gravatar.com\/avatar\/c38472c0cdbde82d9b6fcc26adb3779d?s=96&d=mm&r=g\",\"contentUrl\":\"https:\/\/secure.gravatar.com\/avatar\/c38472c0cdbde82d9b6fcc26adb3779d?s=96&d=mm&r=g\",\"caption\":\"fw2\"},\"url\":\"https:\/\/lappis.org.br\/site\/author\/fw2\"}]}<\/script>\n<!-- \/ Yoast SEO plugin. -->","yoast_head_json":{"title":"Pesquisadores discutem metodologia da Pesquisa Apoio - Lappis 25 anos","robots":{"index":"index","follow":"follow","max-snippet":"max-snippet:-1","max-image-preview":"max-image-preview:large","max-video-preview":"max-video-preview:-1"},"canonical":"https:\/\/lappis.org.br\/site\/reuniao-da-pesquisa-apoio\/1991","og_locale":"pt_BR","og_type":"article","og_title":"Pesquisadores discutem metodologia da Pesquisa Apoio - Lappis 25 anos","og_description":"Equipe da pesquisa\u00a0Apoio institucional\u00a0realiza encontro para sistematiza\u00e7\u00e3o metodol\u00f3gica do projeto e defini\u00e7\u00e3o de agenda. [...]","og_url":"https:\/\/lappis.org.br\/site\/reuniao-da-pesquisa-apoio\/1991","og_site_name":"Lappis 25 anos","article_published_time":"2013-09-24T16:48:33+00:00","article_modified_time":"2017-08-23T13:25:12+00:00","og_image":[{"width":419,"height":225,"url":"https:\/\/lappis.org.br\/site\/wp-content\/uploads\/2013\/09\/13-09 pesquisa apoio materia.jpg","type":"image\/jpeg"}],"author":"fw2","twitter_card":"summary_large_image","twitter_misc":{"Escrito por":"fw2","Est. tempo de leitura":"4 minutos"},"schema":{"@context":"https:\/\/schema.org","@graph":[{"@type":"Article","@id":"https:\/\/lappis.org.br\/site\/reuniao-da-pesquisa-apoio\/1991#article","isPartOf":{"@id":"https:\/\/lappis.org.br\/site\/reuniao-da-pesquisa-apoio\/1991"},"author":{"name":"fw2","@id":"https:\/\/lappis.org.br\/site\/#\/schema\/person\/3852381d08284b5e2716b20bd89bdbcf"},"headline":"Pesquisadores discutem metodologia da Pesquisa Apoio","datePublished":"2013-09-24T16:48:33+00:00","dateModified":"2017-08-23T13:25:12+00:00","mainEntityOfPage":{"@id":"https:\/\/lappis.org.br\/site\/reuniao-da-pesquisa-apoio\/1991"},"wordCount":812,"commentCount":0,"publisher":{"@id":"https:\/\/lappis.org.br\/site\/#organization"},"image":{"@id":"https:\/\/lappis.org.br\/site\/reuniao-da-pesquisa-apoio\/1991#primaryimage"},"thumbnailUrl":"https:\/\/lappis.org.br\/site\/wp-content\/uploads\/2013\/09\/13-09 pesquisa apoio materia.jpg","articleSection":["Not\u00edcia"],"inLanguage":"pt-BR","potentialAction":[{"@type":"CommentAction","name":"Comment","target":["https:\/\/lappis.org.br\/site\/reuniao-da-pesquisa-apoio\/1991#respond"]}]},{"@type":"WebPage","@id":"https:\/\/lappis.org.br\/site\/reuniao-da-pesquisa-apoio\/1991","url":"https:\/\/lappis.org.br\/site\/reuniao-da-pesquisa-apoio\/1991","name":"Pesquisadores discutem metodologia da Pesquisa Apoio - Lappis 25 anos","isPartOf":{"@id":"https:\/\/lappis.org.br\/site\/#website"},"primaryImageOfPage":{"@id":"https:\/\/lappis.org.br\/site\/reuniao-da-pesquisa-apoio\/1991#primaryimage"},"image":{"@id":"https:\/\/lappis.org.br\/site\/reuniao-da-pesquisa-apoio\/1991#primaryimage"},"thumbnailUrl":"https:\/\/lappis.org.br\/site\/wp-content\/uploads\/2013\/09\/13-09 pesquisa apoio materia.jpg","datePublished":"2013-09-24T16:48:33+00:00","dateModified":"2017-08-23T13:25:12+00:00","breadcrumb":{"@id":"https:\/\/lappis.org.br\/site\/reuniao-da-pesquisa-apoio\/1991#breadcrumb"},"inLanguage":"pt-BR","potentialAction":[{"@type":"ReadAction","target":["https:\/\/lappis.org.br\/site\/reuniao-da-pesquisa-apoio\/1991"]}]},{"@type":"ImageObject","inLanguage":"pt-BR","@id":"https:\/\/lappis.org.br\/site\/reuniao-da-pesquisa-apoio\/1991#primaryimage","url":"https:\/\/lappis.org.br\/site\/wp-content\/uploads\/2013\/09\/13-09 pesquisa apoio materia.jpg","contentUrl":"https:\/\/lappis.org.br\/site\/wp-content\/uploads\/2013\/09\/13-09 pesquisa apoio materia.jpg","width":419,"height":225,"caption":"alt"},{"@type":"BreadcrumbList","@id":"https:\/\/lappis.org.br\/site\/reuniao-da-pesquisa-apoio\/1991#breadcrumb","itemListElement":[{"@type":"ListItem","position":1,"name":"In\u00edcio","item":"https:\/\/lappis.org.br\/site\/"},{"@type":"ListItem","position":2,"name":"Pesquisadores discutem metodologia da Pesquisa Apoio"}]},{"@type":"WebSite","@id":"https:\/\/lappis.org.br\/site\/#website","url":"https:\/\/lappis.org.br\/site\/","name":"Lappis 25 anos","description":"Labotat\u00f3rio de Pesquisas sobre Pr\u00e1ticas de Integralidade em Sa\u00fade","publisher":{"@id":"https:\/\/lappis.org.br\/site\/#organization"},"potentialAction":[{"@type":"SearchAction","target":{"@type":"EntryPoint","urlTemplate":"https:\/\/lappis.org.br\/site\/?s={search_term_string}"},"query-input":{"@type":"PropertyValueSpecification","valueRequired":true,"valueName":"search_term_string"}}],"inLanguage":"pt-BR"},{"@type":"Organization","@id":"https:\/\/lappis.org.br\/site\/#organization","name":"Lappis 25 anos","url":"https:\/\/lappis.org.br\/site\/","logo":{"@type":"ImageObject","inLanguage":"pt-BR","@id":"https:\/\/lappis.org.br\/site\/#\/schema\/logo\/image\/","url":"https:\/\/lappis.org.br\/site\/wp-content\/uploads\/2025\/03\/logo-lappis25anos.png","contentUrl":"https:\/\/lappis.org.br\/site\/wp-content\/uploads\/2025\/03\/logo-lappis25anos.png","width":388,"height":146,"caption":"Lappis 25 anos"},"image":{"@id":"https:\/\/lappis.org.br\/site\/#\/schema\/logo\/image\/"}},{"@type":"Person","@id":"https:\/\/lappis.org.br\/site\/#\/schema\/person\/3852381d08284b5e2716b20bd89bdbcf","name":"fw2","image":{"@type":"ImageObject","inLanguage":"pt-BR","@id":"https:\/\/lappis.org.br\/site\/#\/schema\/person\/image\/","url":"https:\/\/secure.gravatar.com\/avatar\/c38472c0cdbde82d9b6fcc26adb3779d?s=96&d=mm&r=g","contentUrl":"https:\/\/secure.gravatar.com\/avatar\/c38472c0cdbde82d9b6fcc26adb3779d?s=96&d=mm&r=g","caption":"fw2"},"url":"https:\/\/lappis.org.br\/site\/author\/fw2"}]}},"jetpack_featured_media_url":"https:\/\/lappis.org.br\/site\/wp-content\/uploads\/2013\/09\/13-09 pesquisa apoio materia.jpg","jetpack_shortlink":"https:\/\/wp.me\/p954Nh-w7","jetpack_sharing_enabled":true,"_links":{"self":[{"href":"https:\/\/lappis.org.br\/site\/wp-json\/wp\/v2\/posts\/1991"}],"collection":[{"href":"https:\/\/lappis.org.br\/site\/wp-json\/wp\/v2\/posts"}],"about":[{"href":"https:\/\/lappis.org.br\/site\/wp-json\/wp\/v2\/types\/post"}],"author":[{"embeddable":true,"href":"https:\/\/lappis.org.br\/site\/wp-json\/wp\/v2\/users\/1"}],"replies":[{"embeddable":true,"href":"https:\/\/lappis.org.br\/site\/wp-json\/wp\/v2\/comments?post=1991"}],"version-history":[{"count":1,"href":"https:\/\/lappis.org.br\/site\/wp-json\/wp\/v2\/posts\/1991\/revisions"}],"predecessor-version":[{"id":3700,"href":"https:\/\/lappis.org.br\/site\/wp-json\/wp\/v2\/posts\/1991\/revisions\/3700"}],"wp:featuredmedia":[{"embeddable":true,"href":"https:\/\/lappis.org.br\/site\/wp-json\/wp\/v2\/media\/1989"}],"wp:attachment":[{"href":"https:\/\/lappis.org.br\/site\/wp-json\/wp\/v2\/media?parent=1991"}],"wp:term":[{"taxonomy":"category","embeddable":true,"href":"https:\/\/lappis.org.br\/site\/wp-json\/wp\/v2\/categories?post=1991"},{"taxonomy":"post_tag","embeddable":true,"href":"https:\/\/lappis.org.br\/site\/wp-json\/wp\/v2\/tags?post=1991"}],"curies":[{"name":"wp","href":"https:\/\/api.w.org\/{rel}","templated":true}]}}