{"id":1035,"date":"2012-07-27T18:13:42","date_gmt":"2012-07-27T21:13:42","guid":{"rendered":"http:\/\/lappis.org.br\/site\/2012\/07\/27\/xii-seminario-formacao-humanizacao-e-cuidado-em-debate\/"},"modified":"2017-08-23T10:24:56","modified_gmt":"2017-08-23T13:24:56","slug":"xii-seminario-formacao-humanizacao-e-cuidado-em-debate","status":"publish","type":"post","link":"https:\/\/lappis.org.br\/site\/xii-seminario-formacao-humanizacao-e-cuidado-em-debate\/1035","title":{"rendered":"XII Semin\u00e1rio: forma\u00e7\u00e3o, humaniza\u00e7\u00e3o e cuidado em debate"},"content":{"rendered":"<p><img fetchpriority=\"high\" decoding=\"async\" data-attachment-id=\"1034\" data-permalink=\"https:\/\/lappis.org.br\/site\/xii-seminario-formacao-humanizacao-e-cuidado-em-debate\/1035\/attachment-ana_auler-jpg\" data-orig-file=\"https:\/\/lappis.org.br\/site\/wp-content\/uploads\/2012\/07\/ana_auler.JPG\" data-orig-size=\"467,350\" data-comments-opened=\"1\" data-image-meta=\"{&quot;aperture&quot;:&quot;0&quot;,&quot;credit&quot;:&quot;&quot;,&quot;camera&quot;:&quot;&quot;,&quot;caption&quot;:&quot;&quot;,&quot;created_timestamp&quot;:&quot;0&quot;,&quot;copyright&quot;:&quot;&quot;,&quot;focal_length&quot;:&quot;0&quot;,&quot;iso&quot;:&quot;0&quot;,&quot;shutter_speed&quot;:&quot;0&quot;,&quot;title&quot;:&quot;&quot;,&quot;orientation&quot;:&quot;0&quot;}\" data-image-title=\"ana_auler.JPG\" data-image-description=\"\" data-image-caption=\"\" data-medium-file=\"https:\/\/lappis.org.br\/site\/wp-content\/uploads\/2012\/07\/ana_auler-300x225.jpg\" data-large-file=\"https:\/\/lappis.org.br\/site\/wp-content\/uploads\/2012\/07\/ana_auler.JPG\" class=\" alignleft size-full wp-image-1034\" alt=\"ana_auler.JPG\" src=\"http:\/\/lappis.org.br\/site\/wp-content\/uploads\/2012\/07\/ana_auler.JPG\" style=\"margin: 5px; float: left; width: 240px; height: 180px; \" width=\"467\" height=\"350\" srcset=\"https:\/\/lappis.org.br\/site\/wp-content\/uploads\/2012\/07\/ana_auler.JPG 467w, https:\/\/lappis.org.br\/site\/wp-content\/uploads\/2012\/07\/ana_auler-300x225.jpg 300w\" sizes=\"(max-width: 467px) 100vw, 467px\" \/>A mesa-redonda &ldquo;Humaniza&ccedil;&atilde;o e Educa&ccedil;&atilde;o Permanente no SUS: itiner&aacute;rios formativos do agir &eacute;tico-pol&iacute;tico no cuidado na sa&uacute;de&rdquo;, que acontece durante o XII Semin&aacute;rio da Integralidade, em agosto, no Acre, vai reunir Ana Heckert (Psicologia\/UFES), Luciana Lustosa (SMS\/Juazeiro), Julio M&uuml;ller (ISC\/UFMT), Douglas Angel (SMS\/Rio Branco) e Ana Auller (Lappis-IMS\/UERJ). Confira a entrevista que pesquisadora Ana Auler (foto) concedeu ao <strong>BoletIN<\/strong> sobre o assunto. &nbsp;<br \/> &nbsp;<br \/> <strong>BoletIN &#8211; O tema do XII Semin&aacute;rio de Integralidade gira em torno da <em>Integralidade sem fronteiras: itiner&aacute;rios formativos, de justi&ccedil;a e de gest&atilde;o na busca por cuidado<\/em>. Como voc&ecirc; v&ecirc; a import&acirc;ncia desse debate para as pr&aacute;ticas de sa&uacute;de coletiva e a elabora&ccedil;&atilde;o de pol&iacute;ticas p&uacute;blicas de sa&uacute;de?<\/strong><br \/> <strong>Ana Auler &#8211;<\/strong> O tema por si s&oacute; j&aacute; aborda tr&ecirc;s ideias-chave: forma&ccedil;&atilde;o, justi&ccedil;a e cuidado. Estas ideias s&atilde;o essenciais para as pol&iacute;ticas p&uacute;blicas de sa&uacute;de e para as pr&aacute;ticas do SUS. Trocar experi&ecirc;ncias e debater sem perder o foco nestes temas &eacute; essencial para n&atilde;o se deixar perder os princ&iacute;pios do SUS que, muitas vezes, parecem esquecidos.<br \/> &nbsp;<br \/> &nbsp;<br \/> <strong>BoletIN &#8211; Durante o Semin&aacute;rio, voc&ecirc; vai estar presente na mesa de debates: &ldquo;Humaniza&ccedil;&atilde;o e Educa&ccedil;&atilde;o Permanente no SUS: itiner&aacute;rios formativos do agir &eacute;tico-pol&iacute;tico no cuidado na sa&uacute;de&rdquo;. Como o tema da humaniza&ccedil;&atilde;o e do cuidado vem sendo exercitado no nosso Sistema &Uacute;nico de Sa&uacute;de? <\/strong><br \/> <strong>Ana Auler &#8211;<\/strong> Como meu tema &eacute; a gest&atilde;o, relaciono a pergunta a ele. A pr&aacute;tica gerencial no SUS, pode-se dizer, n&atilde;o possui a centralidade no usu&aacute;rio e ainda n&atilde;o incorpora os princ&iacute;pios do SUS. Faz-se premente, portanto, a discuss&atilde;o sobre o agir gerencial no sentido de construir espa&ccedil;os de pr&aacute;ticas humanizadas, capazes de ofertar um cuidado que atenda as necessidades do usu&aacute;rio, atrav&eacute;s n&atilde;o somente de tratamento digno, respeitoso com qualidade, mas oferecendo cen&aacute;rios de ensino-aprendizagem para educa&ccedil;&atilde;o permanente em sa&uacute;de, da qual n&atilde;o devem prescindir os pr&oacute;prios gerentes das unidades.<img decoding=\"async\" data-attachment-id=\"816\" data-permalink=\"https:\/\/lappis.org.br\/site\/bem-vindos-ao-xii-seminario-da-integralidade-sp-1757722671\/1056\/attachment-marca_xii_seminario_2-jpg\" data-orig-file=\"https:\/\/lappis.org.br\/site\/wp-content\/uploads\/2012\/03\/marca_XII_seminario_2.jpg\" data-orig-size=\"220,257\" data-comments-opened=\"1\" data-image-meta=\"{&quot;aperture&quot;:&quot;0&quot;,&quot;credit&quot;:&quot;&quot;,&quot;camera&quot;:&quot;&quot;,&quot;caption&quot;:&quot;&quot;,&quot;created_timestamp&quot;:&quot;0&quot;,&quot;copyright&quot;:&quot;&quot;,&quot;focal_length&quot;:&quot;0&quot;,&quot;iso&quot;:&quot;0&quot;,&quot;shutter_speed&quot;:&quot;0&quot;,&quot;title&quot;:&quot;&quot;,&quot;orientation&quot;:&quot;0&quot;}\" data-image-title=\"marca_XII_seminario_2.jpg\" data-image-description=\"\" data-image-caption=\"\" data-medium-file=\"https:\/\/lappis.org.br\/site\/wp-content\/uploads\/2012\/03\/marca_XII_seminario_2.jpg\" data-large-file=\"https:\/\/lappis.org.br\/site\/wp-content\/uploads\/2012\/03\/marca_XII_seminario_2.jpg\" class=\" alignright size-full wp-image-816\" align=\"right\" alt=\"marca_XII_seminario_2.jpg\" height=\"257\" hspace=\"5\" src=\"http:\/\/lappis.org.br\/site\/wp-content\/uploads\/2012\/03\/marca_XII_seminario_2.jpg\" vspace=\"5\" width=\"220\" \/><br \/> &nbsp;<br \/> <strong>BoletIN -. Nesse sentido, como essa discuss&atilde;o que vai acontecer durante o XII Semin&aacute;rio pode contribuir?<\/strong><br \/> <strong>Ana Auler &#8211;<\/strong> De certa forma, pode-se dizer que minha abordagem foge &agrave; maneira mais freq&uuml;ente e convencional com que o tema da gest&atilde;o vem sendo tratado. Estabelecer conex&otilde;es entre trabalho gerencial e a centralidade no usu&aacute;rio &eacute; o desafio a que me proponho nesta mesa, passando obrigatoriamente pelos temas da forma&ccedil;&atilde;o, humaniza&ccedil;&atilde;o e do cuidado.<br \/> &nbsp;<br \/> <strong>BoletIN &#8211; Para concluir, qual sua expectativa para o Semin&aacute;rio deste ano e como avalia esse encontro de profissionais, pesquisadores, gestores e estudantes em sa&uacute;de que vem acontecendo ao longo dos &uacute;ltimos 11 anos?<\/strong><br \/> <strong>Ana Auler &#8211;<\/strong> As expectativas s&atilde;o as melhores poss&iacute;veis, principalmente se considerarmos a oportunidade de um encontro desta natureza na regi&atilde;o norte. Este encontro tem a marca do Lappis que sempre buscou estar pr&oacute;ximo das pr&aacute;ticas e, propriamente, dos servi&ccedil;os de sa&uacute;de, resguardando suas especificidades e particularidades, valorizando e promovendo a riqueza da diversidade. Neste sentido a realiza&ccedil;&atilde;o do semin&aacute;rio no Acre permite abordar as caracter&iacute;sticas espec&iacute;ficas de uma&nbsp; regi&atilde;o riqu&iacute;ssima em diversos aspectos. N&atilde;o tem como dar errado.<br \/> &nbsp;<br \/> <strong>Servi&ccedil;o:<\/strong><br \/> <strong>XII Semin&aacute;rio do Projeto Integralidade<\/strong><br \/> <strong>Data:<\/strong>14 a 17 de agosto de 2012<br \/> <strong>Local:<\/strong>Audit&oacute;rio doHospital das Cl&iacute;nicas do Acre &ndash; Rod BR 364 Km 2 &ndash; Rio Branco (AC)<br \/> <strong>Inscri&ccedil;&otilde;es:<\/strong> <a href=\"http:\/\/lappis.org.br\/site\/inscricao\/2892\">http:\/\/www.lappis.org.br\/site\/inscricao.html<\/a><br \/> Confira&nbsp; a programa&ccedil;&atilde;o completa clicando <a href=\"http:\/\/www.lappis.org.br\/site\/programa.html\">aqui<\/a><\/p>\n","protected":false},"excerpt":{"rendered":"<div class=\"mh-excerpt\"><p><img decoding=\"async\" class=\" alignleft size-full wp-image-1034\" alt=\"ana_auler.JPG\" src=\"http:\/\/lappis.org.br\/site\/wp-content\/uploads\/2012\/07\/ana_auler.JPG\" style=\"margin: 5px; float: left; width: 240px; height: 180px; \" width=\"467\" height=\"350\" srcset=\"https:\/\/lappis.org.br\/site\/wp-content\/uploads\/2012\/07\/ana_auler.JPG 467w, https:\/\/lappis.org.br\/site\/wp-content\/uploads\/2012\/07\/ana_auler-300x225.jpg 300w\" sizes=\"(max-width: 467px) 100vw, 467px\" \/>A mesa-redonda &ldquo;Humaniza&ccedil;&atilde;o e Educa&ccedil;&atilde;o Permanente no SUS: itiner&aacute;rios formativos do agir &eacute;tico-pol&iacute;tico no cuidado na sa&uacute;de&rdquo;, que acontece durante o XII Semin&aacute;rio da Integralidade, em agosto, no Acre, vai reunir Ana Heckert (Psicologia\/UFES), Luciana Lustosa (SMS\/Juazeiro), Julio M&uuml;ller (ISC\/UFMT), Douglas Angel (SMS\/Rio Branco) e Ana Auller (Lappis-IMS\/UERJ). Confira a entrevista que pesquisadora Ana Auler (foto) concedeu ao <strong>BoletIN<\/strong> sobre o assunto. <a class=\"mh-excerpt-more\" href=\"https:\/\/lappis.org.br\/site\/xii-seminario-formacao-humanizacao-e-cuidado-em-debate\/1035\" title=\"XII Semin\u00e1rio: forma\u00e7\u00e3o, humaniza\u00e7\u00e3o e cuidado em debate\">[&#8230;]<\/a><\/p>\n<\/div>","protected":false},"author":1,"featured_media":1034,"comment_status":"open","ping_status":"open","sticky":false,"template":"","format":"standard","meta":{"_acf_changed":false,"_exactmetrics_skip_tracking":false,"_exactmetrics_sitenote_active":false,"_exactmetrics_sitenote_note":"","_exactmetrics_sitenote_category":0,"jetpack_post_was_ever_published":false,"_jetpack_newsletter_access":"","_jetpack_dont_email_post_to_subs":false,"_jetpack_newsletter_tier_id":0,"_jetpack_memberships_contains_paywalled_content":false,"_jetpack_memberships_contains_paid_content":false,"footnotes":"","jetpack_publicize_message":"","jetpack_publicize_feature_enabled":true,"jetpack_social_post_already_shared":false,"jetpack_social_options":{"image_generator_settings":{"template":"highway","enabled":false},"version":2}},"categories":[19],"tags":[314,235,142],"class_list":{"0":"post-1035","1":"post","2":"type-post","3":"status-publish","4":"format-standard","5":"has-post-thumbnail","7":"category-xii-seminario-integralidade-sem-fronteiras","8":"tag-ana-auler","9":"tag-entrevista","10":"tag-xii-seminario"},"jetpack_publicize_connections":[],"acf":[],"yoast_head":"<!-- This site is optimized with the Yoast SEO plugin v25.2 - https:\/\/yoast.com\/wordpress\/plugins\/seo\/ -->\n<title>XII Semin\u00e1rio: forma\u00e7\u00e3o, humaniza\u00e7\u00e3o e cuidado em debate - Lappis 25 anos<\/title>\n<meta name=\"robots\" content=\"index, follow, max-snippet:-1, max-image-preview:large, max-video-preview:-1\" \/>\n<link rel=\"canonical\" href=\"https:\/\/lappis.org.br\/site\/xii-seminario-formacao-humanizacao-e-cuidado-em-debate\/1035\" \/>\n<meta property=\"og:locale\" content=\"pt_BR\" \/>\n<meta property=\"og:type\" content=\"article\" \/>\n<meta property=\"og:title\" content=\"XII Semin\u00e1rio: forma\u00e7\u00e3o, humaniza\u00e7\u00e3o e cuidado em debate - Lappis 25 anos\" \/>\n<meta property=\"og:description\" content=\"A mesa-redonda &ldquo;Humaniza&ccedil;&atilde;o e Educa&ccedil;&atilde;o Permanente no SUS: itiner&aacute;rios formativos do agir &eacute;tico-pol&iacute;tico no cuidado na sa&uacute;de&rdquo;, que acontece durante o XII Semin&aacute;rio da Integralidade, em agosto, no Acre, vai reunir Ana Heckert (Psicologia\/UFES), Luciana Lustosa (SMS\/Juazeiro), Julio M&uuml;ller (ISC\/UFMT), Douglas Angel (SMS\/Rio Branco) e Ana Auller (Lappis-IMS\/UERJ). Confira a entrevista que pesquisadora Ana Auler (foto) concedeu ao BoletIN sobre o assunto. [...]\" \/>\n<meta property=\"og:url\" content=\"https:\/\/lappis.org.br\/site\/xii-seminario-formacao-humanizacao-e-cuidado-em-debate\/1035\" \/>\n<meta property=\"og:site_name\" content=\"Lappis 25 anos\" \/>\n<meta property=\"article:published_time\" content=\"2012-07-27T21:13:42+00:00\" \/>\n<meta property=\"article:modified_time\" content=\"2017-08-23T13:24:56+00:00\" \/>\n<meta property=\"og:image\" content=\"https:\/\/lappis.org.br\/site\/wp-content\/uploads\/2012\/07\/ana_auler.JPG\" \/>\n\t<meta property=\"og:image:width\" content=\"467\" \/>\n\t<meta property=\"og:image:height\" content=\"350\" \/>\n\t<meta property=\"og:image:type\" content=\"image\/jpeg\" \/>\n<meta name=\"author\" content=\"fw2\" \/>\n<meta name=\"twitter:card\" content=\"summary_large_image\" \/>\n<meta name=\"twitter:label1\" content=\"Escrito por\" \/>\n\t<meta name=\"twitter:data1\" content=\"fw2\" \/>\n\t<meta name=\"twitter:label2\" content=\"Est. tempo de leitura\" \/>\n\t<meta name=\"twitter:data2\" content=\"4 minutos\" \/>\n<script type=\"application\/ld+json\" class=\"yoast-schema-graph\">{\"@context\":\"https:\/\/schema.org\",\"@graph\":[{\"@type\":\"Article\",\"@id\":\"https:\/\/lappis.org.br\/site\/xii-seminario-formacao-humanizacao-e-cuidado-em-debate\/1035#article\",\"isPartOf\":{\"@id\":\"https:\/\/lappis.org.br\/site\/xii-seminario-formacao-humanizacao-e-cuidado-em-debate\/1035\"},\"author\":{\"name\":\"fw2\",\"@id\":\"https:\/\/lappis.org.br\/site\/#\/schema\/person\/3852381d08284b5e2716b20bd89bdbcf\"},\"headline\":\"XII Semin\u00e1rio: forma\u00e7\u00e3o, humaniza\u00e7\u00e3o e cuidado em debate\",\"datePublished\":\"2012-07-27T21:13:42+00:00\",\"dateModified\":\"2017-08-23T13:24:56+00:00\",\"mainEntityOfPage\":{\"@id\":\"https:\/\/lappis.org.br\/site\/xii-seminario-formacao-humanizacao-e-cuidado-em-debate\/1035\"},\"wordCount\":749,\"commentCount\":0,\"publisher\":{\"@id\":\"https:\/\/lappis.org.br\/site\/#organization\"},\"image\":{\"@id\":\"https:\/\/lappis.org.br\/site\/xii-seminario-formacao-humanizacao-e-cuidado-em-debate\/1035#primaryimage\"},\"thumbnailUrl\":\"https:\/\/lappis.org.br\/site\/wp-content\/uploads\/2012\/07\/ana_auler.JPG\",\"keywords\":[\"Ana Auler\",\"Entrevista\",\"XII Semin\u00e1rio\"],\"articleSection\":[\"XII Integralidade sem fronteiras\"],\"inLanguage\":\"pt-BR\",\"potentialAction\":[{\"@type\":\"CommentAction\",\"name\":\"Comment\",\"target\":[\"https:\/\/lappis.org.br\/site\/xii-seminario-formacao-humanizacao-e-cuidado-em-debate\/1035#respond\"]}]},{\"@type\":\"WebPage\",\"@id\":\"https:\/\/lappis.org.br\/site\/xii-seminario-formacao-humanizacao-e-cuidado-em-debate\/1035\",\"url\":\"https:\/\/lappis.org.br\/site\/xii-seminario-formacao-humanizacao-e-cuidado-em-debate\/1035\",\"name\":\"XII Semin\u00e1rio: forma\u00e7\u00e3o, humaniza\u00e7\u00e3o e cuidado em debate - Lappis 25 anos\",\"isPartOf\":{\"@id\":\"https:\/\/lappis.org.br\/site\/#website\"},\"primaryImageOfPage\":{\"@id\":\"https:\/\/lappis.org.br\/site\/xii-seminario-formacao-humanizacao-e-cuidado-em-debate\/1035#primaryimage\"},\"image\":{\"@id\":\"https:\/\/lappis.org.br\/site\/xii-seminario-formacao-humanizacao-e-cuidado-em-debate\/1035#primaryimage\"},\"thumbnailUrl\":\"https:\/\/lappis.org.br\/site\/wp-content\/uploads\/2012\/07\/ana_auler.JPG\",\"datePublished\":\"2012-07-27T21:13:42+00:00\",\"dateModified\":\"2017-08-23T13:24:56+00:00\",\"breadcrumb\":{\"@id\":\"https:\/\/lappis.org.br\/site\/xii-seminario-formacao-humanizacao-e-cuidado-em-debate\/1035#breadcrumb\"},\"inLanguage\":\"pt-BR\",\"potentialAction\":[{\"@type\":\"ReadAction\",\"target\":[\"https:\/\/lappis.org.br\/site\/xii-seminario-formacao-humanizacao-e-cuidado-em-debate\/1035\"]}]},{\"@type\":\"ImageObject\",\"inLanguage\":\"pt-BR\",\"@id\":\"https:\/\/lappis.org.br\/site\/xii-seminario-formacao-humanizacao-e-cuidado-em-debate\/1035#primaryimage\",\"url\":\"https:\/\/lappis.org.br\/site\/wp-content\/uploads\/2012\/07\/ana_auler.JPG\",\"contentUrl\":\"https:\/\/lappis.org.br\/site\/wp-content\/uploads\/2012\/07\/ana_auler.JPG\",\"width\":467,\"height\":350,\"caption\":\"ana_auler.JPG\"},{\"@type\":\"BreadcrumbList\",\"@id\":\"https:\/\/lappis.org.br\/site\/xii-seminario-formacao-humanizacao-e-cuidado-em-debate\/1035#breadcrumb\",\"itemListElement\":[{\"@type\":\"ListItem\",\"position\":1,\"name\":\"In\u00edcio\",\"item\":\"https:\/\/lappis.org.br\/site\/\"},{\"@type\":\"ListItem\",\"position\":2,\"name\":\"XII Semin\u00e1rio: forma\u00e7\u00e3o, humaniza\u00e7\u00e3o e cuidado em debate\"}]},{\"@type\":\"WebSite\",\"@id\":\"https:\/\/lappis.org.br\/site\/#website\",\"url\":\"https:\/\/lappis.org.br\/site\/\",\"name\":\"Lappis 25 anos\",\"description\":\"Labotat\u00f3rio de Pesquisas sobre Pr\u00e1ticas de Integralidade em Sa\u00fade\",\"publisher\":{\"@id\":\"https:\/\/lappis.org.br\/site\/#organization\"},\"potentialAction\":[{\"@type\":\"SearchAction\",\"target\":{\"@type\":\"EntryPoint\",\"urlTemplate\":\"https:\/\/lappis.org.br\/site\/?s={search_term_string}\"},\"query-input\":{\"@type\":\"PropertyValueSpecification\",\"valueRequired\":true,\"valueName\":\"search_term_string\"}}],\"inLanguage\":\"pt-BR\"},{\"@type\":\"Organization\",\"@id\":\"https:\/\/lappis.org.br\/site\/#organization\",\"name\":\"Lappis 25 anos\",\"url\":\"https:\/\/lappis.org.br\/site\/\",\"logo\":{\"@type\":\"ImageObject\",\"inLanguage\":\"pt-BR\",\"@id\":\"https:\/\/lappis.org.br\/site\/#\/schema\/logo\/image\/\",\"url\":\"https:\/\/lappis.org.br\/site\/wp-content\/uploads\/2025\/03\/logo-lappis25anos.png\",\"contentUrl\":\"https:\/\/lappis.org.br\/site\/wp-content\/uploads\/2025\/03\/logo-lappis25anos.png\",\"width\":388,\"height\":146,\"caption\":\"Lappis 25 anos\"},\"image\":{\"@id\":\"https:\/\/lappis.org.br\/site\/#\/schema\/logo\/image\/\"}},{\"@type\":\"Person\",\"@id\":\"https:\/\/lappis.org.br\/site\/#\/schema\/person\/3852381d08284b5e2716b20bd89bdbcf\",\"name\":\"fw2\",\"image\":{\"@type\":\"ImageObject\",\"inLanguage\":\"pt-BR\",\"@id\":\"https:\/\/lappis.org.br\/site\/#\/schema\/person\/image\/\",\"url\":\"https:\/\/secure.gravatar.com\/avatar\/c38472c0cdbde82d9b6fcc26adb3779d?s=96&d=mm&r=g\",\"contentUrl\":\"https:\/\/secure.gravatar.com\/avatar\/c38472c0cdbde82d9b6fcc26adb3779d?s=96&d=mm&r=g\",\"caption\":\"fw2\"},\"url\":\"https:\/\/lappis.org.br\/site\/author\/fw2\"}]}<\/script>\n<!-- \/ Yoast SEO plugin. -->","yoast_head_json":{"title":"XII Semin\u00e1rio: forma\u00e7\u00e3o, humaniza\u00e7\u00e3o e cuidado em debate - Lappis 25 anos","robots":{"index":"index","follow":"follow","max-snippet":"max-snippet:-1","max-image-preview":"max-image-preview:large","max-video-preview":"max-video-preview:-1"},"canonical":"https:\/\/lappis.org.br\/site\/xii-seminario-formacao-humanizacao-e-cuidado-em-debate\/1035","og_locale":"pt_BR","og_type":"article","og_title":"XII Semin\u00e1rio: forma\u00e7\u00e3o, humaniza\u00e7\u00e3o e cuidado em debate - Lappis 25 anos","og_description":"A mesa-redonda &ldquo;Humaniza&ccedil;&atilde;o e Educa&ccedil;&atilde;o Permanente no SUS: itiner&aacute;rios formativos do agir &eacute;tico-pol&iacute;tico no cuidado na sa&uacute;de&rdquo;, que acontece durante o XII Semin&aacute;rio da Integralidade, em agosto, no Acre, vai reunir Ana Heckert (Psicologia\/UFES), Luciana Lustosa (SMS\/Juazeiro), Julio M&uuml;ller (ISC\/UFMT), Douglas Angel (SMS\/Rio Branco) e Ana Auller (Lappis-IMS\/UERJ). Confira a entrevista que pesquisadora Ana Auler (foto) concedeu ao BoletIN sobre o assunto. [...]","og_url":"https:\/\/lappis.org.br\/site\/xii-seminario-formacao-humanizacao-e-cuidado-em-debate\/1035","og_site_name":"Lappis 25 anos","article_published_time":"2012-07-27T21:13:42+00:00","article_modified_time":"2017-08-23T13:24:56+00:00","og_image":[{"width":467,"height":350,"url":"https:\/\/lappis.org.br\/site\/wp-content\/uploads\/2012\/07\/ana_auler.JPG","type":"image\/jpeg"}],"author":"fw2","twitter_card":"summary_large_image","twitter_misc":{"Escrito por":"fw2","Est. tempo de leitura":"4 minutos"},"schema":{"@context":"https:\/\/schema.org","@graph":[{"@type":"Article","@id":"https:\/\/lappis.org.br\/site\/xii-seminario-formacao-humanizacao-e-cuidado-em-debate\/1035#article","isPartOf":{"@id":"https:\/\/lappis.org.br\/site\/xii-seminario-formacao-humanizacao-e-cuidado-em-debate\/1035"},"author":{"name":"fw2","@id":"https:\/\/lappis.org.br\/site\/#\/schema\/person\/3852381d08284b5e2716b20bd89bdbcf"},"headline":"XII Semin\u00e1rio: forma\u00e7\u00e3o, humaniza\u00e7\u00e3o e cuidado em debate","datePublished":"2012-07-27T21:13:42+00:00","dateModified":"2017-08-23T13:24:56+00:00","mainEntityOfPage":{"@id":"https:\/\/lappis.org.br\/site\/xii-seminario-formacao-humanizacao-e-cuidado-em-debate\/1035"},"wordCount":749,"commentCount":0,"publisher":{"@id":"https:\/\/lappis.org.br\/site\/#organization"},"image":{"@id":"https:\/\/lappis.org.br\/site\/xii-seminario-formacao-humanizacao-e-cuidado-em-debate\/1035#primaryimage"},"thumbnailUrl":"https:\/\/lappis.org.br\/site\/wp-content\/uploads\/2012\/07\/ana_auler.JPG","keywords":["Ana Auler","Entrevista","XII Semin\u00e1rio"],"articleSection":["XII Integralidade sem fronteiras"],"inLanguage":"pt-BR","potentialAction":[{"@type":"CommentAction","name":"Comment","target":["https:\/\/lappis.org.br\/site\/xii-seminario-formacao-humanizacao-e-cuidado-em-debate\/1035#respond"]}]},{"@type":"WebPage","@id":"https:\/\/lappis.org.br\/site\/xii-seminario-formacao-humanizacao-e-cuidado-em-debate\/1035","url":"https:\/\/lappis.org.br\/site\/xii-seminario-formacao-humanizacao-e-cuidado-em-debate\/1035","name":"XII Semin\u00e1rio: forma\u00e7\u00e3o, humaniza\u00e7\u00e3o e cuidado em debate - Lappis 25 anos","isPartOf":{"@id":"https:\/\/lappis.org.br\/site\/#website"},"primaryImageOfPage":{"@id":"https:\/\/lappis.org.br\/site\/xii-seminario-formacao-humanizacao-e-cuidado-em-debate\/1035#primaryimage"},"image":{"@id":"https:\/\/lappis.org.br\/site\/xii-seminario-formacao-humanizacao-e-cuidado-em-debate\/1035#primaryimage"},"thumbnailUrl":"https:\/\/lappis.org.br\/site\/wp-content\/uploads\/2012\/07\/ana_auler.JPG","datePublished":"2012-07-27T21:13:42+00:00","dateModified":"2017-08-23T13:24:56+00:00","breadcrumb":{"@id":"https:\/\/lappis.org.br\/site\/xii-seminario-formacao-humanizacao-e-cuidado-em-debate\/1035#breadcrumb"},"inLanguage":"pt-BR","potentialAction":[{"@type":"ReadAction","target":["https:\/\/lappis.org.br\/site\/xii-seminario-formacao-humanizacao-e-cuidado-em-debate\/1035"]}]},{"@type":"ImageObject","inLanguage":"pt-BR","@id":"https:\/\/lappis.org.br\/site\/xii-seminario-formacao-humanizacao-e-cuidado-em-debate\/1035#primaryimage","url":"https:\/\/lappis.org.br\/site\/wp-content\/uploads\/2012\/07\/ana_auler.JPG","contentUrl":"https:\/\/lappis.org.br\/site\/wp-content\/uploads\/2012\/07\/ana_auler.JPG","width":467,"height":350,"caption":"ana_auler.JPG"},{"@type":"BreadcrumbList","@id":"https:\/\/lappis.org.br\/site\/xii-seminario-formacao-humanizacao-e-cuidado-em-debate\/1035#breadcrumb","itemListElement":[{"@type":"ListItem","position":1,"name":"In\u00edcio","item":"https:\/\/lappis.org.br\/site\/"},{"@type":"ListItem","position":2,"name":"XII Semin\u00e1rio: forma\u00e7\u00e3o, humaniza\u00e7\u00e3o e cuidado em debate"}]},{"@type":"WebSite","@id":"https:\/\/lappis.org.br\/site\/#website","url":"https:\/\/lappis.org.br\/site\/","name":"Lappis 25 anos","description":"Labotat\u00f3rio de Pesquisas sobre Pr\u00e1ticas de Integralidade em Sa\u00fade","publisher":{"@id":"https:\/\/lappis.org.br\/site\/#organization"},"potentialAction":[{"@type":"SearchAction","target":{"@type":"EntryPoint","urlTemplate":"https:\/\/lappis.org.br\/site\/?s={search_term_string}"},"query-input":{"@type":"PropertyValueSpecification","valueRequired":true,"valueName":"search_term_string"}}],"inLanguage":"pt-BR"},{"@type":"Organization","@id":"https:\/\/lappis.org.br\/site\/#organization","name":"Lappis 25 anos","url":"https:\/\/lappis.org.br\/site\/","logo":{"@type":"ImageObject","inLanguage":"pt-BR","@id":"https:\/\/lappis.org.br\/site\/#\/schema\/logo\/image\/","url":"https:\/\/lappis.org.br\/site\/wp-content\/uploads\/2025\/03\/logo-lappis25anos.png","contentUrl":"https:\/\/lappis.org.br\/site\/wp-content\/uploads\/2025\/03\/logo-lappis25anos.png","width":388,"height":146,"caption":"Lappis 25 anos"},"image":{"@id":"https:\/\/lappis.org.br\/site\/#\/schema\/logo\/image\/"}},{"@type":"Person","@id":"https:\/\/lappis.org.br\/site\/#\/schema\/person\/3852381d08284b5e2716b20bd89bdbcf","name":"fw2","image":{"@type":"ImageObject","inLanguage":"pt-BR","@id":"https:\/\/lappis.org.br\/site\/#\/schema\/person\/image\/","url":"https:\/\/secure.gravatar.com\/avatar\/c38472c0cdbde82d9b6fcc26adb3779d?s=96&d=mm&r=g","contentUrl":"https:\/\/secure.gravatar.com\/avatar\/c38472c0cdbde82d9b6fcc26adb3779d?s=96&d=mm&r=g","caption":"fw2"},"url":"https:\/\/lappis.org.br\/site\/author\/fw2"}]}},"jetpack_featured_media_url":"https:\/\/lappis.org.br\/site\/wp-content\/uploads\/2012\/07\/ana_auler.JPG","jetpack_shortlink":"https:\/\/wp.me\/p954Nh-gH","jetpack_sharing_enabled":true,"_links":{"self":[{"href":"https:\/\/lappis.org.br\/site\/wp-json\/wp\/v2\/posts\/1035"}],"collection":[{"href":"https:\/\/lappis.org.br\/site\/wp-json\/wp\/v2\/posts"}],"about":[{"href":"https:\/\/lappis.org.br\/site\/wp-json\/wp\/v2\/types\/post"}],"author":[{"embeddable":true,"href":"https:\/\/lappis.org.br\/site\/wp-json\/wp\/v2\/users\/1"}],"replies":[{"embeddable":true,"href":"https:\/\/lappis.org.br\/site\/wp-json\/wp\/v2\/comments?post=1035"}],"version-history":[{"count":1,"href":"https:\/\/lappis.org.br\/site\/wp-json\/wp\/v2\/posts\/1035\/revisions"}],"predecessor-version":[{"id":3622,"href":"https:\/\/lappis.org.br\/site\/wp-json\/wp\/v2\/posts\/1035\/revisions\/3622"}],"wp:featuredmedia":[{"embeddable":true,"href":"https:\/\/lappis.org.br\/site\/wp-json\/wp\/v2\/media\/1034"}],"wp:attachment":[{"href":"https:\/\/lappis.org.br\/site\/wp-json\/wp\/v2\/media?parent=1035"}],"wp:term":[{"taxonomy":"category","embeddable":true,"href":"https:\/\/lappis.org.br\/site\/wp-json\/wp\/v2\/categories?post=1035"},{"taxonomy":"post_tag","embeddable":true,"href":"https:\/\/lappis.org.br\/site\/wp-json\/wp\/v2\/tags?post=1035"}],"curies":[{"name":"wp","href":"https:\/\/api.w.org\/{rel}","templated":true}]}}